{"id":162179,"date":"2025-11-23T14:28:11","date_gmt":"2025-11-23T14:28:11","guid":{"rendered":"https:\/\/www.europesays.com\/pt\/162179\/"},"modified":"2025-11-23T14:28:11","modified_gmt":"2025-11-23T14:28:11","slug":"fc-porto-b-atira-benfica-b-para-o-fundo-da-liga-2","status":"publish","type":"post","link":"https:\/\/www.europesays.com\/pt\/162179\/","title":{"rendered":"FC Porto B atira Benfica B para o fundo da Liga 2"},"content":{"rendered":"<p>Come\u00e7ou mal, mas o <a target=\"_blank\" class=\"editor-link autolink-enabled\" href=\"https:\/\/www.abola.pt\/futebol\/fc-porto-b-2942\" data-resource-id=\"2942\" data-resource-type=\"team\" data-sport=\"football\" rel=\"nofollow noopener\">FC Porto B<\/a> atravessa agora o melhor momento da \u00e9poca. A vit\u00f3ria deste domingo, por 1-0, no Olival, sobre o <a target=\"_blank\" class=\"editor-link autolink-enabled\" href=\"https:\/\/www.abola.pt\/futebol\/portimonense-3466\" data-resource-id=\"3466\" data-resource-type=\"team\" data-sport=\"football\" rel=\"nofollow noopener\">Portimonense<\/a>, atirou o <a target=\"_blank\" class=\"editor-link autolink-enabled\" href=\"https:\/\/www.abola.pt\/futebol\/benfica-450\" data-resource-id=\"450\" data-resource-type=\"team\" data-sport=\"football\" rel=\"nofollow noopener\">Benfica B<\/a> para o \u00faltimo lugar da <a class=\"autolink-enabled\" data-resource-id=\"111\" data-resource-type=\"competition\" data-sport=\"football\" href=\"https:\/\/www.abola.pt\/futebol\/competicao\/liga-portugal-2-meu-super-111\" rel=\"nofollow noopener\" target=\"_blank\">Liga 2<\/a>.<\/p>\n<p>Com Francesco Farioli na bancada, a forma\u00e7\u00e3o orientada por Jo\u00e3o Brand\u00e3o entrou melhor, neste jogo em atraso da jornada 10, e teve as primeiras oportunidades.<\/p>\n<p>Aos 13&#8242;, o Portimonense respondeu, com <a target=\"_blank\" class=\"editor-link autolink-enabled\" href=\"https:\/\/www.abola.pt\/futebol\/jogador\/samuel-lobato-272313\" data-resource-id=\"272313\" data-resource-type=\"player\" data-sport=\"football\" rel=\"nofollow noopener\">Samuel Lobato<\/a> a obrigar <a target=\"_blank\" class=\"editor-link autolink-enabled\" href=\"https:\/\/www.abola.pt\/futebol\/jogador\/joao-costa-42737\" data-resource-id=\"42737\" data-resource-type=\"player\" data-sport=\"football\" rel=\"nofollow noopener\">Jo\u00e3o Costa<\/a> a aplicar-se. A experi\u00eancia e qualidade do terceiro guarda-redes da equipa principal dos drag\u00f5es parece estar a fazer bem aos b\u00eas do FC Porto: ainda s\u00f3 ganharam quando o ex-<a target=\"_blank\" class=\"editor-link autolink-enabled\" href=\"https:\/\/www.abola.pt\/futebol\/estrela-da-amadora-21677\" data-resource-id=\"21677\" data-resource-type=\"team\" data-sport=\"football\" rel=\"nofollow noopener\">Estrela da Amadora<\/a> veio jogar (e sempre sem sofrer golos).<\/p>\n<p>No primeiro tempo, o jogo foi muito amarrado, com as duas equipas a conseguirem chegar algumas vezes \u00e0 baliza advers\u00e1ria, sem, no entanto, criarem grande perigo.<\/p>\n<p>A segunda parte j\u00e1 foi diferente. O FC Porto B marcou logo a abrir, pela cabe\u00e7a de <a target=\"_blank\" class=\"editor-link autolink-enabled\" href=\"https:\/\/www.abola.pt\/futebol\/jogador\/leonardo-vonic-249826\" data-resource-id=\"249826\" data-resource-type=\"player\" data-sport=\"football\" rel=\"nofollow noopener\">Leonardo Vonic<\/a>. Os azuis e brancos conseguiram partir para o ataque, circulando a bola com muita rapidez, no seu meio campo ofensivo. Quando a redondinha chegou ao lado direito, <a target=\"_blank\" class=\"editor-link autolink-enabled\" href=\"https:\/\/www.abola.pt\/futebol\/jogador\/pedro-lima-304864\" data-resource-id=\"304864\" data-resource-type=\"player\" data-sport=\"football\" rel=\"nofollow noopener\">Pedro Lima<\/a> tirou um belo cruzamento para a \u00e1rea e o avan\u00e7ado alem\u00e3o n\u00e3o vacilou.<\/p>\n<p>Aos 55&#8242;, <a class=\"autolink-enabled\" data-resource-id=\"265406\" data-resource-type=\"player\" data-sport=\"football\" href=\"https:\/\/www.abola.pt\/futebol\/jogador\/angel-alarcon-265406\" rel=\"nofollow noopener\" target=\"_blank\">\u00c1ngel Alarc\u00f3n<\/a> serviu <a class=\"autolink-enabled\" data-resource-id=\"5773\" data-resource-type=\"player\" data-sport=\"football\" href=\"https:\/\/www.abola.pt\/futebol\/jogador\/yann-karamoh-5773\" rel=\"nofollow noopener\" target=\"_blank\">Karamoh<\/a> na \u00e1rea para fazer o 2-0; mas, no frente a frente com Maycon, o guarda-redes do Portimonense foi superior e defendeu para canto.<\/p>\n<p>A primeira grande oportunidade do Portimonense no segundo tempo surgiu atrav\u00e9s de um livre lateral, ao minuto 62. Mas Grolli, sozinho na \u00e1rea para cabecear, n\u00e3o conseguiu sequer acertar na bola.<\/p>\n<p>Em novo contra-ataque, aos 76 minutos, o FC Porto B voltou a estar muito perto do 2-0. <a target=\"_blank\" class=\"editor-link autolink-enabled\" href=\"https:\/\/www.abola.pt\/futebol\/jogador\/trofim-melnichenko-299510\" data-resource-id=\"299510\" data-resource-type=\"player\" data-sport=\"football\" rel=\"nofollow noopener\">Melnichenko<\/a> isolou-se e tirou o guarda-redes do caminho. S\u00f3 que tais trabalhos deram tempo para a chegada dos defesas algarvios; e Grolli conseguiu cortar o remate do bielorrusso, quase em cima da linha de golo.<\/p>\n<p>Aos 90&#8242;, Melnichenko teve outra oportunidade para fechar o jogo, ao aparecer no cora\u00e7\u00e3o da \u00e1rea para finalizar, depois um cruzamento rasteiro pela direita; mas n\u00e3o conseguiu chegar \u00e0 bola.<\/p>\n<p>Ap\u00f3s o golo, o FC Porto B soube gerir o jogo, perante um Portimonense incapaz de se fixar perto da \u00e1rea portista e ferir o advers\u00e1rio.<\/p>\n<p>Os algarvios confirmam o pior momento da \u00e9poca (n\u00e3o vencem h\u00e1 seis jogos, desde o final de setembro), agravada pela greve que os jogadores fizeram na semana passada, em protesto contra sal\u00e1rios em atraso.<\/p>\n<p>Por outro lado, o FC Porto B nunca esteve t\u00e3o bem: chegou, pela primeira vez, \u00e0s duas vit\u00f3rias consecutivas; e leva tr\u00eas vit\u00f3rias nos \u00faltimos quatro jogos. Al\u00e9m disso, conseguiu sair do fundo da tabela, estando agora em igualdade pontual (11 pontos), com <a class=\"autolink-enabled\" data-resource-id=\"5644\" data-resource-type=\"team\" data-sport=\"football\" href=\"https:\/\/www.abola.pt\/futebol\/lusitania-de-lourosa-5644\" rel=\"nofollow noopener\" target=\"_blank\">Lusit\u00e2nia de Lourosa<\/a> e <a class=\"autolink-enabled\" data-resource-id=\"458\" data-resource-type=\"team\" data-sport=\"football\" href=\"https:\/\/www.abola.pt\/futebol\/pacos-de-ferreira-458\" rel=\"nofollow noopener\" target=\"_blank\">Pa\u00e7os de Ferreira<\/a>. O <a class=\"autolink-enabled\" data-resource-id=\"450\" data-resource-type=\"team\" data-sport=\"football\" href=\"https:\/\/www.abola.pt\/futebol\/benfica-450\" rel=\"nofollow noopener\" target=\"_blank\">Benfica<\/a> B \u00e9 agora \u00faltimo com 10.<\/p>\n","protected":false},"excerpt":{"rendered":"Come\u00e7ou mal, mas o FC Porto B atravessa agora o melhor momento da \u00e9poca. A vit\u00f3ria deste domingo,&hellip;\n","protected":false},"author":2,"featured_media":162180,"comment_status":"","ping_status":"","sticky":false,"template":"","format":"standard","meta":{"footnotes":""},"categories":[87],"tags":[135,32,33,134],"class_list":{"0":"post-162179","1":"post","2":"type-post","3":"status-publish","4":"format-standard","5":"has-post-thumbnail","7":"category-desporto","8":"tag-desporto","9":"tag-portugal","10":"tag-pt","11":"tag-sports"},"share_on_mastodon":{"url":"https:\/\/pubeurope.com\/@pt\/115599488014852368","error":""},"_links":{"self":[{"href":"https:\/\/www.europesays.com\/pt\/wp-json\/wp\/v2\/posts\/162179","targetHints":{"allow":["GET"]}}],"collection":[{"href":"https:\/\/www.europesays.com\/pt\/wp-json\/wp\/v2\/posts"}],"about":[{"href":"https:\/\/www.europesays.com\/pt\/wp-json\/wp\/v2\/types\/post"}],"author":[{"embeddable":true,"href":"https:\/\/www.europesays.com\/pt\/wp-json\/wp\/v2\/users\/2"}],"replies":[{"embeddable":true,"href":"https:\/\/www.europesays.com\/pt\/wp-json\/wp\/v2\/comments?post=162179"}],"version-history":[{"count":0,"href":"https:\/\/www.europesays.com\/pt\/wp-json\/wp\/v2\/posts\/162179\/revisions"}],"wp:featuredmedia":[{"embeddable":true,"href":"https:\/\/www.europesays.com\/pt\/wp-json\/wp\/v2\/media\/162180"}],"wp:attachment":[{"href":"https:\/\/www.europesays.com\/pt\/wp-json\/wp\/v2\/media?parent=162179"}],"wp:term":[{"taxonomy":"category","embeddable":true,"href":"https:\/\/www.europesays.com\/pt\/wp-json\/wp\/v2\/categories?post=162179"},{"taxonomy":"post_tag","embeddable":true,"href":"https:\/\/www.europesays.com\/pt\/wp-json\/wp\/v2\/tags?post=162179"}],"curies":[{"name":"wp","href":"https:\/\/api.w.org\/{rel}","templated":true}]}}