{"id":162205,"date":"2025-11-23T14:51:10","date_gmt":"2025-11-23T14:51:10","guid":{"rendered":"https:\/\/www.europesays.com\/pt\/162205\/"},"modified":"2025-11-23T14:51:10","modified_gmt":"2025-11-23T14:51:10","slug":"filha-de-neymar-jr-e-bruna-biancardi-esbanja-fofura-em-1a-viagem-internacional","status":"publish","type":"post","link":"https:\/\/www.europesays.com\/pt\/162205\/","title":{"rendered":"Filha de Neymar Jr e Bruna Biancardi esbanja fofura em 1\u00aa viagem internacional"},"content":{"rendered":"<p><a href=\"https:\/\/caras.com.br\/tags\/bruna-biancardi\" rel=\"nofollow noopener\" target=\"_blank\"><strong>Bruna Biancardi<\/strong><\/a> revelou aos seguidores no \u00faltimo s\u00e1bado, 22, que passar\u00e1 uma temporada fora do Brasil! Desta vez, a influenciadora digital desembarcou em Barcelona, na Espanha, junto com as duas filhas: <a href=\"https:\/\/caras.com.br\/tags\/mavie\" rel=\"nofollow noopener\" target=\"_blank\"><strong>Mavie<\/strong><\/a>, de 2 anos, e<a href=\"https:\/\/caras.com.br\/tags\/mel\" rel=\"nofollow noopener\" target=\"_blank\"><strong> Mel<\/strong><\/a>, de 4 meses, frutos do casamento com <a href=\"https:\/\/caras.com.br\/tags\/neymar-jr_1\" rel=\"nofollow noopener\" target=\"_blank\"><strong>Neymar Jr<\/strong><\/a>.<\/p>\n<p>O passeio do trio, inclusive, marca a primeira viagem internacional da pequena Mel, que chegou ao mundo em julho deste ano. Por meio das redes sociais, Bruna compartilhou alguns registros de sua chegada ao pa\u00eds com as herdeiras.<\/p>\n<p>Nas imagens, \u00e9 poss\u00edvel notar a alegria de Mavie brincando com outros amiguinhos. Mel tamb\u00e9m roubou a cena em um dos cliques. Usando um macac\u00e3o branco e uma touca cinza para se proteger do frio, a ca\u00e7ula dos famosos esbanjou fofura ao ser fotografada no colo da influenciadora.<\/p>\n<p>Na legenda da publica\u00e7\u00e3o, a esposa de Neymar Jr contou detalhes de como foi o primeiro dia fora de casa: \u201cBarcelona dia 1: Quem v\u00ea essas fotos n\u00e3o imagina o caos que foi hoje kkk Aquele dia que voc\u00ea lembra que a programa\u00e7\u00e3o sempre muda quando estamos viajando com crian\u00e7as\u2026 O fuso bateu, misturado com birra e um pouquinho de gripe\u2026\u201c, iniciou ela.<\/p>\n<p>\u201cO resultado foi: n\u00e3o fizemos nem metade do que hav\u00edamos planejado e terminamos nossa noite pedindo delivery no quarto do hotel. Amanh\u00e3 \u00e9 um novo dia, volto com atualiza\u00e7\u00f5es kkk\u201c, completou Bruna Biancardi.<\/p>\n<p>Neymar Jr, que ficou no Brasil devido aos compromissos profissionais, deixou uma mensagem carinhosa nos coment\u00e1rios da postagem da esposa: \u201cSaudade j\u00e1\u201c, escreveu o jogador de futebol, acrescentando um emoji de cora\u00e7\u00e3o vermelho.<\/p>\n<p><strong>Veja as fotos de Bruna Biancardi com as filhas em Barcelona:<\/strong><\/p>\n<p> <img loading=\"lazy\" decoding=\"async\" class=\"size-full wp-image-1034870 img-fluid lazy\" alt=\"Bruna Biancardi e Mel em Barcelona - Foto: Reprodu\u00e7\u00e3o \/ Instagram @brunabiancardi \" width=\"1080\" height=\"1440\" src=\"https:\/\/www.europesays.com\/pt\/wp-content\/uploads\/2025\/11\/mel-bruna-biancardi.jpg\"  \/>Bruna Biancardi e Mel em Barcelona \u2013 Foto: Reprodu\u00e7\u00e3o \/ Instagram @brunabiancardi <img loading=\"lazy\" decoding=\"async\" class=\"size-full wp-image-1034869 img-fluid lazy\" alt=\"Bruna Biancardi em Barcelona - Foto: Reprodu\u00e7\u00e3o \/ Instagram @brunabiancardi \" width=\"1080\" height=\"1440\" src=\"https:\/\/www.europesays.com\/pt\/wp-content\/uploads\/2025\/11\/bruna-biancardi-em-barcelona.jpg\"  \/>Bruna Biancardi em Barcelona \u2013 Foto: Reprodu\u00e7\u00e3o \/ Instagram @brunabiancardi <img loading=\"lazy\" decoding=\"async\" class=\"size-full wp-image-1034872 img-fluid lazy\" alt=\"Mavie em Barcelona - Foto: Reprodu\u00e7\u00e3o \/ Instagram @brunabiancardi\" width=\"1236\" height=\"801\" src=\"https:\/\/www.europesays.com\/pt\/wp-content\/uploads\/2025\/11\/mavie-em-barcelona.jpg\"  \/>Mavie em Barcelona \u2013 Foto: Reprodu\u00e7\u00e3o \/ Instagram @brunabiancardi <\/p>\n<blockquote class=\"instagram-media\" style=\"background: #FFF; border: 0; border-radius: 3px; box-shadow: 0 0 1px 0 rgba(0,0,0,0.5),0 1px 10px 0 rgba(0,0,0,0.15); margin: 1px; max-width: 540px; min-width: 326px; padding: 0; width: calc(100% - 2px);\" data-instgrm-captioned=\"\" data-instgrm-permalink=\"https:\/\/www.instagram.com\/p\/DRYOvzFCENv\/?utm_source=ig_embed&amp;utm_campaign=loading\" data-instgrm-version=\"14\"><\/blockquote>\n<p>\t Neymar Jr mostra \u2018momento fam\u00edlia\u2019 <\/p>\n<p>Nos \u00faltimos dias, Neymar Jr. usou as redes sociais para <a href=\"https:\/\/caras.com.br\/esporte\/neymar-jr-mostra-momento-familia-com-bruna-biancardi-e-as-filhas-do-casal.phtml\" rel=\"nofollow noopener\" target=\"_blank\">registrar um momento de carinho em fam\u00edlia<\/a>. De folga dos treinos, o jogador do Santos aproveitou o dia com a esposa, Bruna Biancardi, e as duas filhas, Mavie e Mel.<\/p>\n<p>No clique compartilhado, Neymar e Bruna aparecem juntos, olhando para a selfie. O destaque da foto, no entanto, ficou com as duas herdeiras do casal: Mavie, a primog\u00eanita, foi fotografada abra\u00e7ando a irm\u00e3 ca\u00e7ula, Mel, enquanto esta estava no colo do jogador.<\/p>\n<p><strong>Leia tamb\u00e9m<\/strong>: <a href=\"https:\/\/caras.com.br\/bebe\/bruna-biancardi-exibe-momento-de-carinho-entre-as-duas-filhas-mel-e-mavie.phtml\" rel=\"nofollow noopener\" target=\"_blank\">Bruna Biancardi exibe momento de carinho entre as duas filhas, Mel e Mavie<\/a><\/p>\n<p>\t <img loading=\"lazy\" decoding=\"async\" class=\"size-full wp-image-1032909 img-fluid lazy\" alt=\"Neymar Jr e Bruna Biancardi com as filhas - Reprodu\u00e7\u00e3o\/Instagram @neymarjr\" width=\"461\" height=\"822\" src=\"https:\/\/www.europesays.com\/pt\/wp-content\/uploads\/2025\/11\/neymar-jr-bruna-biancardi-filhas-.jpg\"  \/>Neymar Jr e Bruna Biancardi com as filhas \u2013 Reprodu\u00e7\u00e3o\/Instagram @neymarjr<\/p>\n<p>        <a href=\"https:\/\/caras.com.br\/autor\/rafaela-oliveira\" rel=\"nofollow noopener\" target=\"_blank\">&#13;<br \/>\n          <img alt=\"Rafaela Oliveira\" src=\"https:\/\/www.europesays.com\/pt\/wp-content\/uploads\/2025\/11\/1763909470_163_49f5322875970d1e29e5ff2c3d4db4418044337871973cc6a09a25acab0e8ff7\"  class=\"avatar avatar-115 photo rounded-circle mr-3\" height=\"115\" width=\"115\" loading=\"lazy\" decoding=\"async\"\/>        <\/a><\/p>\n<p>        <strong>Rafaela Oliveira<\/strong> \u00e9 rep\u00f3rter de conte\u00fado do site CARAS. Formada em jornalismo, j\u00e1 passou por sites como MaisNovela, Portal M\u00e1rcia Piovesan, Purepeople Brasil e Jornal O Dia. Escreve sobre celebridades, TV e reality show. (email: <a href=\"https:\/\/caras.com.br\/cdn-cgi\/l\/email-protection\" class=\"__cf_email__\" data-cfemail=\"7002121f1c1906151902112f131f1c11123013110211035e131f1d5e1202\" rel=\"nofollow noopener\" target=\"_blank\">[email\u00a0protected]<\/a>)<\/p>\n<p>\t                                            <script async src=\"\/\/www.instagram.com\/embed.js\"><\/script><\/p>\n","protected":false},"excerpt":{"rendered":"Bruna Biancardi revelou aos seguidores no \u00faltimo s\u00e1bado, 22, que passar\u00e1 uma temporada fora do Brasil! Desta vez,&hellip;\n","protected":false},"author":2,"featured_media":162206,"comment_status":"","ping_status":"","sticky":false,"template":"","format":"standard","meta":{"footnotes":""},"categories":[145],"tags":[4290,211,210,114,115,1994,1995,6039,32,33],"class_list":{"0":"post-162205","1":"post","2":"type-post","3":"status-publish","4":"format-standard","5":"has-post-thumbnail","7":"category-celebridades","8":"tag-bruna-biancardi","9":"tag-celebridades","10":"tag-celebrities","11":"tag-entertainment","12":"tag-entretenimento","13":"tag-mavie","14":"tag-mel","15":"tag-neymar-jr","16":"tag-portugal","17":"tag-pt"},"share_on_mastodon":{"url":"https:\/\/pubeurope.com\/@pt\/115599578721238765","error":""},"_links":{"self":[{"href":"https:\/\/www.europesays.com\/pt\/wp-json\/wp\/v2\/posts\/162205","targetHints":{"allow":["GET"]}}],"collection":[{"href":"https:\/\/www.europesays.com\/pt\/wp-json\/wp\/v2\/posts"}],"about":[{"href":"https:\/\/www.europesays.com\/pt\/wp-json\/wp\/v2\/types\/post"}],"author":[{"embeddable":true,"href":"https:\/\/www.europesays.com\/pt\/wp-json\/wp\/v2\/users\/2"}],"replies":[{"embeddable":true,"href":"https:\/\/www.europesays.com\/pt\/wp-json\/wp\/v2\/comments?post=162205"}],"version-history":[{"count":0,"href":"https:\/\/www.europesays.com\/pt\/wp-json\/wp\/v2\/posts\/162205\/revisions"}],"wp:featuredmedia":[{"embeddable":true,"href":"https:\/\/www.europesays.com\/pt\/wp-json\/wp\/v2\/media\/162206"}],"wp:attachment":[{"href":"https:\/\/www.europesays.com\/pt\/wp-json\/wp\/v2\/media?parent=162205"}],"wp:term":[{"taxonomy":"category","embeddable":true,"href":"https:\/\/www.europesays.com\/pt\/wp-json\/wp\/v2\/categories?post=162205"},{"taxonomy":"post_tag","embeddable":true,"href":"https:\/\/www.europesays.com\/pt\/wp-json\/wp\/v2\/tags?post=162205"}],"curies":[{"name":"wp","href":"https:\/\/api.w.org\/{rel}","templated":true}]}}