{"id":162211,"date":"2025-11-23T14:58:11","date_gmt":"2025-11-23T14:58:11","guid":{"rendered":"https:\/\/www.europesays.com\/pt\/162211\/"},"modified":"2025-11-23T14:58:11","modified_gmt":"2025-11-23T14:58:11","slug":"dormir-por-4-horas-e-semelhante-a-beber-seis-cervejas-alerta-especialista","status":"publish","type":"post","link":"https:\/\/www.europesays.com\/pt\/162211\/","title":{"rendered":"&#8216;Dormir por 4 horas \u00e9 semelhante a beber seis cervejas&#8217;: alerta especialista"},"content":{"rendered":"\n<p class=\" content-text__container theme-color-primary-first-letter\" data-track-category=\"Link no Texto\" data-track-links=\"\"> O impacto de dormir apenas quatro horas por noite \u00e9 compar\u00e1vel ao do consumo de \u00e1lcool. Este alerta vem de Nuria Roure, psic\u00f3loga especializada em dist\u00farbios do sono, que afirmou que pessoas que ficam acordadas por mais de 20 horas apresentam &#8220;um n\u00edvel de aten\u00e7\u00e3o e concentra\u00e7\u00e3o semelhante ao de algu\u00e9m que consumiu cerca de seis cervejas&#8221;. <\/p>\n<ul class=\"content-unordered-list\">\n<li><strong>Neurocientista ganhador do Nobel diz:<\/strong> <a class=\"\" href=\"https:\/\/oglobo.globo.com\/saude\/noticia\/2025\/11\/23\/o-que-mantem-o-corpo-saudavel-tambem-mantem-o-cerebro-saudavel-diz-neurocientista-ganhador-do-nobel.ghtml\" rel=\"nofollow noopener\" target=\"_blank\">&#8216;O que mant\u00e9m o corpo saud\u00e1vel tamb\u00e9m mant\u00e9m o c\u00e9rebro saud\u00e1vel&#8217;<\/a><\/li>\n<li><strong>Leia tamb\u00e9m: <\/strong><a class=\"\" href=\"https:\/\/oglobo.globo.com\/saude\/noticia\/2025\/11\/17\/medico-esquece-de-colocar-virgula-na-receita-e-menino-de-2-anos-morre-de-overdose.ghtml\" rel=\"nofollow noopener\" target=\"_blank\">M\u00e9dico esquece de colocar v\u00edrgula na receita e menino de 2 anos morre de overdose<\/a><\/li>\n<\/ul>\n<p class=\" content-text__container \" data-track-category=\"Link no Texto\" data-track-links=\"\"> Este alerta surge num contexto em que o descanso tem sido desvalorizado. O ritmo de vida acelerado, as longas jornadas de trabalho e o tempo gasto em frente \u00e0s telas at\u00e9 tarde da noite consolidaram uma tend\u00eancia perigosa. <\/p>\n<p class=\" content-text__container \" data-track-category=\"Link no Texto\" data-track-links=\"\"> Durante anos, especialistas apontam que o sono tem sido considerado uma perda de tempo, e algumas figuras p\u00fablicas chegam a se gabar de qu\u00e3o pouco descanso t\u00eam. <\/p>\n<p class=\" content-text__container \" data-track-category=\"Link no Texto\" data-track-links=\"\"> No entanto, Roure, autora do livro &#8220;Finalmente Estou Dormindo&#8221;, argumenta que devemos dar ao sono &#8220;a mesma import\u00e2ncia, ou at\u00e9 mais, que damos ao exerc\u00edcio f\u00edsico, \u00e0 nutri\u00e7\u00e3o ou ao bem-estar emocional&#8221;. <\/p>\n<p class=\" content-text__container \" data-track-category=\"Link no Texto\" data-track-links=\"\"> Segundo estat\u00edsticas da Sociedade Espanhola do Sono (SES), os espanh\u00f3is dormem em m\u00e9dia entre seis e seis horas e meia por dia, muito aqu\u00e9m das sete ou oito horas recomendadas. <\/p>\n<p><strong>As consequ\u00eancias da priva\u00e7\u00e3o de sono para a sa\u00fade<\/strong><\/p>\n<p class=\" content-text__container \" data-track-category=\"Link no Texto\" data-track-links=\"\"> O comprometimento cognitivo causado pela falta de sono n\u00e3o se traduz apenas em uma capacidade reduzida de rea\u00e7\u00e3o ou dificuldade em tomar decis\u00f5es. Tamb\u00e9m aumenta significativamente o risco de acidentes de trabalho ou de tr\u00e2nsito. <\/p>\n<p class=\" content-text__container \" data-track-category=\"Link no Texto\" data-track-links=\"\"> A falta de sono afeta a concentra\u00e7\u00e3o e a mem\u00f3ria. Durante o sono profundo, o c\u00e9rebro consolida mem\u00f3rias, regula as emo\u00e7\u00f5es, restaura fun\u00e7\u00f5es corporais essenciais e realiza processos de &#8220;limpeza&#8221;. <\/p>\n<p class=\" content-text__container \" data-track-category=\"Link no Texto\" data-track-links=\"\"> Se a priva\u00e7\u00e3o de sono persistir a longo prazo, os riscos para a sa\u00fade se multiplicam. Ela est\u00e1 ligada a uma maior incid\u00eancia de hipertens\u00e3o, diabetes, obesidade e doen\u00e7as cardiovasculares. <\/p>\n<p class=\" content-text__container \" data-track-category=\"Link no Texto\" data-track-links=\"\"> Al\u00e9m disso, dormir pouco enfraquece o sistema imunol\u00f3gico, tornando o corpo mais suscet\u00edvel a doen\u00e7as. <\/p>\n<p>Um problema que come\u00e7a na adolesc\u00eancia<\/p>\n<p class=\" content-text__container \" data-track-category=\"Link no Texto\" data-track-links=\"\"> Especialistas dizem que o problema est\u00e1 come\u00e7ando cada vez mais cedo. Os adolescentes v\u00e3o para a cama tarde e precisam acordar cedo para ir \u00e0 escola, acumulando uma d\u00edvida de sono com consequ\u00eancias diretas para sua sa\u00fade e desempenho acad\u00eamico. <\/p>\n<p class=\" content-text__container \" data-track-category=\"Link no Texto\" data-track-links=\"\"> Roure, membro de diversas sociedades de pesquisa do sono, enfatiza a import\u00e2ncia de uma cultura de descanso que ainda n\u00e3o se consolidou. <\/p>\n<p class=\" content-text__container \" data-track-category=\"Link no Texto\" data-track-links=\"\"> \u2014 Nossos adolescentes deveriam dormir cerca de nove horas por noite \u2014 afirma, observando que esse per\u00edodo de sono \u00e9 vital para o desenvolvimento neurol\u00f3gico e emocional deles. <\/p>\n<p>Quatro recomenda\u00e7\u00f5es para uma boa noite de sono<\/p>\n<p class=\" content-text__container \" data-track-category=\"Link no Texto\" data-track-links=\"\"> O especialista nos lembra que o descanso \u00e9 uma necessidade biol\u00f3gica essencial e um investimento em sa\u00fade. Para melhorar a higiene do sono, os especialistas recomendam quatro diretrizes b\u00e1sicas: <\/p>\n<ol class=\"content-ordered-list theme-ordered-list-color-primary\">\n<li><strong>Rotina<\/strong>: \u00c9 essencial manter hor\u00e1rios consistentes para dormir e acordar, semelhantes aos hor\u00e1rios das refei\u00e7\u00f5es.<\/li>\n<li><strong>Estimulantes<\/strong>: Evite consumir bebidas com cafe\u00edna ap\u00f3s as 16h, bem como refei\u00e7\u00f5es pesadas perto da hora de dormir.<\/li>\n<li><strong>Preocupa\u00e7\u00f5es<\/strong>: Embora n\u00e3o seja f\u00e1cil, tente resolver suas preocupa\u00e7\u00f5es ou controlar o estresse antes de ir para a cama.<\/li>\n<li><strong>Smartphone<\/strong>: A luz branca das telas de celulares e outros dispositivos ativa o c\u00e9rebro e o impede de enviar os sinais necess\u00e1rios para o sono, interrompendo-o.<\/li>\n<\/ol>\n","protected":false},"excerpt":{"rendered":"O impacto de dormir apenas quatro horas por noite \u00e9 compar\u00e1vel ao do consumo de \u00e1lcool. Este alerta&hellip;\n","protected":false},"author":2,"featured_media":162212,"comment_status":"","ping_status":"","sticky":false,"template":"","format":"standard","meta":{"footnotes":""},"categories":[86],"tags":[29753,319,116,1713,29754,29755,32,33,117],"class_list":{"0":"post-162211","1":"post","2":"type-post","3":"status-publish","4":"format-standard","5":"has-post-thumbnail","7":"category-saude","8":"tag-a-insonia-se-define-pela-incapacidade-de-conciliar-o-sono-e-pode-se-expressar-em-seu-periodo-inicial","9":"tag-hard-news","10":"tag-health","11":"tag-insonia","12":"tag-intermediario-ou-final-um-disturbio-de-sono-que-pode-afetar-o-antes","13":"tag-o-durante-e-o-depois-de-dormir","14":"tag-portugal","15":"tag-pt","16":"tag-saude"},"share_on_mastodon":{"url":"https:\/\/pubeurope.com\/@pt\/115599605969633075","error":""},"_links":{"self":[{"href":"https:\/\/www.europesays.com\/pt\/wp-json\/wp\/v2\/posts\/162211","targetHints":{"allow":["GET"]}}],"collection":[{"href":"https:\/\/www.europesays.com\/pt\/wp-json\/wp\/v2\/posts"}],"about":[{"href":"https:\/\/www.europesays.com\/pt\/wp-json\/wp\/v2\/types\/post"}],"author":[{"embeddable":true,"href":"https:\/\/www.europesays.com\/pt\/wp-json\/wp\/v2\/users\/2"}],"replies":[{"embeddable":true,"href":"https:\/\/www.europesays.com\/pt\/wp-json\/wp\/v2\/comments?post=162211"}],"version-history":[{"count":0,"href":"https:\/\/www.europesays.com\/pt\/wp-json\/wp\/v2\/posts\/162211\/revisions"}],"wp:featuredmedia":[{"embeddable":true,"href":"https:\/\/www.europesays.com\/pt\/wp-json\/wp\/v2\/media\/162212"}],"wp:attachment":[{"href":"https:\/\/www.europesays.com\/pt\/wp-json\/wp\/v2\/media?parent=162211"}],"wp:term":[{"taxonomy":"category","embeddable":true,"href":"https:\/\/www.europesays.com\/pt\/wp-json\/wp\/v2\/categories?post=162211"},{"taxonomy":"post_tag","embeddable":true,"href":"https:\/\/www.europesays.com\/pt\/wp-json\/wp\/v2\/tags?post=162211"}],"curies":[{"name":"wp","href":"https:\/\/api.w.org\/{rel}","templated":true}]}}