{"id":162213,"date":"2025-11-23T15:02:12","date_gmt":"2025-11-23T15:02:12","guid":{"rendered":"https:\/\/www.europesays.com\/pt\/162213\/"},"modified":"2025-11-23T15:02:12","modified_gmt":"2025-11-23T15:02:12","slug":"alvo-era-um-dos-principais-lideres-do-hezbollah","status":"publish","type":"post","link":"https:\/\/www.europesays.com\/pt\/162213\/","title":{"rendered":"alvo era um dos principais l\u00edderes do Hezbollah"},"content":{"rendered":"<p><strong>O primeiro-ministro israelita, Benjamin Netanyahu, ordenou este domingo um ataque no sul de Beirute, no L\u00edbano, com o objetivo de atingir Haytham Ali Tabatabai, considerado o segundo l\u00edder mais importante do Hezbollah, segundo a ag\u00eancia de not\u00edcias AFP.<\/strong><\/p>\n<p>Israel n\u00e3o ter\u00e1 avisado os Estados Unidos da Am\u00e9rica antes de ordenar o ataque em Beirute.<\/p>\n<p>\u201cContinuaremos a combater o terrorismo\u201d<\/p>\n<p>O primeiro-ministro israelita advertiu este domingo que o Israel far\u00e1 &#8220;tudo o que for necess\u00e1rio&#8221; para impedir o refor\u00e7o do grupo Hezbollah no L\u00edbano e da posi\u00e7\u00e3o do Hamas na Faixa de Gaza.<\/p>\n<blockquote>\n<p>&#8220;Continuaremos a combater o terrorismo em m\u00faltiplas frentes&#8221;, disse Netanyahu durante uma reuni\u00e3o do seu gabinete. &#8220;Esta semana, o ex\u00e9rcito israelita atacou o L\u00edbano e continuaremos a fazer tudo o que for necess\u00e1rio para impedir que o Hezbollah recupere a sua capacidade de nos amea\u00e7ar. Tamb\u00e9m o estamos a fazer na Faixa de Gaza. Desde que o cessar-fogo entrou em vigor, o Hamas violou-o consistentemente e estamos a agir em conformidade&#8221;, declarou o primeiro-ministro de Israel.<\/p>\n<\/blockquote>\n<p>Apesar das acusa\u00e7\u00f5es de Netanyahu, o Hamas acusa Israel de ter violado quase 500 vezes o cessar-fogo.<\/p>\n","protected":false},"excerpt":{"rendered":"O primeiro-ministro israelita, Benjamin Netanyahu, ordenou este domingo um ataque no sul de Beirute, no L\u00edbano, com o&hellip;\n","protected":false},"author":2,"featured_media":162214,"comment_status":"","ping_status":"","sticky":false,"template":"","format":"standard","meta":{"footnotes":""},"categories":[50],"tags":[27,28,15,16,14,25,26,21,22,62,12,13,19,20,23,24,17,18,29,30,31,63,64,65],"class_list":{"0":"post-162213","1":"post","2":"type-post","3":"status-publish","4":"format-standard","5":"has-post-thumbnail","7":"category-mundo","8":"tag-breaking-news","9":"tag-breakingnews","10":"tag-featured-news","11":"tag-featurednews","12":"tag-headlines","13":"tag-latest-news","14":"tag-latestnews","15":"tag-main-news","16":"tag-mainnews","17":"tag-mundo","18":"tag-news","19":"tag-noticias","20":"tag-noticias-principais","21":"tag-noticiasprincipais","22":"tag-principais-noticias","23":"tag-principaisnoticias","24":"tag-top-stories","25":"tag-topstories","26":"tag-ultimas","27":"tag-ultimas-noticias","28":"tag-ultimasnoticias","29":"tag-world","30":"tag-world-news","31":"tag-worldnews"},"share_on_mastodon":{"url":"https:\/\/pubeurope.com\/@pt\/115599621778317159","error":""},"_links":{"self":[{"href":"https:\/\/www.europesays.com\/pt\/wp-json\/wp\/v2\/posts\/162213","targetHints":{"allow":["GET"]}}],"collection":[{"href":"https:\/\/www.europesays.com\/pt\/wp-json\/wp\/v2\/posts"}],"about":[{"href":"https:\/\/www.europesays.com\/pt\/wp-json\/wp\/v2\/types\/post"}],"author":[{"embeddable":true,"href":"https:\/\/www.europesays.com\/pt\/wp-json\/wp\/v2\/users\/2"}],"replies":[{"embeddable":true,"href":"https:\/\/www.europesays.com\/pt\/wp-json\/wp\/v2\/comments?post=162213"}],"version-history":[{"count":0,"href":"https:\/\/www.europesays.com\/pt\/wp-json\/wp\/v2\/posts\/162213\/revisions"}],"wp:featuredmedia":[{"embeddable":true,"href":"https:\/\/www.europesays.com\/pt\/wp-json\/wp\/v2\/media\/162214"}],"wp:attachment":[{"href":"https:\/\/www.europesays.com\/pt\/wp-json\/wp\/v2\/media?parent=162213"}],"wp:term":[{"taxonomy":"category","embeddable":true,"href":"https:\/\/www.europesays.com\/pt\/wp-json\/wp\/v2\/categories?post=162213"},{"taxonomy":"post_tag","embeddable":true,"href":"https:\/\/www.europesays.com\/pt\/wp-json\/wp\/v2\/tags?post=162213"}],"curies":[{"name":"wp","href":"https:\/\/api.w.org\/{rel}","templated":true}]}}