{"id":162229,"date":"2025-11-23T15:22:24","date_gmt":"2025-11-23T15:22:24","guid":{"rendered":"https:\/\/www.europesays.com\/pt\/162229\/"},"modified":"2025-11-23T15:22:24","modified_gmt":"2025-11-23T15:22:24","slug":"quinta-t4-de-luxo-em-barcelos-vai-a-leilao-por-17-milhoes","status":"publish","type":"post","link":"https:\/\/www.europesays.com\/pt\/162229\/","title":{"rendered":"Quinta T4 de luxo em Barcelos vai a leil\u00e3o por 1,7 milh\u00f5es"},"content":{"rendered":"<p>Uma quinta de elevado valor patrimonial, situada em Arcozelo, Barcelos, foi colocada em leil\u00e3o na plataforma e-leil\u00f5es.pt, com um valor base de 1,724 milh\u00f5es de euros. O im\u00f3vel, composto por um pr\u00e9dio urbano e um pr\u00e9dio r\u00fastico, apresenta uma \u00e1rea total superior a 19 mil metros quadrados e inclui uma habita\u00e7\u00e3o de tipologia T4 com 544 m\u00b2 de \u00e1rea privativa.<\/p>\n<p>&#13;<br \/>\n&#13;<br \/>\n&#13;<\/p>\n<p>A propriedade integra uma casa de r\u00e9s do ch\u00e3o e andar, bem como um terreno r\u00fastico cont\u00edguo, classificado como lavradio. A venda ser\u00e1 realizada em conjunto, correspondendo \u00e0 totalidade dos dois artigos imobili\u00e1rios. O leil\u00e3o decorre no \u00e2mbito de um processo de execu\u00e7\u00e3o do Tribunal de Braga, estando as propostas sujeitas a um valor m\u00ednimo de 1,465 milh\u00f5es de euros.<\/p>\n<p><img loading=\"lazy\" data-dominant-color=\"7f8286\" data-has-transparency=\"false\" style=\"--dominant-color: #7f8286;\" decoding=\"async\" width=\"581\" height=\"275\" data-id=\"625738\" alt=\"Quinta t4 de luxo em barcelos vai a leil\u00e3o por 1,7 milh\u00f5es\" class=\"wp-image-625738 not-transparent perfmatters-lazy\" title=\"Quinta t4 de luxo em barcelos vai a leil\u00e3o por 1,7 milh\u00f5es 6\" src=\"https:\/\/www.europesays.com\/pt\/wp-content\/uploads\/2025\/11\/17112025170143_800-1.jpg\"  data-\/>Foto: E-leil\u00f5es<\/p>\n<p><img loading=\"lazy\" data-dominant-color=\"988a78\" data-has-transparency=\"false\" style=\"--dominant-color: #988a78;\" decoding=\"async\" width=\"524\" height=\"248\" data-id=\"625734\" alt=\"Quinta t4 de luxo em barcelos vai a leil\u00e3o por 1,7 milh\u00f5es\" class=\"wp-image-625734 not-transparent perfmatters-lazy\" title=\"Quinta t4 de luxo em barcelos vai a leil\u00e3o por 1,7 milh\u00f5es 7\" src=\"https:\/\/www.europesays.com\/pt\/wp-content\/uploads\/2025\/11\/17112025171027_800-1.jpg\"  data-\/>Foto: E-leil\u00f5es<\/p>\n<p><img loading=\"lazy\" data-dominant-color=\"887d6e\" data-has-transparency=\"false\" style=\"--dominant-color: #887d6e;\" decoding=\"async\" width=\"536\" height=\"255\" data-id=\"625736\" alt=\"Quinta t4 de luxo em barcelos vai a leil\u00e3o por 1,7 milh\u00f5es\" class=\"wp-image-625736 not-transparent perfmatters-lazy\" title=\"Quinta t4 de luxo em barcelos vai a leil\u00e3o por 1,7 milh\u00f5es 8\" src=\"https:\/\/www.europesays.com\/pt\/wp-content\/uploads\/2025\/11\/17112025171023_800-1.jpg\"  data-\/>Foto: E-leil\u00f5es<\/p>\n<p><img loading=\"lazy\" data-dominant-color=\"a69192\" data-has-transparency=\"false\" style=\"--dominant-color: #a69192;\" decoding=\"async\" width=\"522\" height=\"258\" data-id=\"625739\" alt=\"Quinta t4 de luxo em barcelos vai a leil\u00e3o por 1,7 milh\u00f5es\" class=\"wp-image-625739 not-transparent perfmatters-lazy\" title=\"Quinta t4 de luxo em barcelos vai a leil\u00e3o por 1,7 milh\u00f5es 9\" src=\"https:\/\/www.europesays.com\/pt\/wp-content\/uploads\/2025\/11\/17112025170616_800-1.jpg\"  data-\/>Foto: E-leil\u00f5es<\/p>\n<p><img loading=\"lazy\" data-dominant-color=\"8d99a2\" data-has-transparency=\"false\" style=\"--dominant-color: #8d99a2;\" decoding=\"async\" width=\"377\" height=\"228\" data-id=\"625735\" alt=\"Quinta t4 de luxo em barcelos vai a leil\u00e3o por 1,7 milh\u00f5es\" class=\"wp-image-625735 not-transparent perfmatters-lazy\" title=\"Quinta t4 de luxo em barcelos vai a leil\u00e3o por 1,7 milh\u00f5es 10\" src=\"https:\/\/www.europesays.com\/pt\/wp-content\/uploads\/2025\/11\/17112025170201_800-1.jpg\"  data-\/>Foto: E-leil\u00f5es<\/p>\n<p><img loading=\"lazy\" data-dominant-color=\"a3a8a8\" data-has-transparency=\"false\" style=\"--dominant-color: #a3a8a8;\" decoding=\"async\" width=\"382\" height=\"247\" data-id=\"625740\" alt=\"Quinta t4 de luxo em barcelos vai a leil\u00e3o por 1,7 milh\u00f5es\" class=\"wp-image-625740 not-transparent perfmatters-lazy\" title=\"Quinta t4 de luxo em barcelos vai a leil\u00e3o por 1,7 milh\u00f5es 11\" src=\"https:\/\/www.europesays.com\/pt\/wp-content\/uploads\/2025\/11\/17112025170159_800-1.jpg\"  data-\/>Foto: E-leil\u00f5es<\/p>\n<p><img loading=\"lazy\" data-dominant-color=\"9fa391\" data-has-transparency=\"false\" style=\"--dominant-color: #9fa391;\" decoding=\"async\" width=\"382\" height=\"348\" data-id=\"625737\" alt=\"Quinta t4 de luxo em barcelos vai a leil\u00e3o por 1,7 milh\u00f5es\" class=\"wp-image-625737 not-transparent perfmatters-lazy\" title=\"Quinta t4 de luxo em barcelos vai a leil\u00e3o por 1,7 milh\u00f5es 12\" src=\"https:\/\/www.europesays.com\/pt\/wp-content\/uploads\/2025\/11\/17112025170156_800-1.jpg\"  data-\/>Foto: E-leil\u00f5es<\/p>\n<p>Os interessados podem agendar visitas atrav\u00e9s do agente de execu\u00e7\u00e3o respons\u00e1vel, embora estas n\u00e3o sejam realizadas nos \u00faltimos cinco dias \u00fateis antes do fecho do leil\u00e3o. O im\u00f3vel \u00e9 vendido no estado em que se encontra, sendo responsabilidade dos potenciais compradores verificar previamente as condi\u00e7\u00f5es da quinta. <\/p>\n<p>O leil\u00e3o termina em 13 de janeiro de 2026, \u00e0s 11:00, com a cerim\u00f3nia de encerramento marcada para o Pal\u00e1cio da Justi\u00e7a, no Porto. <\/p>\n","protected":false},"excerpt":{"rendered":"Uma quinta de elevado valor patrimonial, situada em Arcozelo, Barcelos, foi colocada em leil\u00e3o na plataforma e-leil\u00f5es.pt, com&hellip;\n","protected":false},"author":2,"featured_media":162230,"comment_status":"","ping_status":"","sticky":false,"template":"","format":"standard","meta":{"footnotes":""},"categories":[10],"tags":[27,28,15,16,14,25,26,21,22,12,13,19,20,32,23,24,33,17,18,29,30,31],"class_list":{"0":"post-162229","1":"post","2":"type-post","3":"status-publish","4":"format-standard","5":"has-post-thumbnail","7":"category-portugal","8":"tag-breaking-news","9":"tag-breakingnews","10":"tag-featured-news","11":"tag-featurednews","12":"tag-headlines","13":"tag-latest-news","14":"tag-latestnews","15":"tag-main-news","16":"tag-mainnews","17":"tag-news","18":"tag-noticias","19":"tag-noticias-principais","20":"tag-noticiasprincipais","21":"tag-portugal","22":"tag-principais-noticias","23":"tag-principaisnoticias","24":"tag-pt","25":"tag-top-stories","26":"tag-topstories","27":"tag-ultimas","28":"tag-ultimas-noticias","29":"tag-ultimasnoticias"},"share_on_mastodon":{"url":"https:\/\/pubeurope.com\/@pt\/115599701305770630","error":""},"_links":{"self":[{"href":"https:\/\/www.europesays.com\/pt\/wp-json\/wp\/v2\/posts\/162229","targetHints":{"allow":["GET"]}}],"collection":[{"href":"https:\/\/www.europesays.com\/pt\/wp-json\/wp\/v2\/posts"}],"about":[{"href":"https:\/\/www.europesays.com\/pt\/wp-json\/wp\/v2\/types\/post"}],"author":[{"embeddable":true,"href":"https:\/\/www.europesays.com\/pt\/wp-json\/wp\/v2\/users\/2"}],"replies":[{"embeddable":true,"href":"https:\/\/www.europesays.com\/pt\/wp-json\/wp\/v2\/comments?post=162229"}],"version-history":[{"count":0,"href":"https:\/\/www.europesays.com\/pt\/wp-json\/wp\/v2\/posts\/162229\/revisions"}],"wp:featuredmedia":[{"embeddable":true,"href":"https:\/\/www.europesays.com\/pt\/wp-json\/wp\/v2\/media\/162230"}],"wp:attachment":[{"href":"https:\/\/www.europesays.com\/pt\/wp-json\/wp\/v2\/media?parent=162229"}],"wp:term":[{"taxonomy":"category","embeddable":true,"href":"https:\/\/www.europesays.com\/pt\/wp-json\/wp\/v2\/categories?post=162229"},{"taxonomy":"post_tag","embeddable":true,"href":"https:\/\/www.europesays.com\/pt\/wp-json\/wp\/v2\/tags?post=162229"}],"curies":[{"name":"wp","href":"https:\/\/api.w.org\/{rel}","templated":true}]}}