{"id":162243,"date":"2025-11-23T15:39:09","date_gmt":"2025-11-23T15:39:09","guid":{"rendered":"https:\/\/www.europesays.com\/pt\/162243\/"},"modified":"2025-11-23T15:39:09","modified_gmt":"2025-11-23T15:39:09","slug":"portugal-perde-29-milhoes-por-dia-com-fuga-aos-impostos-das-multinacionais","status":"publish","type":"post","link":"https:\/\/www.europesays.com\/pt\/162243\/","title":{"rendered":"Portugal perde 2,9 milh\u00f5es por dia com fuga aos impostos das multinacionais"},"content":{"rendered":"<p data-remotead-prev-elm=\"true\" data-remotead-elm-id=\"inread\">A perda fiscal associada a estes movimentos equivale a 8,6% do total da despesa nacional em Sa\u00fade ou a 10,6% do gasto na Educa\u00e7\u00e3o, segundo os c\u00e1lculos da organiza\u00e7\u00e3o. Para se ter uma no\u00e7\u00e3o mais aproximada, a Tax Justice Network sublinha que a fuga de capitais para o estrangeiro corresponde a cerca de 2% da receita fiscal do pa\u00eds por ano, que, em 2024, foi de 67,8 mil milh\u00f5es de euros, o que equivale a cerca de 101 euros por cada portugu\u00eas.<\/p>\n","protected":false},"excerpt":{"rendered":"A perda fiscal associada a estes movimentos equivale a 8,6% do total da despesa nacional em Sa\u00fade ou&hellip;\n","protected":false},"author":2,"featured_media":162244,"comment_status":"","ping_status":"","sticky":false,"template":"","format":"standard","meta":{"footnotes":""},"categories":[83],"tags":[88,89,90,23590,21502,2501,26513,619,34458,32,33],"class_list":{"0":"post-162243","1":"post","2":"type-post","3":"status-publish","4":"format-standard","5":"has-post-thumbnail","7":"category-empresas","8":"tag-business","9":"tag-economy","10":"tag-empresas","11":"tag-fiscalidade","12":"tag-fuga-ao-fisco","13":"tag-impostos","14":"tag-irc","15":"tag-nacional","16":"tag-paraisos-fiscais","17":"tag-portugal","18":"tag-pt"},"share_on_mastodon":{"url":"https:\/\/pubeurope.com\/@pt\/115599767207071202","error":""},"_links":{"self":[{"href":"https:\/\/www.europesays.com\/pt\/wp-json\/wp\/v2\/posts\/162243","targetHints":{"allow":["GET"]}}],"collection":[{"href":"https:\/\/www.europesays.com\/pt\/wp-json\/wp\/v2\/posts"}],"about":[{"href":"https:\/\/www.europesays.com\/pt\/wp-json\/wp\/v2\/types\/post"}],"author":[{"embeddable":true,"href":"https:\/\/www.europesays.com\/pt\/wp-json\/wp\/v2\/users\/2"}],"replies":[{"embeddable":true,"href":"https:\/\/www.europesays.com\/pt\/wp-json\/wp\/v2\/comments?post=162243"}],"version-history":[{"count":0,"href":"https:\/\/www.europesays.com\/pt\/wp-json\/wp\/v2\/posts\/162243\/revisions"}],"wp:featuredmedia":[{"embeddable":true,"href":"https:\/\/www.europesays.com\/pt\/wp-json\/wp\/v2\/media\/162244"}],"wp:attachment":[{"href":"https:\/\/www.europesays.com\/pt\/wp-json\/wp\/v2\/media?parent=162243"}],"wp:term":[{"taxonomy":"category","embeddable":true,"href":"https:\/\/www.europesays.com\/pt\/wp-json\/wp\/v2\/categories?post=162243"},{"taxonomy":"post_tag","embeddable":true,"href":"https:\/\/www.europesays.com\/pt\/wp-json\/wp\/v2\/tags?post=162243"}],"curies":[{"name":"wp","href":"https:\/\/api.w.org\/{rel}","templated":true}]}}