{"id":162250,"date":"2025-11-23T15:51:24","date_gmt":"2025-11-23T15:51:24","guid":{"rendered":"https:\/\/www.europesays.com\/pt\/162250\/"},"modified":"2025-11-23T15:51:24","modified_gmt":"2025-11-23T15:51:24","slug":"lembra-dela-ex-malhacao-joana-balaguer-posa-com-a-familia-durante-feriadao-em-angra-dos-reis","status":"publish","type":"post","link":"https:\/\/www.europesays.com\/pt\/162250\/","title":{"rendered":"Lembra dela? Ex-Malha\u00e7\u00e3o, Joana Balaguer posa com a fam\u00edlia durante feriad\u00e3o em Angra dos Reis"},"content":{"rendered":"\n<p class=\" content-text__container theme-color-primary-first-letter\" data-track-category=\"Link no Texto\" data-track-links=\"\"> Ex-Malha\u00e7\u00e3o, a atriz <strong>Joana Balaguer<\/strong> encantou os f\u00e3s ao posar com a fam\u00edlia neste domingo (23). <\/p>\n<p class=\" content-text__container \" data-track-category=\"Link no Texto\" data-track-links=\"\"> Em cliques nas redes sociais, ela contou que viveu dias de descanso em Angra dos Reis (RJ). &#8220;Se foi bom o feriado? Foi sensacional! Sol, mar, amigos antigos e amigos novos&#8221;, declarou ela. <\/p>\n<p class=\" content-text__container \" data-track-category=\"Link no Texto\" data-track-links=\"\"> Em seu perfil nas redes sociais, ela tamb\u00e9m exibiu cliques ao lado dos dois filhos, <strong>Martin<\/strong>, de 11 anos, e <strong>Gaia<\/strong>, de 7. O marid\u00e3o da atriz, o empres\u00e1rio Paulo Miguel Palha de Souza, tamb\u00e9m apareceu nas fotos. <\/p>\n<p class=\" content-text__container \" data-track-category=\"Link no Texto\" data-track-links=\"\"> <strong>Joana Balaguer<\/strong> morou por mais de 15 anos em Portugal. Neste ano, ela voltou a morar no Brasil e fixou resid\u00eancia em S\u00e3o Jos\u00e9 dos Campos, em S\u00e3o Paulo. <\/p>\n<p>  Continuar lendo  <\/p>\n<p class=\" content-text__container \" data-track-category=\"Link no Texto\" data-track-links=\"\"> A artista viveu a Jaque de Malha\u00e7\u00e3o entre os anos de 2005 e 2006. Ela tamb\u00e9m participou do quadro Dan\u00e7a dos Famosos em 2008. <\/p>\n<p>        <img decoding=\"async\" class=\"content-media__image\"  src=\"https:\/\/www.europesays.com\/pt\/wp-content\/uploads\/2025\/11\/joanabalaguer-3772276274606455357s2025-11-23-12.9.69-story.jpg\" alt=\"Lembra dela? Ex-Malha\u00e7\u00e3o, Joana Balaguer posa com a fam\u00edlia \u2014 Foto: Reprodu\u00e7\u00e3o\/ Instagram\" width=\"1440\" height=\"1920\" loading=\"lazy\"\/>  Lembra dela? Ex-Malha\u00e7\u00e3o, Joana Balaguer posa com a fam\u00edlia \u2014 Foto: Reprodu\u00e7\u00e3o\/ Instagram            <img decoding=\"async\" class=\"content-media__image\"  src=\"https:\/\/www.europesays.com\/pt\/wp-content\/uploads\/2025\/11\/joanabalaguer-3772276274908469765s2025-11-23-12.9.186-story.jpg\" alt=\"Lembra dela? Ex-Malha\u00e7\u00e3o, Joana Balaguer posa com a fam\u00edlia \u2014 Foto: Reprodu\u00e7\u00e3o\/ Instagram\" width=\"1240\" height=\"1653\" loading=\"lazy\"\/>  Lembra dela? Ex-Malha\u00e7\u00e3o, Joana Balaguer posa com a fam\u00edlia \u2014 Foto: Reprodu\u00e7\u00e3o\/ Instagram            <img decoding=\"async\" class=\"content-media__image\"  src=\"https:\/\/www.europesays.com\/pt\/wp-content\/uploads\/2025\/11\/joanabalaguer-3772276274606504173s2025-11-23-12.8.249-story.jpg\" alt=\"Lembra dela? Ex-Malha\u00e7\u00e3o, Joana Balaguer posa com a fam\u00edlia \u2014 Foto: Reprodu\u00e7\u00e3o\/ Instagram\" width=\"1440\" height=\"1920\" loading=\"lazy\"\/>  Lembra dela? Ex-Malha\u00e7\u00e3o, Joana Balaguer posa com a fam\u00edlia \u2014 Foto: Reprodu\u00e7\u00e3o\/ Instagram             <img decoding=\"async\" class=\"content-media__image\"  src=\"https:\/\/www.europesays.com\/pt\/wp-content\/uploads\/2025\/11\/joanabalaguer-3772276274606476979s2025-11-23-12.8.50-story.jpg\" alt=\"Lembra dela? Ex-Malha\u00e7\u00e3o, Joana Balaguer posa com a fam\u00edlia \u2014 Foto: Reprodu\u00e7\u00e3o\/ Instagram\" width=\"1440\" height=\"1920\" loading=\"lazy\"\/>  Lembra dela? Ex-Malha\u00e7\u00e3o, Joana Balaguer posa com a fam\u00edlia \u2014 Foto: Reprodu\u00e7\u00e3o\/ Instagram            <img decoding=\"async\" class=\"content-media__image\"  src=\"https:\/\/www.europesays.com\/pt\/wp-content\/uploads\/2025\/11\/joanabalaguer-3772276274614848220s2025-11-23-12.9.96-story.jpg\" alt=\"Lembra dela? Ex-Malha\u00e7\u00e3o, Joana Balaguer posa com a fam\u00edlia \u2014 Foto: Reprodu\u00e7\u00e3o\/ Instagram\" width=\"1168\" height=\"1557\" loading=\"lazy\"\/>  Lembra dela? Ex-Malha\u00e7\u00e3o, Joana Balaguer posa com a fam\u00edlia \u2014 Foto: Reprodu\u00e7\u00e3o\/ Instagram            <img decoding=\"async\" class=\"content-media__image\"  src=\"https:\/\/www.europesays.com\/pt\/wp-content\/uploads\/2025\/11\/joanabalaguer-3772276274598104010s2025-11-23-12.8.763-story.jpg\" alt=\"Lembra dela? Ex-Malha\u00e7\u00e3o, Joana Balaguer posa com a fam\u00edlia \u2014 Foto: Reprodu\u00e7\u00e3o\/ Instagram\" width=\"1440\" height=\"1920\" loading=\"lazy\"\/>  Lembra dela? Ex-Malha\u00e7\u00e3o, Joana Balaguer posa com a fam\u00edlia \u2014 Foto: Reprodu\u00e7\u00e3o\/ Instagram             <img decoding=\"async\" class=\"content-media__image\"  src=\"https:\/\/www.europesays.com\/pt\/wp-content\/uploads\/2025\/11\/joanabalaguer-3772276274614868691s2025-11-23-12.8.950-story.jpg\" alt=\"Lembra dela? Ex-Malha\u00e7\u00e3o, Joana Balaguer posa com a fam\u00edlia \u2014 Foto: Reprodu\u00e7\u00e3o\/ Instagram\" width=\"1200\" height=\"1600\" loading=\"lazy\"\/>  Lembra dela? Ex-Malha\u00e7\u00e3o, Joana Balaguer posa com a fam\u00edlia \u2014 Foto: Reprodu\u00e7\u00e3o\/ Instagram            <img decoding=\"async\" class=\"content-media__image\"  src=\"https:\/\/www.europesays.com\/pt\/wp-content\/uploads\/2025\/11\/joanabalaguer-3772276274606449249s2025-11-23-12.9.2-story.jpg\" alt=\"Lembra dela? Ex-Malha\u00e7\u00e3o, Joana Balaguer posa com a fam\u00edlia \u2014 Foto: Reprodu\u00e7\u00e3o\/ Instagram\" width=\"1440\" height=\"1920\" loading=\"lazy\"\/>  Lembra dela? Ex-Malha\u00e7\u00e3o, Joana Balaguer posa com a fam\u00edlia \u2014 Foto: Reprodu\u00e7\u00e3o\/ Instagram            <img decoding=\"async\" class=\"content-media__image\"  src=\"https:\/\/www.europesays.com\/pt\/wp-content\/uploads\/2025\/11\/joanabalaguer-3772276274598104010s2025-11-23-12.8.763-story.jpg\" alt=\"Lembra dela? Ex-Malha\u00e7\u00e3o, Joana Balaguer posa com a fam\u00edlia \u2014 Foto: Reprodu\u00e7\u00e3o\/ Instagram\" width=\"1440\" height=\"1920\" loading=\"lazy\"\/>  Lembra dela? Ex-Malha\u00e7\u00e3o, Joana Balaguer posa com a fam\u00edlia \u2014 Foto: Reprodu\u00e7\u00e3o\/ Instagram        <\/p>\n","protected":false},"excerpt":{"rendered":"Ex-Malha\u00e7\u00e3o, a atriz Joana Balaguer encantou os f\u00e3s ao posar com a fam\u00edlia neste domingo (23). Em cliques&hellip;\n","protected":false},"author":2,"featured_media":162251,"comment_status":"","ping_status":"","sticky":false,"template":"","format":"standard","meta":{"footnotes":""},"categories":[142],"tags":[114,115,32,33,151],"class_list":{"0":"post-162250","1":"post","2":"type-post","3":"status-publish","4":"format-standard","5":"has-post-thumbnail","7":"category-tv","8":"tag-entertainment","9":"tag-entretenimento","10":"tag-portugal","11":"tag-pt","12":"tag-tv"},"share_on_mastodon":{"url":"https:\/\/pubeurope.com\/@pt\/115599815775394036","error":""},"_links":{"self":[{"href":"https:\/\/www.europesays.com\/pt\/wp-json\/wp\/v2\/posts\/162250","targetHints":{"allow":["GET"]}}],"collection":[{"href":"https:\/\/www.europesays.com\/pt\/wp-json\/wp\/v2\/posts"}],"about":[{"href":"https:\/\/www.europesays.com\/pt\/wp-json\/wp\/v2\/types\/post"}],"author":[{"embeddable":true,"href":"https:\/\/www.europesays.com\/pt\/wp-json\/wp\/v2\/users\/2"}],"replies":[{"embeddable":true,"href":"https:\/\/www.europesays.com\/pt\/wp-json\/wp\/v2\/comments?post=162250"}],"version-history":[{"count":0,"href":"https:\/\/www.europesays.com\/pt\/wp-json\/wp\/v2\/posts\/162250\/revisions"}],"wp:featuredmedia":[{"embeddable":true,"href":"https:\/\/www.europesays.com\/pt\/wp-json\/wp\/v2\/media\/162251"}],"wp:attachment":[{"href":"https:\/\/www.europesays.com\/pt\/wp-json\/wp\/v2\/media?parent=162250"}],"wp:term":[{"taxonomy":"category","embeddable":true,"href":"https:\/\/www.europesays.com\/pt\/wp-json\/wp\/v2\/categories?post=162250"},{"taxonomy":"post_tag","embeddable":true,"href":"https:\/\/www.europesays.com\/pt\/wp-json\/wp\/v2\/tags?post=162250"}],"curies":[{"name":"wp","href":"https:\/\/api.w.org\/{rel}","templated":true}]}}