{"id":162258,"date":"2025-11-23T15:55:09","date_gmt":"2025-11-23T15:55:09","guid":{"rendered":"https:\/\/www.europesays.com\/pt\/162258\/"},"modified":"2025-11-23T15:55:09","modified_gmt":"2025-11-23T15:55:09","slug":"portadores-de-hiv-no-brasil-estatisticas-desafios-e-politicas-publicas-em-evolucao","status":"publish","type":"post","link":"https:\/\/www.europesays.com\/pt\/162258\/","title":{"rendered":"Portadores de HIV no Brasil: estat\u00edsticas, desafios e pol\u00edticas p\u00fablicas em evolu\u00e7\u00e3o"},"content":{"rendered":"\n<p>A popula\u00e7\u00e3o vivendo com HIV no Brasil atravessa um momento de avan\u00e7os importantes, mas ainda enfrenta obst\u00e1culos estruturais que comprometem a plena efic\u00e1cia das pol\u00edticas p\u00fablicas. Os dados mais recentes revelam um pa\u00eds que evoluiu em preven\u00e7\u00e3o, diagn\u00f3stico e tratamento, por\u00e9m ainda convive com desigualdades, estigmas e falhas de gest\u00e3o.<\/p>\n<p><strong>Panorama estat\u00edstico atualizado<\/strong><\/p>\n<p>O Brasil possui aproximadamente <strong>960 mil pessoas vivendo com HIV<\/strong>, segundo o \u00faltimo Boletim Epidemiol\u00f3gico do Minist\u00e9rio da Sa\u00fade. A taxa de detec\u00e7\u00e3o estabilizou-se na \u00faltima d\u00e9cada, com leve queda entre jovens adultos, mas aumento proporcional entre pessoas acima de 50 anos, o que indica mudan\u00e7as no perfil epidemiol\u00f3gico. Cerca de <strong>90% dos infectados est\u00e3o diagnosticados<\/strong>, e aproximadamente <strong>82% fazem uso de terapia antirretroviral (TARV)<\/strong>.<\/p>\n<p>Os resultados do tratamento tamb\u00e9m s\u00e3o expressivos: <strong>atividade viral indetect\u00e1vel<\/strong> foi alcan\u00e7ada por cerca de <strong>77%<\/strong> dos pacientes em terapia cont\u00ednua. Isso coloca o Brasil pr\u00f3ximo das metas internacionais 95-95-95, mas ainda aqu\u00e9m de pa\u00edses que j\u00e1 consolidaram maior capilaridade na rede de aten\u00e7\u00e3o b\u00e1sica.<\/p>\n<p>A mortalidade relacionada \u00e0 Aids apresentou queda significativa: <strong>redu\u00e7\u00e3o de 25% em dez anos<\/strong>, embora regi\u00f5es Norte e Nordeste ainda concentrem taxas mais elevadas devido \u00e0 menor cobertura de sa\u00fade e barreiras no acesso a exames e medicamentos.<\/p>\n<p><strong>Desigualdades regionais e sociais<\/strong><\/p>\n<p>O avan\u00e7o n\u00e3o \u00e9 homog\u00eaneo. Estados das regi\u00f5es Norte e Nordeste continuam com menores taxas de testagem, menor regularidade na distribui\u00e7\u00e3o de TARV e menos centros especializados. Popula\u00e7\u00f5es vulner\u00e1veis \u2014 como pessoas trans, profissionais do sexo, homens que fazem sexo com homens (HSH), popula\u00e7\u00e3o carcer\u00e1ria e moradores de rua \u2014 continuam apresentando preval\u00eancia maior e piores indicadores de ades\u00e3o ao tratamento.<\/p>\n<p>Outro desafio estrutural \u00e9 o <strong>estigma social<\/strong>, ainda muito presente e respons\u00e1vel por impedir testagem, acompanhamento e continuidade terap\u00eautica. Em muitos munic\u00edpios pequenos, pacientes evitam buscar servi\u00e7os por medo de exposi\u00e7\u00e3o.<\/p>\n<p><strong>Pol\u00edticas p\u00fablicas adotadas<\/strong><\/p>\n<p>O Brasil mant\u00e9m um dos programas de combate ao HIV mais reconhecidos internacionalmente, com pilares que se destacam:<\/p>\n<p><strong>Amplia\u00e7\u00e3o da testagem r\u00e1pida<\/strong><br \/>O SUS distribui testes r\u00e1pidos gratuitos em unidades b\u00e1sicas, maternidades, UPAs e a\u00e7\u00f5es itinerantes. O desafio atual \u00e9 expandir a busca ativa e integrar testagem em servi\u00e7os de sa\u00fade mental, depend\u00eancia qu\u00edmica e aten\u00e7\u00e3o \u00e0 popula\u00e7\u00e3o de rua.<\/p>\n<p><strong>Terapia antirretroviral gratuita e universal<\/strong><br \/>O pa\u00eds foi pioneiro na oferta universal de TARV. Hoje, o esquema inicial \u00e9 composto por medicamentos modernos, de dose \u00fanica di\u00e1ria, com menor toxicidade. Por\u00e9m, interrup\u00e7\u00f5es pontuais de estoque ainda acontecem em alguns estados.<\/p>\n<p><strong>PrEP e PEP como estrat\u00e9gias centrais<\/strong><br \/>A <strong>PrEP (profilaxia pr\u00e9-exposi\u00e7\u00e3o)<\/strong> cresceu 213% em quatro anos, tornando-se uma das principais ferramentas de preven\u00e7\u00e3o combinada. J\u00e1 a <strong>PEP (profilaxia p\u00f3s-exposi\u00e7\u00e3o)<\/strong> segue consolidada, mas ainda pouco utilizada fora das capitais.<\/p>\n<p><strong>Campanhas de conscientiza\u00e7\u00e3o<\/strong><br \/>As campanhas oficiais perderam intensidade nos \u00faltimos anos, abrindo espa\u00e7o para retrocessos na informa\u00e7\u00e3o p\u00fablica. Organiza\u00e7\u00f5es civis e coletivos retomaram parte desse papel, mas o alcance \u00e9 menor.<\/p>\n<p><strong>Desafios das pol\u00edticas p\u00fablicas<\/strong><\/p>\n<p>Apesar dos avan\u00e7os, persistem gargalos:<\/p>\n<ol class=\"wp-block-list\">\n<li><strong>Falta de continuidade nas campanhas nacionais<\/strong> prejudica a percep\u00e7\u00e3o de risco e a ades\u00e3o preventiva.<\/li>\n<li><strong>Desigualdade regional<\/strong> limita o impacto do programa nacional.<\/li>\n<li><strong>Estigma persistente<\/strong> impede que muitas pessoas procurem testagem e tratamento.<\/li>\n<li><strong>Baixa aten\u00e7\u00e3o \u00e0 sa\u00fade sexual de idosos<\/strong>, grupo cuja incid\u00eancia cresce silenciosamente.<\/li>\n<li><strong>Integra\u00e7\u00e3o insuficiente com pol\u00edticas de educa\u00e7\u00e3o sexual<\/strong>, reduzidas em diversas gest\u00f5es municipais e estaduais.<\/li>\n<\/ol>\n<p><strong>Perspectivas<\/strong><\/p>\n<p>O Brasil tem condi\u00e7\u00f5es t\u00e9cnicas e estruturais para consolidar as metas 95-95-95, mas isso exige mais investimento em aten\u00e7\u00e3o b\u00e1sica, campanhas permanentes e integra\u00e7\u00e3o entre sa\u00fade p\u00fablica, educa\u00e7\u00e3o e assist\u00eancia social. O HIV n\u00e3o \u00e9 apenas uma quest\u00e3o biom\u00e9dica: \u00e9 social, cultural e pol\u00edtica.<\/p>\n<p>O pa\u00eds avan\u00e7ou ao garantir diagn\u00f3stico e tratamento universal, mas precisa encarar com seriedade o combate ao preconceito, a amplia\u00e7\u00e3o da preven\u00e7\u00e3o e a descentraliza\u00e7\u00e3o da rede de atendimento. Sem isso, os bons resultados correm o risco de estagnar diante de uma realidade que ainda exige vigil\u00e2ncia constante.<\/p>\n","protected":false},"excerpt":{"rendered":"A popula\u00e7\u00e3o vivendo com HIV no Brasil atravessa um momento de avan\u00e7os importantes, mas ainda enfrenta obst\u00e1culos estruturais&hellip;\n","protected":false},"author":2,"featured_media":162259,"comment_status":"","ping_status":"","sticky":false,"template":"","format":"standard","meta":{"footnotes":""},"categories":[86],"tags":[116,32,33,117],"class_list":{"0":"post-162258","1":"post","2":"type-post","3":"status-publish","4":"format-standard","5":"has-post-thumbnail","7":"category-saude","8":"tag-health","9":"tag-portugal","10":"tag-pt","11":"tag-saude"},"share_on_mastodon":{"url":"https:\/\/pubeurope.com\/@pt\/115599830132607359","error":""},"_links":{"self":[{"href":"https:\/\/www.europesays.com\/pt\/wp-json\/wp\/v2\/posts\/162258","targetHints":{"allow":["GET"]}}],"collection":[{"href":"https:\/\/www.europesays.com\/pt\/wp-json\/wp\/v2\/posts"}],"about":[{"href":"https:\/\/www.europesays.com\/pt\/wp-json\/wp\/v2\/types\/post"}],"author":[{"embeddable":true,"href":"https:\/\/www.europesays.com\/pt\/wp-json\/wp\/v2\/users\/2"}],"replies":[{"embeddable":true,"href":"https:\/\/www.europesays.com\/pt\/wp-json\/wp\/v2\/comments?post=162258"}],"version-history":[{"count":0,"href":"https:\/\/www.europesays.com\/pt\/wp-json\/wp\/v2\/posts\/162258\/revisions"}],"wp:featuredmedia":[{"embeddable":true,"href":"https:\/\/www.europesays.com\/pt\/wp-json\/wp\/v2\/media\/162259"}],"wp:attachment":[{"href":"https:\/\/www.europesays.com\/pt\/wp-json\/wp\/v2\/media?parent=162258"}],"wp:term":[{"taxonomy":"category","embeddable":true,"href":"https:\/\/www.europesays.com\/pt\/wp-json\/wp\/v2\/categories?post=162258"},{"taxonomy":"post_tag","embeddable":true,"href":"https:\/\/www.europesays.com\/pt\/wp-json\/wp\/v2\/tags?post=162258"}],"curies":[{"name":"wp","href":"https:\/\/api.w.org\/{rel}","templated":true}]}}