{"id":162266,"date":"2025-11-23T16:03:14","date_gmt":"2025-11-23T16:03:14","guid":{"rendered":"https:\/\/www.europesays.com\/pt\/162266\/"},"modified":"2025-11-23T16:03:14","modified_gmt":"2025-11-23T16:03:14","slug":"apos-sofrer-avc-nuno-markl-e-arrasado-por-figura-publica-e-responde-a-letra-gostaria-de-te-mandar-para-o","status":"publish","type":"post","link":"https:\/\/www.europesays.com\/pt\/162266\/","title":{"rendered":"Ap\u00f3s sofrer AVC, Nuno Markl \u00e9 arrasado por figura p\u00fablica&#8230; e responde \u00e0 letra: &#8220;Gostaria de te mandar para o&#8230;&#8221;"},"content":{"rendered":"<p><a data-olk-copy-source=\"MailCompose\" href=\"https:\/\/selfie.iol.pt\/famosos\/nuno-markl\/horas-antes-de-ser-internado-nuno-markl-destacou-momento-especial-nao-consente-que-eu-me-mova-um-milimetro\/20251121\/69203567d34e2bd5c6d43d21\" id=\"OWA11cbae91-a704-4da3-5b43-360119c501c8\" target=\"_blank\" wbo-id=\"59\" rel=\"nofollow noopener\">Nuno Markl foi internado de urg\u00eancia, na passada quinta-feira, dia 20, na sequ\u00eancia de um AVC, como avan\u00e7ou a CMTV<\/a>.<\/p>\n<p>Ap\u00f3s ter quebrado o sil\u00eancio no Instagram,\u00a0<a href=\"https:\/\/selfie.iol.pt\/famosos\/nuno-markl\/apos-sofrer-avc-nuno-markl-quebra-o-silencio-nao-somos-super-homens\/20251121\/6920523fd34e2bd5c6d43f7d\" id=\"OWAa786bec2-4f65-6610-0808-c64a81f3e5cb\" target=\"_blank\" wbo-id=\"60\" rel=\"nofollow noopener\">garantindo estar a recuperar<\/a>, o humorista voltou a interagir com os seguidores, desta vez, para responder \u00e0 letra a Gustavo Santos.<\/p>\n<p>O influenciador digital recorreu ao Instagram para deixar uma reflex\u00e3o pol\u00e9mica sobre o problema de sa\u00fade de Nuno Markl. Gustavo Santos acabou mesmo por adjetivar o radialista como &#8220;p\u00e1lido, fl\u00e1cido, pr\u00e9-obeso e pr\u00f3-vacinas&#8221;.<\/p>\n<p>Sem papas na l\u00edngua, Nuno Markl respondeu-lhe \u00e0 letra: &#8220;Querido Gustavo, estou muito zen agora e \u00e9 muito zen que gostaria de te mandar para o c******. Bom dia!&#8221;<\/p>\n<p>Veja, agora, algumas das melhores imagens de Nuno Markl nas galerias de fotografias que prepar\u00e1mos para si.<\/p>\n<p><img decoding=\"async\" alt=\"\" onclick=\"\" src=\"https:\/\/www.europesays.com\/pt\/wp-content\/uploads\/2025\/11\/1763913794_584_1024.jpeg\" title=\"Nuno Markl\"\/><\/p>\n","protected":false},"excerpt":{"rendered":"Nuno Markl foi internado de urg\u00eancia, na passada quinta-feira, dia 20, na sequ\u00eancia de um AVC, como avan\u00e7ou&hellip;\n","protected":false},"author":2,"featured_media":162267,"comment_status":"","ping_status":"","sticky":false,"template":"","format":"standard","meta":{"footnotes":""},"categories":[145],"tags":[1493,211,210,114,115,980,34443,1015,619,11435,32,33,117,1012],"class_list":{"0":"post-162266","1":"post","2":"type-post","3":"status-publish","4":"format-standard","5":"has-post-thumbnail","7":"category-celebridades","8":"tag-avc","9":"tag-celebridades","10":"tag-celebrities","11":"tag-entertainment","12":"tag-entretenimento","13":"tag-famosos","14":"tag-gustavo-santos","15":"tag-instagram","16":"tag-nacional","17":"tag-nuno-markl","18":"tag-portugal","19":"tag-pt","20":"tag-saude","21":"tag-selfie"},"share_on_mastodon":{"url":"https:\/\/pubeurope.com\/@pt\/115599861768981453","error":""},"_links":{"self":[{"href":"https:\/\/www.europesays.com\/pt\/wp-json\/wp\/v2\/posts\/162266","targetHints":{"allow":["GET"]}}],"collection":[{"href":"https:\/\/www.europesays.com\/pt\/wp-json\/wp\/v2\/posts"}],"about":[{"href":"https:\/\/www.europesays.com\/pt\/wp-json\/wp\/v2\/types\/post"}],"author":[{"embeddable":true,"href":"https:\/\/www.europesays.com\/pt\/wp-json\/wp\/v2\/users\/2"}],"replies":[{"embeddable":true,"href":"https:\/\/www.europesays.com\/pt\/wp-json\/wp\/v2\/comments?post=162266"}],"version-history":[{"count":0,"href":"https:\/\/www.europesays.com\/pt\/wp-json\/wp\/v2\/posts\/162266\/revisions"}],"wp:featuredmedia":[{"embeddable":true,"href":"https:\/\/www.europesays.com\/pt\/wp-json\/wp\/v2\/media\/162267"}],"wp:attachment":[{"href":"https:\/\/www.europesays.com\/pt\/wp-json\/wp\/v2\/media?parent=162266"}],"wp:term":[{"taxonomy":"category","embeddable":true,"href":"https:\/\/www.europesays.com\/pt\/wp-json\/wp\/v2\/categories?post=162266"},{"taxonomy":"post_tag","embeddable":true,"href":"https:\/\/www.europesays.com\/pt\/wp-json\/wp\/v2\/tags?post=162266"}],"curies":[{"name":"wp","href":"https:\/\/api.w.org\/{rel}","templated":true}]}}