{"id":162282,"date":"2025-11-23T16:18:33","date_gmt":"2025-11-23T16:18:33","guid":{"rendered":"https:\/\/www.europesays.com\/pt\/162282\/"},"modified":"2025-11-23T16:18:33","modified_gmt":"2025-11-23T16:18:33","slug":"tentou-matar-cunhados-enquanto-todos-consumiam-drogas-sinteticas","status":"publish","type":"post","link":"https:\/\/www.europesays.com\/pt\/162282\/","title":{"rendered":"Tentou matar cunhados enquanto todos consumiam drogas sint\u00e9ticas"},"content":{"rendered":"<p data-remotead-prev-elm=\"true\" data-remotead-elm-id=\"inread\">Segundo um comunicado da PJ, agressor e v\u00edtimas, todos cunhados, estariam a consumir drogas sint\u00e9ticas, no concelho de Lagoa, no passado dia 12, quando se ter\u00e3o desentendido por motivos de natureza familiar.<\/p>\n<p>&#8220;Durante a discuss\u00e3o, o detido utilizou um instrumento corto-perfurante, com o qual produziu ferimentos graves no tronco de ambas as v\u00edtimas, que receberam assist\u00eancia m\u00e9dica e foram transportados de urg\u00eancia para o hospital, onde foram submetidas a interven\u00e7\u00e3o cir\u00fargica&#8221;, descreve a PJ.<\/p>\n<p>O suspeito de dois crimes de homic\u00eddio na forma tentada foi detido e apresentado \u00e0s autoridades judici\u00e1rias competentes. Foi libertado, mas com a proibi\u00e7\u00e3o de contactos e de aproxima\u00e7\u00e3o \u00e0s v\u00edtimas.<\/p>\n","protected":false},"excerpt":{"rendered":"Segundo um comunicado da PJ, agressor e v\u00edtimas, todos cunhados, estariam a consumir drogas sint\u00e9ticas, no concelho de&hellip;\n","protected":false},"author":2,"featured_media":162283,"comment_status":"","ping_status":"","sticky":false,"template":"","format":"standard","meta":{"footnotes":""},"categories":[8],"tags":[27,28,15,16,14,603,25,26,21,22,12,13,19,20,34463,32,23,24,33,25735,17,18,29,30,31],"class_list":{"0":"post-162282","1":"post","2":"type-post","3":"status-publish","4":"format-standard","5":"has-post-thumbnail","7":"category-principais-noticias","8":"tag-breaking-news","9":"tag-breakingnews","10":"tag-featured-news","11":"tag-featurednews","12":"tag-headlines","13":"tag-justica","14":"tag-latest-news","15":"tag-latestnews","16":"tag-main-news","17":"tag-mainnews","18":"tag-news","19":"tag-noticias","20":"tag-noticias-principais","21":"tag-noticiasprincipais","22":"tag-pj-acores","23":"tag-portugal","24":"tag-principais-noticias","25":"tag-principaisnoticias","26":"tag-pt","27":"tag-tentativa-de-homicidio","28":"tag-top-stories","29":"tag-topstories","30":"tag-ultimas","31":"tag-ultimas-noticias","32":"tag-ultimasnoticias"},"share_on_mastodon":{"url":"https:\/\/pubeurope.com\/@pt\/115599920775165488","error":""},"_links":{"self":[{"href":"https:\/\/www.europesays.com\/pt\/wp-json\/wp\/v2\/posts\/162282","targetHints":{"allow":["GET"]}}],"collection":[{"href":"https:\/\/www.europesays.com\/pt\/wp-json\/wp\/v2\/posts"}],"about":[{"href":"https:\/\/www.europesays.com\/pt\/wp-json\/wp\/v2\/types\/post"}],"author":[{"embeddable":true,"href":"https:\/\/www.europesays.com\/pt\/wp-json\/wp\/v2\/users\/2"}],"replies":[{"embeddable":true,"href":"https:\/\/www.europesays.com\/pt\/wp-json\/wp\/v2\/comments?post=162282"}],"version-history":[{"count":0,"href":"https:\/\/www.europesays.com\/pt\/wp-json\/wp\/v2\/posts\/162282\/revisions"}],"wp:featuredmedia":[{"embeddable":true,"href":"https:\/\/www.europesays.com\/pt\/wp-json\/wp\/v2\/media\/162283"}],"wp:attachment":[{"href":"https:\/\/www.europesays.com\/pt\/wp-json\/wp\/v2\/media?parent=162282"}],"wp:term":[{"taxonomy":"category","embeddable":true,"href":"https:\/\/www.europesays.com\/pt\/wp-json\/wp\/v2\/categories?post=162282"},{"taxonomy":"post_tag","embeddable":true,"href":"https:\/\/www.europesays.com\/pt\/wp-json\/wp\/v2\/tags?post=162282"}],"curies":[{"name":"wp","href":"https:\/\/api.w.org\/{rel}","templated":true}]}}