{"id":162300,"date":"2025-11-23T16:36:20","date_gmt":"2025-11-23T16:36:20","guid":{"rendered":"https:\/\/www.europesays.com\/pt\/162300\/"},"modified":"2025-11-23T16:36:20","modified_gmt":"2025-11-23T16:36:20","slug":"vem-ai-afonso-faz-o-impensavel-ao-tio-dentro-da-prisao","status":"publish","type":"post","link":"https:\/\/www.europesays.com\/pt\/162300\/","title":{"rendered":"Vem a\u00ed: Afonso faz o impens\u00e1vel ao tio dentro da pris\u00e3o"},"content":{"rendered":"<p>Nos pr\u00f3ximos epis\u00f3dios de\u00a0<a href=\"https:\/\/sic.pt\/programas\/vitoria\" target=\"_blank\" rel=\"noopener noreferrer nofollow\">&#8216;Vit\u00f3ria&#8217;<\/a>,\u00a0o ambiente vai aquecer. Afonso vai \u00e0 pris\u00e3o visitar o tio e confronta-o sobre o que fez a Vit\u00f3ria. S\u00e9rgio diz-lhe que \u00e9 tudo mentira e confessa que estava \u00e0 espera de um pedido de desculpas. Furioso, o irm\u00e3o de Matilde d\u00e1-lhe uma cabe\u00e7ada e avisa-o que, se volta a aproximar-se da m\u00e3e, o mata.\u00a0Ora espreite as fotografias acima!<\/p>\n<p><a href=\"https:\/\/sic.pt\/programas\/vitoria\/fotos\/2025-11-12-as-imagens-que-nunca-viu-dos-bastidores-de-vitoria-d0657dae?utm_source=sic&amp;utm_medium=category&amp;utm_campaign=WEB&amp;utm_content=\/programas\/vitoria\/fotos\/2025-11-12-as-imagens-que-nunca-viu-dos-bastidores-de-vitoria-d0657dae\" target=\"_self\" rel=\"nofollow noopener\"><strong>As imagens que nunca viu dos bastidores de &#8216;Vit\u00f3ria&#8217;<\/strong><\/a><\/p>\n","protected":false},"excerpt":{"rendered":"Nos pr\u00f3ximos epis\u00f3dios de\u00a0&#8216;Vit\u00f3ria&#8217;,\u00a0o ambiente vai aquecer. Afonso vai \u00e0 pris\u00e3o visitar o tio e confronta-o sobre o&hellip;\n","protected":false},"author":2,"featured_media":162301,"comment_status":"","ping_status":"","sticky":false,"template":"","format":"standard","meta":{"footnotes":""},"categories":[142],"tags":[114,115,32,33,151],"class_list":{"0":"post-162300","1":"post","2":"type-post","3":"status-publish","4":"format-standard","5":"has-post-thumbnail","7":"category-tv","8":"tag-entertainment","9":"tag-entretenimento","10":"tag-portugal","11":"tag-pt","12":"tag-tv"},"share_on_mastodon":{"url":"https:\/\/pubeurope.com\/@pt\/115599991326866808","error":""},"_links":{"self":[{"href":"https:\/\/www.europesays.com\/pt\/wp-json\/wp\/v2\/posts\/162300","targetHints":{"allow":["GET"]}}],"collection":[{"href":"https:\/\/www.europesays.com\/pt\/wp-json\/wp\/v2\/posts"}],"about":[{"href":"https:\/\/www.europesays.com\/pt\/wp-json\/wp\/v2\/types\/post"}],"author":[{"embeddable":true,"href":"https:\/\/www.europesays.com\/pt\/wp-json\/wp\/v2\/users\/2"}],"replies":[{"embeddable":true,"href":"https:\/\/www.europesays.com\/pt\/wp-json\/wp\/v2\/comments?post=162300"}],"version-history":[{"count":0,"href":"https:\/\/www.europesays.com\/pt\/wp-json\/wp\/v2\/posts\/162300\/revisions"}],"wp:featuredmedia":[{"embeddable":true,"href":"https:\/\/www.europesays.com\/pt\/wp-json\/wp\/v2\/media\/162301"}],"wp:attachment":[{"href":"https:\/\/www.europesays.com\/pt\/wp-json\/wp\/v2\/media?parent=162300"}],"wp:term":[{"taxonomy":"category","embeddable":true,"href":"https:\/\/www.europesays.com\/pt\/wp-json\/wp\/v2\/categories?post=162300"},{"taxonomy":"post_tag","embeddable":true,"href":"https:\/\/www.europesays.com\/pt\/wp-json\/wp\/v2\/tags?post=162300"}],"curies":[{"name":"wp","href":"https:\/\/api.w.org\/{rel}","templated":true}]}}