{"id":162304,"date":"2025-11-23T16:40:35","date_gmt":"2025-11-23T16:40:35","guid":{"rendered":"https:\/\/www.europesays.com\/pt\/162304\/"},"modified":"2025-11-23T16:40:35","modified_gmt":"2025-11-23T16:40:35","slug":"uso-de-cigarros-eletronicos-impulsiona-aumento-do-tabagismo-no-brasil-alertam-especialistas","status":"publish","type":"post","link":"https:\/\/www.europesays.com\/pt\/162304\/","title":{"rendered":"Uso de cigarros eletr\u00f4nicos impulsiona aumento do tabagismo no Brasil, alertam especialistas"},"content":{"rendered":"<p>A propor\u00e7\u00e3o de adultos fumantes nas capitais brasileiras subiu de 9,3% em 2023 para 11,6% em 2024, segundo pesquisa preliminar do Minist\u00e9rio da Sa\u00fade. O avan\u00e7o ocorre em um cen\u00e1rio marcado pela expans\u00e3o dos cigarros eletr\u00f4nicos e pela redu\u00e7\u00e3o de campanhas de conscientiza\u00e7\u00e3o.<\/p>\n<p>Para a psic\u00f3loga T\u00e2nia Bolognesi, do programa Viver Bem da Unimed, muitas pessoas ainda enxergam o cigarro como um \u201ccompanheiro\u201d emocional, o que refor\u00e7a o ciclo do v\u00edcio. O tabagismo \u00e9 reconhecido como doen\u00e7a cr\u00f4nica e psiqui\u00e1trica pela Organiza\u00e7\u00e3o Mundial da Sa\u00fade, geralmente iniciada na adolesc\u00eancia, entre 14 e 16 anos.<\/p>\n<p><img data-lazyloaded=\"1\" fetchpriority=\"high\" decoding=\"async\" width=\"1024\" height=\"576\" src=\"https:\/\/s.tododia.com.br\/wp-content\/uploads\/2025\/11\/SITE-FOTOS-16-2-1024x576.jpg\" alt=\"\" class=\"wp-image-212652 webpexpress-processed\"  data-\/>A nicotina \u00e9 uma subst\u00e2ncia altamente viciante que atua no c\u00e9rebro liberando dopamina, neurotransmissor associado ao prazer e al\u00edvio emocional. Foto: Divulga\u00e7\u00e3o\/Minist\u00e9rio da Sa\u00fade<\/p>\n<p><strong>Vapes impulsionam nova gera\u00e7\u00e3o de dependentes<\/strong><br \/>O cirurgi\u00e3o tor\u00e1cico Dr. Aur\u00edlio Garcia afirma que a alta no n\u00famero de fumantes est\u00e1 relacionada \u00e0 falta de campanhas de preven\u00e7\u00e3o e ao crescimento do uso de cigarros eletr\u00f4nicos entre jovens. Ele ressalta que a percep\u00e7\u00e3o de que os vapes seriam menos prejudiciais \u201cn\u00e3o \u00e9 verdadeira\u201d, citando estudos que apontam migra\u00e7\u00e3o de jovens dos eletr\u00f4nicos para o cigarro tradicional.<\/p>\n<p>T\u00e2nia explica que os dispositivos t\u00eam alta concentra\u00e7\u00e3o de nicotina, podendo corresponder a at\u00e9 100 cigarros por unidade. Segundo estimativas citadas pela psic\u00f3loga, mais de um milh\u00e3o de produtos \u00e0 base de nicotina s\u00e3o consumidos por m\u00eas apenas na cidade de S\u00e3o Paulo.<\/p>\n<p><img loading=\"lazy\" data-lazyloaded=\"1\" decoding=\"async\" width=\"1024\" height=\"576\" src=\"https:\/\/s.tododia.com.br\/wp-content\/uploads\/2025\/11\/SITE-FOTOS-18-2-1024x576.jpg\" alt=\"\" class=\"wp-image-212656 webpexpress-processed\"  data-\/> Segundo dados citados pelos especialistas, 16% dos casos de c\u00e2ncer de pulm\u00e3o relacionados ao tabagismo atingem fumantes passivos. Foto: Reprodu\u00e7\u00e3o <\/p>\n<p><strong>Como age a nicotina no organismo<\/strong><br \/>A nicotina atua no c\u00e9rebro liberando dopamina, neurotransmissor associado ao prazer. O uso cont\u00ednuo gera toler\u00e2ncia e depend\u00eancia f\u00edsica e psicol\u00f3gica. Na aus\u00eancia da subst\u00e2ncia, surgem sintomas como irritabilidade, dor de cabe\u00e7a, ansiedade e ins\u00f4nia.<\/p>\n<p><strong>Danos provocados pelo cigarro tradicional<\/strong><br \/>O Dr. Aur\u00edlio alerta que o cigarro compromete v\u00e1rios sistemas do corpo. As subst\u00e2ncias t\u00f3xicas lesionam vasos sangu\u00edneos e aumentam o risco de infarto, AVC e trombose. O tabagismo tamb\u00e9m est\u00e1 ligado ao enfisema pulmonar, com destrui\u00e7\u00e3o de alv\u00e9olos e perda de capacidade respirat\u00f3ria. Nos casos mais graves, pode haver necessidade de oxig\u00eanio suplementar.<\/p>\n<p>A inflama\u00e7\u00e3o cr\u00f4nica e as muta\u00e7\u00f5es celulares aumentam o risco de tumores. Mais de 70% dos casos de c\u00e2ncer de pulm\u00e3o t\u00eam rela\u00e7\u00e3o direta com o tabagismo. H\u00e1 ainda associa\u00e7\u00e3o com tumores de boca, laringe, es\u00f4fago, est\u00f4mago, p\u00e2ncreas, intestino e colo do \u00fatero.<br \/>J\u00e1 fumantes passivos representam 16% dos casos de c\u00e2ncer de pulm\u00e3o relacionados ao tabagismo, al\u00e9m de apresentarem maior risco de doen\u00e7as cardiovasculares e pulmonares.<\/p>\n<p><strong>Cigarro eletr\u00f4nico provoca danos mais r\u00e1pidos<\/strong><br \/>Segundo o m\u00e9dico, os cigarros eletr\u00f4nicos t\u00eam causado les\u00f5es aceleradas nos pulm\u00f5es, com aumento de casos entre jovens. \u201cElas provocam uma inflama\u00e7\u00e3o que pode evoluir para fibrose pulmonar. N\u00f3s j\u00e1 estamos verificando casos de pacientes jovens.\u201d A fibrose \u00e9 irrevers\u00edvel e reduz rapidamente a capacidade respirat\u00f3ria, j\u00e1 que os produtos qu\u00edmicos entram diretamente nos pulm\u00f5es.<\/p>\n<p>Profissionais de sa\u00fade relatam pacientes jovens com perda significativa de fun\u00e7\u00e3o pulmonar e epis\u00f3dios de escarro com sangue, prejudicando estudo, trabalho e rotina.<\/p>\n<p><strong>Depend\u00eancia psicol\u00f3gica e gatilhos do v\u00edcio<\/strong><br \/>Al\u00e9m da depend\u00eancia qu\u00edmica, T\u00e2nia destaca o v\u00ednculo emocional do cigarro com situa\u00e7\u00f5es cotidianas, como dirigir, tomar caf\u00e9 ou enfrentar problemas. Muitos fumantes descrevem o cigarro como \u201cum amigo\u201d. A psic\u00f3loga recomenda estrat\u00e9gias como definir uma data para parar, reduzir o acesso ao cigarro, usar um \u201ckit de fissura\u201d, beber \u00e1gua, respirar profundamente, manter alimenta\u00e7\u00e3o leve e buscar apoio profissional.<\/p>\n<p>O Dr. Aur\u00edlio refor\u00e7a que parar de fumar envolve dois processos: cessar a depend\u00eancia qu\u00edmica e romper o h\u00e1bito. \u201cEm cerca de uma semana, o c\u00e9rebro praticamente deixa de pedir nicotina. Mesmo sem precisar quimicamente, o h\u00e1bito faz o c\u00e9rebro continuar pedindo o cigarro.\u201d<\/p>\n<p><strong>Benef\u00edcios de parar de fumar<\/strong><br \/>Os efeitos positivos surgem nas primeiras semanas, com melhora da respira\u00e7\u00e3o e redu\u00e7\u00e3o da ansiedade. Em um ano, o risco de doen\u00e7as cardiovasculares cai pela metade. Em dez anos, o risco de c\u00e2ncer reduz 50%. Ap\u00f3s 20 anos, aproxima-se do \u00edndice de quem nunca fumou.<\/p>\n<p>A recupera\u00e7\u00e3o pulmonar, por\u00e9m, tem limites. O tecido destru\u00eddo n\u00e3o se regenera, mas parar de fumar impede a progress\u00e3o dos danos. \u201cA decis\u00e3o de parar de fumar \u00e9 dif\u00edcil, mas os benef\u00edcios aparecem \u2014 e aparecem r\u00e1pido\u201d, afirma o especialista.<\/p>\n<p>Receba as not\u00edcias do Todo Dia no seu e-mail<\/p>\n","protected":false},"excerpt":{"rendered":"A propor\u00e7\u00e3o de adultos fumantes nas capitais brasileiras subiu de 9,3% em 2023 para 11,6% em 2024, segundo&hellip;\n","protected":false},"author":2,"featured_media":162305,"comment_status":"","ping_status":"","sticky":false,"template":"","format":"standard","meta":{"footnotes":""},"categories":[86],"tags":[116,32,33,117],"class_list":{"0":"post-162304","1":"post","2":"type-post","3":"status-publish","4":"format-standard","5":"has-post-thumbnail","7":"category-saude","8":"tag-health","9":"tag-portugal","10":"tag-pt","11":"tag-saude"},"share_on_mastodon":{"url":"https:\/\/pubeurope.com\/@pt\/115600007347994137","error":""},"_links":{"self":[{"href":"https:\/\/www.europesays.com\/pt\/wp-json\/wp\/v2\/posts\/162304","targetHints":{"allow":["GET"]}}],"collection":[{"href":"https:\/\/www.europesays.com\/pt\/wp-json\/wp\/v2\/posts"}],"about":[{"href":"https:\/\/www.europesays.com\/pt\/wp-json\/wp\/v2\/types\/post"}],"author":[{"embeddable":true,"href":"https:\/\/www.europesays.com\/pt\/wp-json\/wp\/v2\/users\/2"}],"replies":[{"embeddable":true,"href":"https:\/\/www.europesays.com\/pt\/wp-json\/wp\/v2\/comments?post=162304"}],"version-history":[{"count":0,"href":"https:\/\/www.europesays.com\/pt\/wp-json\/wp\/v2\/posts\/162304\/revisions"}],"wp:featuredmedia":[{"embeddable":true,"href":"https:\/\/www.europesays.com\/pt\/wp-json\/wp\/v2\/media\/162305"}],"wp:attachment":[{"href":"https:\/\/www.europesays.com\/pt\/wp-json\/wp\/v2\/media?parent=162304"}],"wp:term":[{"taxonomy":"category","embeddable":true,"href":"https:\/\/www.europesays.com\/pt\/wp-json\/wp\/v2\/categories?post=162304"},{"taxonomy":"post_tag","embeddable":true,"href":"https:\/\/www.europesays.com\/pt\/wp-json\/wp\/v2\/tags?post=162304"}],"curies":[{"name":"wp","href":"https:\/\/api.w.org\/{rel}","templated":true}]}}