{"id":162308,"date":"2025-11-23T16:44:18","date_gmt":"2025-11-23T16:44:18","guid":{"rendered":"https:\/\/www.europesays.com\/pt\/162308\/"},"modified":"2025-11-23T16:44:18","modified_gmt":"2025-11-23T16:44:18","slug":"exercito-israelita-reclama-morte-de-comandante-do-hamas-em-gaza-medio-oriente","status":"publish","type":"post","link":"https:\/\/www.europesays.com\/pt\/162308\/","title":{"rendered":"Ex\u00e9rcito israelita reclama morte de comandante do Hamas em Gaza | M\u00e9dio Oriente"},"content":{"rendered":"<p>O Ex\u00e9rcito israelita anunciou este domingo a morte de um comandante local do Hamas na Faixa de Gaza, enquanto Israel e o grupo islamista palestiniano continuam a trocar acusa\u00e7\u00f5es de viola\u00e7\u00e3o do cessar-fogo.<\/p>\n<p>Em comunicado, os militares de Israel identificaram o comandante como Alaa Al-Hadidi, respons\u00e1vel pelos fornecimentos do sector de produ\u00e7\u00e3o do Hamas. Segundo a nota, foi morto num dos <a href=\"https:\/\/www.publico.pt\/2025\/11\/22\/mundo\/noticia\/violencia-persiste-gaza-apesar-cessarfogo-ataques-israelitas-matam-14-pessoas-2155638\" rel=\"nofollow noopener\" target=\"_blank\">ataques <\/a>realizados no s\u00e1bado em v\u00e1rias partes do territ\u00f3rio.<\/p>\n<p>As For\u00e7as de Defesa de Israel (IDF, na sigla em ingl\u00eas), realizaram ataques a\u00e9reos em Gaza no s\u00e1bado, que o primeiro-ministro Benjamin Netanyahu disse terem sido uma resposta ao envio de um combatente do Hamas para uma \u00e1rea sob controlo israelita. Cinco altos membros do Hamas foram mortos, afirmou Netanyahu.<\/p>\n<p>O Hamas denunciou, entretanto, que Israel violou 497 vezes o cessar-fogo em Gaza em vigor desde 10 de Outubro. Segundo o balan\u00e7o do grupo islamista, 27 dessas viola\u00e7\u00f5es ocorreram no s\u00e1bado, quando uma nova vaga de ataques israelitas em todo o enclave palestiniano causou 24 mortos e 87 feridos.<\/p>\n<p>\u201cCondenamos nos termos mais firmes as cont\u00ednuas e graves viola\u00e7\u00f5es sistem\u00e1ticas do acordo de cessar-fogo por parte das autoridades de ocupa\u00e7\u00e3o israelitas\u201d, afirmou o gabinete pol\u00edtico do Hamas em comunicado.<\/p>\n<p>Ao longo dos 44 dias desde a assinatura do cessar-fogo, o Governo de Gaza contabiliza a morte de 342 civis \u2013 a maioria crian\u00e7as, mulheres e idosos, segundo o Minist\u00e9rio da Sa\u00fade de Gaza \u2013, 875 feridos e 35 deten\u00e7\u00f5es arbitr\u00e1rias em incurs\u00f5es e rusgas para al\u00e9m da chamada <a href=\"https:\/\/www.publico.pt\/2025\/10\/29\/mundo\/noticia\/quao-temporaria-sera-nova-fronteira-gaza-2152561\" rel=\"nofollow noopener\" target=\"_blank\">linha amarela<\/a>.<\/p>\n<p>A linha amarela \u00e9 a <a href=\"https:\/\/www.publico.pt\/2025\/10\/10\/mundo\/noticia\/israel-retira-linha-acordada-faixa-gaza-cessarfogo-vigor-2150338\" rel=\"nofollow noopener\" target=\"_blank\">demarca\u00e7\u00e3o <\/a>imagin\u00e1ria para a qual as tropas israelitas recuaram, embora ainda dentro de Gaza, quando o cessar-fogo entrou em vigor. Entre essa linha e as fronteiras de Gaza com Israel e com o Egipto, todo o per\u00edmetro, mais de 50% do enclave, est\u00e1 sob controlo militar israelita.<\/p>\n<p>O novo balan\u00e7o das autoridades do enclave sobre as viola\u00e7\u00f5es ao cessar-fogo inclui 142 tiroteios contra civis, habita\u00e7\u00f5es, bairros residenciais e tendas de deslocados, 21 incurs\u00f5es de ve\u00edculos em zonas residenciais e agr\u00edcolas, cruzando a \u2018linha amarela\u2019, 228 bombardeamentos terrestres, a\u00e9reos e de artilharia e 100 demoli\u00e7\u00f5es de habita\u00e7\u00f5es e infra-estruturas civis.<\/p>\n<p>Nas \u00faltimas horas, o Hamas acusou Israel de violar a tr\u00e9gua \u201ccom falsos pretextos\u201d e apelou aos mediadores (Estados Unidos, Egipto e Qatar) para \u201cintervirem urgentemente e pressionar para que estas viola\u00e7\u00f5es cessem de imediato\u201d.<\/p>\n","protected":false},"excerpt":{"rendered":"O Ex\u00e9rcito israelita anunciou este domingo a morte de um comandante local do Hamas na Faixa de Gaza,&hellip;\n","protected":false},"author":2,"featured_media":162309,"comment_status":"","ping_status":"","sticky":false,"template":"","format":"standard","meta":{"footnotes":""},"categories":[50],"tags":[27,28,15,16,532,255,14,259,25,26,21,22,432,62,12,13,19,20,542,23,24,17,18,29,30,31,63,64,65],"class_list":{"0":"post-162308","1":"post","2":"type-post","3":"status-publish","4":"format-standard","5":"has-post-thumbnail","7":"category-mundo","8":"tag-breaking-news","9":"tag-breakingnews","10":"tag-featured-news","11":"tag-featurednews","12":"tag-gaza","13":"tag-hamas","14":"tag-headlines","15":"tag-israel","16":"tag-latest-news","17":"tag-latestnews","18":"tag-main-news","19":"tag-mainnews","20":"tag-medio-oriente","21":"tag-mundo","22":"tag-news","23":"tag-noticias","24":"tag-noticias-principais","25":"tag-noticiasprincipais","26":"tag-para-redes","27":"tag-principais-noticias","28":"tag-principaisnoticias","29":"tag-top-stories","30":"tag-topstories","31":"tag-ultimas","32":"tag-ultimas-noticias","33":"tag-ultimasnoticias","34":"tag-world","35":"tag-world-news","36":"tag-worldnews"},"share_on_mastodon":{"url":"https:\/\/pubeurope.com\/@pt\/115600022782823023","error":""},"_links":{"self":[{"href":"https:\/\/www.europesays.com\/pt\/wp-json\/wp\/v2\/posts\/162308","targetHints":{"allow":["GET"]}}],"collection":[{"href":"https:\/\/www.europesays.com\/pt\/wp-json\/wp\/v2\/posts"}],"about":[{"href":"https:\/\/www.europesays.com\/pt\/wp-json\/wp\/v2\/types\/post"}],"author":[{"embeddable":true,"href":"https:\/\/www.europesays.com\/pt\/wp-json\/wp\/v2\/users\/2"}],"replies":[{"embeddable":true,"href":"https:\/\/www.europesays.com\/pt\/wp-json\/wp\/v2\/comments?post=162308"}],"version-history":[{"count":0,"href":"https:\/\/www.europesays.com\/pt\/wp-json\/wp\/v2\/posts\/162308\/revisions"}],"wp:featuredmedia":[{"embeddable":true,"href":"https:\/\/www.europesays.com\/pt\/wp-json\/wp\/v2\/media\/162309"}],"wp:attachment":[{"href":"https:\/\/www.europesays.com\/pt\/wp-json\/wp\/v2\/media?parent=162308"}],"wp:term":[{"taxonomy":"category","embeddable":true,"href":"https:\/\/www.europesays.com\/pt\/wp-json\/wp\/v2\/categories?post=162308"},{"taxonomy":"post_tag","embeddable":true,"href":"https:\/\/www.europesays.com\/pt\/wp-json\/wp\/v2\/tags?post=162308"}],"curies":[{"name":"wp","href":"https:\/\/api.w.org\/{rel}","templated":true}]}}