{"id":162310,"date":"2025-11-23T16:46:17","date_gmt":"2025-11-23T16:46:17","guid":{"rendered":"https:\/\/www.europesays.com\/pt\/162310\/"},"modified":"2025-11-23T16:46:17","modified_gmt":"2025-11-23T16:46:17","slug":"conversacoes-arrancam-em-genebra-com-duvidas-sobre-autoria-do-plano-de-paz-guerra-na-ucrania","status":"publish","type":"post","link":"https:\/\/www.europesays.com\/pt\/162310\/","title":{"rendered":"Conversa\u00e7\u00f5es arrancam em Genebra com d\u00favidas sobre autoria do plano de paz | Guerra na Ucr\u00e2nia"},"content":{"rendered":"<p>As delega\u00e7\u00f5es dos Estados Unidos, da Ucr\u00e2nia e de v\u00e1rios aliados europeus iniciaram este domingo conversa\u00e7\u00f5es em Genebra sobre o controverso plano de paz de 28 pontos promovido por Washington, que Donald Trump quer ver aprovado at\u00e9 quinta-feira por Volodymyr Zelensky. A proposta prev\u00ea que Kiev ceda territ\u00f3rio, limite as suas for\u00e7as armadas e renuncie \u00e0 entrada na NATO, condi\u00e7\u00f5es que os aliados europeus consideram perigosamente favor\u00e1veis a Moscovo.<\/p>\n<p>O secret\u00e1rio de Estado norte-americano, Marco Rubio, e o enviado especial Steve Witkoff chegaram este domingo \u00e0 Su\u00ed\u00e7a, bem como o secret\u00e1rio do Ex\u00e9rcito, Daniel Driscoll. A delega\u00e7\u00e3o ucraniana \u00e9 liderada por Andriy Iermak, chefe de gabinete de Zelensky, que descreveu como \u201cmuito construtiva\u201d a primeira reuni\u00e3o com representantes do Reino Unido, Fran\u00e7a e Alemanha.<\/p>\n<p>As tens\u00f5es entre Washington e Kiev adensaram-se ap\u00f3s Donald Trump acusar a lideran\u00e7a ucraniana de demonstrar \u201czero gratid\u00e3o\u201d pelos esfor\u00e7os dos EUA para p\u00f4r termo ao conflito. Numa mensagem publicada na plataforma Truth Social, o Presidente norte-americano afirmou ter herdado \u201cuma guerra que nunca deveria ter acontecido\u201d e criticou ainda a Europa, acusando-a de continuar a comprar petr\u00f3leo russo enquanto pressiona Washington por apoio adicional. As declara\u00e7\u00f5es foram interpretadas em Kiev como um sinal adicional da press\u00e3o crescente exercida pela Casa Branca.<\/p>\n<p>Em resposta indirecta \u00e0s cr\u00edticas de Trump, o actual secret\u00e1rio do Conselho de Seguran\u00e7a Nacional ucraniano, Rustem Umerov, expressou expectativas de progresso nas conversa\u00e7\u00f5es de Genebra. Num comunicado publicado na rede X, Umerov afirmou que as propostas em discuss\u00e3o \u201cincluem muitas prioridades ucranianas\u201d, embora ainda n\u00e3o estejam finalizadas. Sublinhou ainda que aprecia o facto de os negociadores norte-americanos \u201cterem trabalhado em estreita colabora\u00e7\u00e3o\u201d com Kiev para incorporar as suas preocupa\u00e7\u00f5es, garantindo que a delega\u00e7\u00e3o ucraniana pretende \u201caprofundar os avan\u00e7os\u201d nas reuni\u00f5es deste domingo.<\/p>\n<p>A BBC divulgou esta manh\u00e3 informa\u00e7\u00f5es que exp\u00f5em fissuras internas em Washington. Tr\u00eas senadores norte-americanos &#8211; Mike Rounds, Angus King e outro n\u00e3o identificado &#8211; afirmaram que Rubio lhes disse, numa chamada telef\u00f3nica, que o plano n\u00e3o \u00e9 norte-americano: seria uma proposta russa transmitida aos EUA e divulgada por um representante de Moscovo.<\/p>\n<p>A Casa Branca desmentiu categoricamente, dizendo que a informa\u00e7\u00e3o \u00e9 \u201cflagrantemente falsa\u201d. Rubio veio depois esclarecer que o plano foi elaborado pelos EUA, \u201ccom base em contributos da parte russa\u201d mas tamb\u00e9m com \u201ccontributos anteriores e cont\u00ednuos da Ucr\u00e2nia\u201d.<\/p>\n<p>A confus\u00e3o levou o primeiro-ministro polaco, Donald Tusk, a afirmar que \u201cseria bom saber ao certo quem \u00e9 o autor do plano e onde foi escrito\u201d.<\/p>\n<p>Num movimento coordenado, onze l\u00edderes europeus &#8211; entre os quais Fran\u00e7a, Alemanha, It\u00e1lia, Reino Unido e Espanha &#8211; criticaram o plano de Trump, afirmando numa declara\u00e7\u00e3o conjunta que a proposta \u201cdeixaria a Ucr\u00e2nia vulner\u00e1vel a ataques\u201d.<\/p>\n<p>A presidente da Comiss\u00e3o Europeia, Ursula von der Leyen, afirmou que qualquer plano de paz \u201ccred\u00edvel\u201d tem de p\u00f4r fim \u00e0 viol\u00eancia sem lan\u00e7ar as bases de novos conflitos, sublinhando que as fronteiras da Ucr\u00e2nia n\u00e3o podem ser alteradas pela for\u00e7a, que n\u00e3o pode haver limites \u00e0s capacidades militares ucranianas que &#8220;deixem o pa\u00eds vulner\u00e1vel&#8221; a futuros ataques e que a centralidade da Uni\u00e3o Europeia na garantia da paz deve ser plenamente reflectida, incluindo o caminho de Kiev para a ades\u00e3o plena \u00e0 UE.<\/p>\n<p>Von der Leyen apelou ainda ao \u201cregresso de todas as crian\u00e7as ucranianas raptadas pela R\u00fassia\u201d, lembrando que \u201cdezenas de milhares de rapazes e raparigas continuam presos\u201d em territ\u00f3rio russo.<\/p>\n<p>Zelensky afirmou que, \u201cparalelamente \u00e0 diplomacia\u201d, Kiev tem de refor\u00e7ar a defesa contra os ataques russos, citando o bombardeamento que matou 33 pessoas em Ternopil. O Presidente ucraniano disse que, s\u00f3 na \u00faltima semana, a R\u00fassia lan\u00e7ou mais de 1050 drones de ataque, quase 1000 bombas guiadas e mais de 60 m\u00edsseis.<\/p>\n<p>\u201cTodos n\u00f3s precisamos de um resultado positivo\u201d, escreveu o Presidente ucraniano no Telegram, referindo-se \u00e0s negocia\u00e7\u00f5es de Genebra.<\/p>\n<p>Texto editado por Paulo Narig\u00e3o Reis<\/p>\n","protected":false},"excerpt":{"rendered":"As delega\u00e7\u00f5es dos Estados Unidos, da Ucr\u00e2nia e de v\u00e1rios aliados europeus iniciaram este domingo conversa\u00e7\u00f5es em Genebra&hellip;\n","protected":false},"author":2,"featured_media":162311,"comment_status":"","ping_status":"","sticky":false,"template":"","format":"standard","meta":{"footnotes":""},"categories":[8],"tags":[27,28,353,413,15,16,889,14,25,26,21,22,62,12,13,19,20,32,23,24,33,839,17,18,840,29,30,31],"class_list":{"0":"post-162310","1":"post","2":"type-post","3":"status-publish","4":"format-standard","5":"has-post-thumbnail","7":"category-principais-noticias","8":"tag-breaking-news","9":"tag-breakingnews","10":"tag-em-destaque","11":"tag-eua","12":"tag-featured-news","13":"tag-featurednews","14":"tag-guerra-na-ucrania","15":"tag-headlines","16":"tag-latest-news","17":"tag-latestnews","18":"tag-main-news","19":"tag-mainnews","20":"tag-mundo","21":"tag-news","22":"tag-noticias","23":"tag-noticias-principais","24":"tag-noticiasprincipais","25":"tag-portugal","26":"tag-principais-noticias","27":"tag-principaisnoticias","28":"tag-pt","29":"tag-russia","30":"tag-top-stories","31":"tag-topstories","32":"tag-ucrania","33":"tag-ultimas","34":"tag-ultimas-noticias","35":"tag-ultimasnoticias"},"share_on_mastodon":{"url":"https:\/\/pubeurope.com\/@pt\/115600030765891494","error":""},"_links":{"self":[{"href":"https:\/\/www.europesays.com\/pt\/wp-json\/wp\/v2\/posts\/162310","targetHints":{"allow":["GET"]}}],"collection":[{"href":"https:\/\/www.europesays.com\/pt\/wp-json\/wp\/v2\/posts"}],"about":[{"href":"https:\/\/www.europesays.com\/pt\/wp-json\/wp\/v2\/types\/post"}],"author":[{"embeddable":true,"href":"https:\/\/www.europesays.com\/pt\/wp-json\/wp\/v2\/users\/2"}],"replies":[{"embeddable":true,"href":"https:\/\/www.europesays.com\/pt\/wp-json\/wp\/v2\/comments?post=162310"}],"version-history":[{"count":0,"href":"https:\/\/www.europesays.com\/pt\/wp-json\/wp\/v2\/posts\/162310\/revisions"}],"wp:featuredmedia":[{"embeddable":true,"href":"https:\/\/www.europesays.com\/pt\/wp-json\/wp\/v2\/media\/162311"}],"wp:attachment":[{"href":"https:\/\/www.europesays.com\/pt\/wp-json\/wp\/v2\/media?parent=162310"}],"wp:term":[{"taxonomy":"category","embeddable":true,"href":"https:\/\/www.europesays.com\/pt\/wp-json\/wp\/v2\/categories?post=162310"},{"taxonomy":"post_tag","embeddable":true,"href":"https:\/\/www.europesays.com\/pt\/wp-json\/wp\/v2\/tags?post=162310"}],"curies":[{"name":"wp","href":"https:\/\/api.w.org\/{rel}","templated":true}]}}