{"id":162314,"date":"2025-11-23T16:50:15","date_gmt":"2025-11-23T16:50:15","guid":{"rendered":"https:\/\/www.europesays.com\/pt\/162314\/"},"modified":"2025-11-23T16:50:15","modified_gmt":"2025-11-23T16:50:15","slug":"a-voz-que-brota-do-barreiro-e-sobreviveu-a-tudo","status":"publish","type":"post","link":"https:\/\/www.europesays.com\/pt\/162314\/","title":{"rendered":"a voz que brota do Barreiro e sobreviveu a tudo"},"content":{"rendered":"<p>O percurso de Sandro Rodrigues, 24 anos, concorrente da atual edi\u00e7\u00e3o do <strong>\u201cThe Voice Portugal\u201d<\/strong>, da RTP, \u00e9 daqueles que n\u00e3o se esquece. N\u00e3o pela trag\u00e9dia \u2013 embora ela exista \u2013 mas pela forma luminosa como ele a transforma. Pela serenidade que carrega, pela maturidade com que fala das feridas e pela do\u00e7ura com que descreve o Barreiro, a cidade que escolheu como porto seguro.<\/p>\n<p>Esta \u00e9 a hist\u00f3ria de um jovem que cresceu em institui\u00e7\u00f5es, sobreviveu \u00e0 solid\u00e3o, encontrou ref\u00fagio num computador Magalh\u00e3es e hoje canta nos palcos da televis\u00e3o como quem finalmente respira. E o Barreiro, sempre o Barreiro, est\u00e1 em cada linha desse caminho.<\/p>\n<p><strong>O Barreiro: o ch\u00e3o onde finalmente parou de cair<\/strong><\/p>\n<p>\u201c<strong>O Barreiro proporcionou-me colegas e amigos que me apoiam em tudo. Sinto ali um ambiente de conforto<\/strong>\u201d, come\u00e7a por dizer, como quem descreve um lar que foi constru\u00eddo lentamente, tijolo a tijolo.<\/p>\n<p>Para Sandro, o Barreiro n\u00e3o \u00e9 apenas uma cidade \u2013 \u00e9 o s\u00edtio onde encontrou estabilidade emocional e social depois de uma vida marcada por desloca\u00e7\u00f5es. Cresceu em Estremoz, Castelo Branco, Penamacor e Vendas Novas, mas foi no Barreiro que descobriu a ideia de perten\u00e7a.<\/p>\n<p>O que o orgulha na cidade? \u201c<strong>A tranquilidade. \u00c9 um lugar onde as pessoas podem passear e sentir paz<\/strong>.\u201d<\/p>\n<p>E h\u00e1 um cen\u00e1rio que \u00e9 mais do que um postal: <strong>a Avenida da Praia<\/strong>.<br \/>A vista para Lisboa, a primavera que cobre a relva de flores, a brisa leve \u2013 e, sobretudo, os momentos com a namorada, que tornam o lugar \u201cainda mais especial\u201d.<\/p>\n<p>\u00c9 um dos espa\u00e7os onde Sandro reencontra o mi\u00fado que foi e celebra o homem que est\u00e1 a tornar-se.<\/p>\n<p><strong>Inf\u00e2ncia institucionalizada: um mundo duro, mas cheio de sombras e luzes<\/strong><\/p>\n<p>Aos tr\u00eas anos, Sandro foi retirado ao ambiente familiar devido a dificuldades financeiras. Cresceu com tr\u00eas dos seus irm\u00e3os em institui\u00e7\u00f5es, at\u00e9 que os caminhos da vida voltaram a separ\u00e1-los.<\/p>\n<p>De Estremoz guarda uma mem\u00f3ria agridoce:<br \/>\u201c<strong>Havia situa\u00e7\u00f5es imorais\u2026 mas tamb\u00e9m um ambiente forte de fam\u00edlia e partilha entre os colegas<\/strong>.\u201d<\/p>\n<p>\u00c9 a primeira vez que fala t\u00e3o frontalmente sobre o que viveu, evidenciando experi\u00eancias dif\u00edceis, marcadas por epis\u00f3dios que ultrapassavam o aceit\u00e1vel. Apesar disso, recorda sobretudo os la\u00e7os entre crian\u00e7as que aprendiam a sobreviver juntas.<\/p>\n<p>Em Penamacor encontrou aquilo que procurava desde sempre:<br \/>\u201c<strong>A entreajuda, o ambiente afetivo e disciplinar marcaram-me muito. Foi ali que senti que cresci de verdade<\/strong>.\u201d<\/p>\n<p>J\u00e1 em Vendas Novas viveu um dos momentos mais traum\u00e1ticos: foi separado dos irm\u00e3os e passou noites sozinho num quarto.<br \/>E aqui entra a m\u00fasica pela primeira vez \u2013 n\u00e3o como arte, mas como salva\u00e7\u00e3o.<br \/>\u201c<strong>O que me salvou foi o Magalh\u00e3es com as minhas m\u00fasicas. Elas acalmavam-me. Ajudavam-me a adormecer.<\/strong>\u201d<\/p>\n<p><strong>A m\u00fasica como ferramenta de cura e descoberta<\/strong><\/p>\n<p>Apesar das aus\u00eancias, a m\u00fasica entrou na vida de Sandro cedo. Mais tarde, teve forma\u00e7\u00e3o na <strong>Academia de M\u00fasica e Dan\u00e7a do Fund\u00e3o<\/strong>, onde estudou piano, cantou em coro e era frequentemente escolhido para solos, devido ao timbre diferenciado e \u00e0 for\u00e7a emocional da voz.<\/p>\n<p>\u201c<strong>Foi uma \u00f3tima experi\u00eancia, tanto musical como social. Aprendi a interagir e conheci um professor incr\u00edvel.<\/strong>\u201d<\/p>\n<p>Hoje, a m\u00fasica continua a ser porto de abrigo.<br \/>Em casa, no Barreiro, nas obras onde trabalha como canalizador \u2013 canta sempre.<br \/>\u201c<strong>Cantar d\u00e1-me conforto e al\u00edvio.<\/strong>\u201d<\/p>\n<p>N\u00e3o \u00e9 um hobby. \u00c9 sobreviv\u00eancia. \u00c9 identidade.<\/p>\n<p><strong>Do canalizador ao palco do \u201cThe Voice Portugal\u201d<\/strong><\/p>\n<p>Sandro trabalha nas obras, como canalizador, num of\u00edcio que exige for\u00e7a, resist\u00eancia e concentra\u00e7\u00e3o. Mas mesmo ali, o talento salta das paredes. \u00c9 conhecido por cantar enquanto trabalha, transformando espa\u00e7os de cimento em salas improvisadas de concerto.<\/p>\n<p>A entrada no <strong>The Voice Portugal (RTP)<\/strong> marca um novo cap\u00edtulo na sua vida \u2014 n\u00e3o pela competi\u00e7\u00e3o, mas pela valida\u00e7\u00e3o.<br \/>\u00c9 finalmente o reconhecimento de que aquela voz que lhe salvou noites inteiras <strong>pode agora salvar sonhos<\/strong>.<\/p>\n<blockquote>\n<p>\u201c<strong>Quero alcan\u00e7ar o m\u00e1ximo potencial da minha voz. Quero saber at\u00e9 onde ela me pode levar. O meu objetivo \u00e9 estar num patamar mundial.<\/strong>\u201d<\/p>\n<\/blockquote>\n<p>N\u00e3o \u00e9 soberba. \u00c9 promessa.<\/p>\n<p><strong>Reconcilia\u00e7\u00e3o familiar: uma nova aprendizagem<\/strong><\/p>\n<p>A rela\u00e7\u00e3o com a m\u00e3e, depois de tantos anos separados, \u00e9 hoje aberta, c\u00famplice e terna. Mas n\u00e3o sem desafios.<br \/>\u201c<strong>Brincamos, sorrimos, ajudamo-nos. N\u00e3o tenho mago\u00e1 pelo passado. Mas ainda me estou a habituar a este ambiente familiar.<\/strong>\u201d<\/p>\n<p>\u00c9 um reencontro feito de passos pequenos, mas firmes.<\/p>\n<p><strong>A cidade que o moldou e o rapaz que moldou o futuro<\/strong><\/p>\n<p>Sandro assume que o Barreiro n\u00e3o o influenciou apenas emocionalmente. Influenciou tamb\u00e9m a carreira. Amigos, conhecidos e contactos da m\u00e3e ligados ao mundo art\u00edstico deram-lhe incentivo para seguir o sonho.<\/p>\n<p>E ele seguiu.<br \/>Do Barreiro para o Fund\u00e3o.<br \/>Do Fund\u00e3o para Lisboa.<br \/>De Lisboa para o The Voice Portugal.<br \/>Da solid\u00e3o para os palcos.<br \/>Da institucionaliza\u00e7\u00e3o para a possibilidade.<\/p>\n<p><strong>Uma mensagem a quem vive realidades semelhantes<\/strong><\/p>\n<p>A sua voz fora do palco \u00e9 t\u00e3o importante quanto a que canta.<br \/>\u201c<strong>Nunca deixem o passado influenciar o presente ou o futuro. Dificuldades todos passam, mas somos n\u00f3s que decidimos o que queremos ser.<\/strong>\u201d<\/p>\n<p>Ao Sandro de 10 anos \u2013 e talvez a todas as crian\u00e7as institucionalizadas \u2013 deixa um abra\u00e7o em palavras:<br \/>\u201c<strong>Respira fundo. Olha \u00e0 tua volta. N\u00e3o est\u00e1s sozinho. H\u00e1 pessoas que te querem ajudar. A confian\u00e7a \u00e9 uma ferramenta muito importante.<\/strong>\u201d<\/p>\n","protected":false},"excerpt":{"rendered":"O percurso de Sandro Rodrigues, 24 anos, concorrente da atual edi\u00e7\u00e3o do \u201cThe Voice Portugal\u201d, da RTP, \u00e9&hellip;\n","protected":false},"author":2,"featured_media":162315,"comment_status":"","ping_status":"","sticky":false,"template":"","format":"standard","meta":{"footnotes":""},"categories":[142],"tags":[114,115,32,33,151],"class_list":{"0":"post-162314","1":"post","2":"type-post","3":"status-publish","4":"format-standard","5":"has-post-thumbnail","7":"category-tv","8":"tag-entertainment","9":"tag-entretenimento","10":"tag-portugal","11":"tag-pt","12":"tag-tv"},"share_on_mastodon":{"url":"https:\/\/pubeurope.com\/@pt\/115600046368735622","error":""},"_links":{"self":[{"href":"https:\/\/www.europesays.com\/pt\/wp-json\/wp\/v2\/posts\/162314","targetHints":{"allow":["GET"]}}],"collection":[{"href":"https:\/\/www.europesays.com\/pt\/wp-json\/wp\/v2\/posts"}],"about":[{"href":"https:\/\/www.europesays.com\/pt\/wp-json\/wp\/v2\/types\/post"}],"author":[{"embeddable":true,"href":"https:\/\/www.europesays.com\/pt\/wp-json\/wp\/v2\/users\/2"}],"replies":[{"embeddable":true,"href":"https:\/\/www.europesays.com\/pt\/wp-json\/wp\/v2\/comments?post=162314"}],"version-history":[{"count":0,"href":"https:\/\/www.europesays.com\/pt\/wp-json\/wp\/v2\/posts\/162314\/revisions"}],"wp:featuredmedia":[{"embeddable":true,"href":"https:\/\/www.europesays.com\/pt\/wp-json\/wp\/v2\/media\/162315"}],"wp:attachment":[{"href":"https:\/\/www.europesays.com\/pt\/wp-json\/wp\/v2\/media?parent=162314"}],"wp:term":[{"taxonomy":"category","embeddable":true,"href":"https:\/\/www.europesays.com\/pt\/wp-json\/wp\/v2\/categories?post=162314"},{"taxonomy":"post_tag","embeddable":true,"href":"https:\/\/www.europesays.com\/pt\/wp-json\/wp\/v2\/tags?post=162314"}],"curies":[{"name":"wp","href":"https:\/\/api.w.org\/{rel}","templated":true}]}}