{"id":162318,"date":"2025-11-23T16:54:16","date_gmt":"2025-11-23T16:54:16","guid":{"rendered":"https:\/\/www.europesays.com\/pt\/162318\/"},"modified":"2025-11-23T16:54:16","modified_gmt":"2025-11-23T16:54:16","slug":"instituto-butantan-desenvolver-terapia-para-febre-amarela","status":"publish","type":"post","link":"https:\/\/www.europesays.com\/pt\/162318\/","title":{"rendered":"Instituto Butantan desenvolver terapia para febre amarela"},"content":{"rendered":"<p data-renderer-start-pos=\"1\">O Instituto Butantan anunciou que vai desenvolver e fabricar, junto com uma empresa de biotecnologia americana, um tratamento para febre amarela. O medicamento, que est\u00e1 em fase de pesquisa e desenvolvimento, ser\u00e1 indicado para tratar pessoas que moram em \u00e1reas end\u00eamicas, n\u00e3o foram vacinadas e que acabaram infectadas com a picada do mosquito.<\/p>\n<p data-renderer-start-pos=\"1\">O medicamento \u00e9 um anticorpo monoclonal, que replica anticorpos naturais do corpo humano, e que combate o v\u00edrus. Num estudo feito com animais publicado em 2023, uma dose \u00fanica do medicamento preveniu a doen\u00e7a grave e a morte, al\u00e9m de controlar totalmente a presen\u00e7a do v\u00edrus no sangue.<\/p>\n<p data-renderer-start-pos=\"1\">O tratamento tamb\u00e9m seria capaz de intervir durante a fase aguda da doen\u00e7a, em que os pacientes correm risco de morrer. Hoje, n\u00e3o existe um tratamento espec\u00edfico para a febre amarela, apenas a vacina para preven\u00e7\u00e3o.<\/p>\n<p>Compartilhe com seus amigos!<\/p>\n","protected":false},"excerpt":{"rendered":"O Instituto Butantan anunciou que vai desenvolver e fabricar, junto com uma empresa de biotecnologia americana, um tratamento&hellip;\n","protected":false},"author":2,"featured_media":162319,"comment_status":"","ping_status":"","sticky":false,"template":"","format":"standard","meta":{"footnotes":""},"categories":[86],"tags":[116,32,33,117],"class_list":{"0":"post-162318","1":"post","2":"type-post","3":"status-publish","4":"format-standard","5":"has-post-thumbnail","7":"category-saude","8":"tag-health","9":"tag-portugal","10":"tag-pt","11":"tag-saude"},"share_on_mastodon":{"url":"https:\/\/pubeurope.com\/@pt\/115600062129627738","error":""},"_links":{"self":[{"href":"https:\/\/www.europesays.com\/pt\/wp-json\/wp\/v2\/posts\/162318","targetHints":{"allow":["GET"]}}],"collection":[{"href":"https:\/\/www.europesays.com\/pt\/wp-json\/wp\/v2\/posts"}],"about":[{"href":"https:\/\/www.europesays.com\/pt\/wp-json\/wp\/v2\/types\/post"}],"author":[{"embeddable":true,"href":"https:\/\/www.europesays.com\/pt\/wp-json\/wp\/v2\/users\/2"}],"replies":[{"embeddable":true,"href":"https:\/\/www.europesays.com\/pt\/wp-json\/wp\/v2\/comments?post=162318"}],"version-history":[{"count":0,"href":"https:\/\/www.europesays.com\/pt\/wp-json\/wp\/v2\/posts\/162318\/revisions"}],"wp:featuredmedia":[{"embeddable":true,"href":"https:\/\/www.europesays.com\/pt\/wp-json\/wp\/v2\/media\/162319"}],"wp:attachment":[{"href":"https:\/\/www.europesays.com\/pt\/wp-json\/wp\/v2\/media?parent=162318"}],"wp:term":[{"taxonomy":"category","embeddable":true,"href":"https:\/\/www.europesays.com\/pt\/wp-json\/wp\/v2\/categories?post=162318"},{"taxonomy":"post_tag","embeddable":true,"href":"https:\/\/www.europesays.com\/pt\/wp-json\/wp\/v2\/tags?post=162318"}],"curies":[{"name":"wp","href":"https:\/\/api.w.org\/{rel}","templated":true}]}}