{"id":162323,"date":"2025-11-23T17:01:32","date_gmt":"2025-11-23T17:01:32","guid":{"rendered":"https:\/\/www.europesays.com\/pt\/162323\/"},"modified":"2025-11-23T17:01:32","modified_gmt":"2025-11-23T17:01:32","slug":"sandra-madureira-pode-voltar-a-ser-socia-do-fc-porto-estatutos-preveem-revisao","status":"publish","type":"post","link":"https:\/\/www.europesays.com\/pt\/162323\/","title":{"rendered":"Sandra Madureira pode voltar a ser s\u00f3cia do FC Porto? Estatutos preveem \u00abrevis\u00e3o\u00bb"},"content":{"rendered":"<p>Expulsa de s\u00f3cia do <a target=\"_blank\" class=\"editor-link autolink-enabled\" href=\"https:\/\/www.abola.pt\/futebol\/fc-porto-451\" data-resource-id=\"451\" data-resource-type=\"team\" data-sport=\"football\" rel=\"nofollow noopener\">FC Porto<\/a> na sequ\u00eancia da vota\u00e7\u00e3o deste s\u00e1bado, em sede de Assembleia Geral, Sandra Madureira tem a possibilidade de recorrer \u00e0 via judicial, tal como V\u00edtor &#8216;Aleixo&#8217; e V\u00edtor &#8216;Cat\u00e3o&#8217;, mas tamb\u00e9m poder\u00e1, no futuro e segundo os estatutos azuis e brancos, pedir a revis\u00e3o da pena.<\/p>\n<p>Segundo o artigo 40.\u00ba, \u00aba pena de expuls\u00e3o pode ser objeto de revis\u00e3o, com base na alega\u00e7\u00e3o de factos novos que n\u00e3o tenha sido poss\u00edvel invocar no processo disciplinar\u00bb. O pedido, refere a al\u00ednea seguinte do artigo, s\u00f3 pode ser feito pelos interessados \u00abno prazo de um ano a contar da notifica\u00e7\u00e3o da decis\u00e3o que tenha aplicado a pena ou da realiza\u00e7\u00e3o da Assembleia Geral que a tenha aplicado ou confirmado\u00bb. <\/p>\n<p>Esse pedido \u00e9 dirigido ao Conselho Fiscal e Disciplinar, que tem a fun\u00e7\u00e3o de admiti-lo&#8230; ou n\u00e3o. Em caso afirmativo, \u00abprocede \u00e0 respetiva instru\u00e7\u00e3o e decis\u00e3o\u00bb.<\/p>\n<p>De recordar que, este s\u00e1bado, Ant\u00f3nio Tavares, presidente da MAG do FC Porto, comentou a expuls\u00e3o de Sandra Madureira. \u00abN\u00e3o existem penas perp\u00e9tuas, n\u00e3o sabemos o que ser\u00e1 o dia de amanh\u00e3. (&#8230;) Tive uma conversa com a associada Sandra Madureira e penso que h\u00e1 condi\u00e7\u00f5es para que, quando a poeira assentar e tudo isto for s\u00f3 mem\u00f3ria, as coisas possam caminhar noutro sentido. N\u00e3o podemos acreditar que tudo ser\u00e1 um mar de rosas, mas acredito na dignidade das pessoas e na compreens\u00e3o de todas as pessoas que querem bem ao <a target=\"_blank\" class=\"editor-link autolink-enabled\" href=\"https:\/\/www.abola.pt\/futebol\/fc-porto-451\" data-resource-id=\"451\" data-resource-type=\"team\" data-sport=\"football\" rel=\"nofollow noopener\">FC Porto<\/a>\u00bb, afirmou.<\/p>\n","protected":false},"excerpt":{"rendered":"Expulsa de s\u00f3cia do FC Porto na sequ\u00eancia da vota\u00e7\u00e3o deste s\u00e1bado, em sede de Assembleia Geral, Sandra&hellip;\n","protected":false},"author":2,"featured_media":162324,"comment_status":"","ping_status":"","sticky":false,"template":"","format":"standard","meta":{"footnotes":""},"categories":[8],"tags":[27,28,15,16,14,25,26,21,22,12,13,19,20,32,23,24,33,17,18,29,30,31],"class_list":{"0":"post-162323","1":"post","2":"type-post","3":"status-publish","4":"format-standard","5":"has-post-thumbnail","7":"category-principais-noticias","8":"tag-breaking-news","9":"tag-breakingnews","10":"tag-featured-news","11":"tag-featurednews","12":"tag-headlines","13":"tag-latest-news","14":"tag-latestnews","15":"tag-main-news","16":"tag-mainnews","17":"tag-news","18":"tag-noticias","19":"tag-noticias-principais","20":"tag-noticiasprincipais","21":"tag-portugal","22":"tag-principais-noticias","23":"tag-principaisnoticias","24":"tag-pt","25":"tag-top-stories","26":"tag-topstories","27":"tag-ultimas","28":"tag-ultimas-noticias","29":"tag-ultimasnoticias"},"share_on_mastodon":{"url":"https:\/\/pubeurope.com\/@pt\/115600089898289809","error":""},"_links":{"self":[{"href":"https:\/\/www.europesays.com\/pt\/wp-json\/wp\/v2\/posts\/162323","targetHints":{"allow":["GET"]}}],"collection":[{"href":"https:\/\/www.europesays.com\/pt\/wp-json\/wp\/v2\/posts"}],"about":[{"href":"https:\/\/www.europesays.com\/pt\/wp-json\/wp\/v2\/types\/post"}],"author":[{"embeddable":true,"href":"https:\/\/www.europesays.com\/pt\/wp-json\/wp\/v2\/users\/2"}],"replies":[{"embeddable":true,"href":"https:\/\/www.europesays.com\/pt\/wp-json\/wp\/v2\/comments?post=162323"}],"version-history":[{"count":0,"href":"https:\/\/www.europesays.com\/pt\/wp-json\/wp\/v2\/posts\/162323\/revisions"}],"wp:featuredmedia":[{"embeddable":true,"href":"https:\/\/www.europesays.com\/pt\/wp-json\/wp\/v2\/media\/162324"}],"wp:attachment":[{"href":"https:\/\/www.europesays.com\/pt\/wp-json\/wp\/v2\/media?parent=162323"}],"wp:term":[{"taxonomy":"category","embeddable":true,"href":"https:\/\/www.europesays.com\/pt\/wp-json\/wp\/v2\/categories?post=162323"},{"taxonomy":"post_tag","embeddable":true,"href":"https:\/\/www.europesays.com\/pt\/wp-json\/wp\/v2\/tags?post=162323"}],"curies":[{"name":"wp","href":"https:\/\/api.w.org\/{rel}","templated":true}]}}