{"id":162327,"date":"2025-11-23T17:03:14","date_gmt":"2025-11-23T17:03:14","guid":{"rendered":"https:\/\/www.europesays.com\/pt\/162327\/"},"modified":"2025-11-23T17:03:14","modified_gmt":"2025-11-23T17:03:14","slug":"autorretrato-de-frida-kahlo-quebra-recorde-apos-ser-leiloado-por-us-54-milhoes-noticias-r7","status":"publish","type":"post","link":"https:\/\/www.europesays.com\/pt\/162327\/","title":{"rendered":"Autorretrato de Frida Kahlo quebra recorde ap\u00f3s ser leiloado por US$ 54 milh\u00f5es \u2013 Noticias R7"},"content":{"rendered":"<p>LEIA AQUI O RESUMO DA NOT\u00cdCIA<\/p>\n<ul class=\"b-article-body-custom-embed-brief-news__list\" style=\"margin: 0; padding-left: 20px; list-style-type: disc;\">\n<li>Um autorretrato de Frida Kahlo foi vendido por US$ 54,7 milh\u00f5es, estabelecendo um novo recorde para obras de artistas femininas. <\/li>\n<li>A pintura &#8220;El sue\u00f1o (La cama)&#8221; superou o recorde anterior de Georgia O&#8217;Keeffe, que era de US$ 44,4 milh\u00f5es.<\/li>\n<li>Kahlo, que pintou a obra em 1940, enfrentou uma vida de dor cr\u00f4nica, passando longos per\u00edodos na cama ap\u00f3s um acidente.<\/li>\n<li>A obra foi exposta em v\u00e1rias cidades antes do leil\u00e3o e \u00e9 considerada uma das poucas de alto calibre ainda em m\u00e3os privadas.<\/li>\n<\/ul>\n<p style=\"font-size: 0.8em; font-style: italic; text-align: right; margin-top: 15px; padding-bottom: 5px; margin-bottom: 0;\">Produzido pela Ri7a &#8211; a Intelig\u00eancia Artificial do R7<\/p>\n<p><img decoding=\"async\" data-chromatic=\"ignore\" alt=\"\" class=\"c-image\" loading=\"lazy\" src=\"https:\/\/www.europesays.com\/pt\/wp-content\/uploads\/2025\/11\/RBEKGVDDLND2DMPP7GU2MUY63M.JPG\"  width=\"2000\" height=\"1333\"\/>Obra retrata per\u00edodo turbulento na vida da artista Kirsty Wigglesworth\/AP via CNN Newsource <\/p>\n<p class=\"jarvics:base-text-neutral-high-400 base-text-[calc(theme(fontSize.xs)_*_var(--font-size,_1))] base-font-normal base-font-primary base-text-neutral-low-500 base-text-left\">Um autorretrato da artista mexicana Frida Kahlo tornou-se a <b>obra mais valiosa de uma artista feminina vendida em leil\u00e3o<\/b> ap\u00f3s ser arrematada por US$ 54,7 milh\u00f5es (R$ 317,2 milh\u00f5es).<\/p>\n<p class=\"jarvics:base-text-neutral-high-400 base-text-[calc(theme(fontSize.xs)_*_var(--font-size,_1))] base-font-normal base-font-primary base-text-neutral-low-500 base-text-left\">\u201cEl sue\u00f1o (La cama)\u201d conquistou o t\u00edtulo na Sotheby\u2019s em Nova York, ap\u00f3s superar o recorde existente mantido pela falecida artista americana Georgia O\u2019Keeffe. <\/p>\n<p class=\"jarvics:base-text-neutral-high-400 base-text-[calc(theme(fontSize.xs)_*_var(--font-size,_1))] base-font-normal base-font-primary base-text-neutral-low-500 base-text-left\">Sua obra \u201cJimson Weed\/White Flower No.1\u201d, que j\u00e1 esteve pendurada na <a href=\"https:\/\/noticias.r7.com\/record-news\/conexao-record-news\/video\/trump-se-reune-com-principe-da-arabia-saudita-na-casa-branca-19112025\/\" target=\"_self\" rel=\"nofollow noopener\" title=\"https:\/\/noticias.r7.com\/record-news\/conexao-record-news\/video\/trump-se-reune-com-principe-da-arabia-saudita-na-casa-branca-19112025\/\">Casa Branca<\/a>, foi vendida por US$ 44,4 milh\u00f5es (R$ 257,5 milh\u00f5es) em 2014.<\/p>\n<p class=\"jarvics:base-text-neutral-high-400 base-text-[calc(theme(fontSize.xs)_*_var(--font-size,_1))] base-font-normal base-font-primary base-text-neutral-low-500 base-text-left\">O autorretrato surrealista de Kahlo, que foi vendido por um colecionador particular, havia sido avaliado entre US$ 40 milh\u00f5es (R$ 232 milh\u00f5es) e US$ 60 milh\u00f5es (R$ 348 milh\u00f5es). <\/p>\n<p class=\"jarvics:base-text-neutral-high-400 base-text-[calc(theme(fontSize.xs)_*_var(--font-size,_1))] base-font-normal base-font-primary base-text-neutral-low-500 base-text-left\">Outro autorretrato da artista mexicana, \u201cDiego y yo\u201d, detinha anteriormente o t\u00edtulo de<b> segunda obra de arte mais cara vendida por uma artista feminina<\/b>, ap\u00f3s tamb\u00e9m ter sido leiloada pela Sotheby\u2019s, em Nova York, em 2021.<\/p>\n<p class=\"jarvics:base-text-neutral-high-400 base-text-[calc(theme(fontSize.xs)_*_var(--font-size,_1))] base-font-normal base-font-primary base-text-neutral-low-500 base-text-left\">Quando vendida, aquela pintura tornou-se a obra de arte latino-americana mais cara de todos os tempos. Agora, foi ultrapassada pela venda mais recente de Kahlo e cai para o segundo lugar \u2013 e terceiro para a obra de arte mais valiosa de uma mulher.<\/p>\n<p class=\"jarvics:base-text-neutral-high-400 base-text-[calc(theme(fontSize.xs)_*_var(--font-size,_1))] base-font-normal base-font-primary base-text-neutral-low-500 base-text-left\">Antes do leil\u00e3o, a pintura, que n\u00e3o era vista publicamente h\u00e1 quase tr\u00eas d\u00e9cadas, foi exibida em Londres, Abu Dhabi, Hong Kong, Paris e Nova York.<\/p>\n<p class=\"jarvics:base-text-neutral-high-400 base-text-[calc(theme(fontSize.xs)_*_var(--font-size,_1))] base-font-normal base-font-primary base-text-neutral-low-500 base-text-left\">A obra mostra Kahlo deitada em uma cama que flutua contra o pano de fundo de um c\u00e9u azul p\u00e1lido. Videiras verdes curvas envolvem seu corpo, enquanto um esqueleto conectado a dinamites e segurando um buqu\u00ea de flores secas jaz acima dela.<\/p>\n<p class=\"jarvics:base-text-neutral-high-400 base-text-[calc(theme(fontSize.xs)_*_var(--font-size,_1))] base-font-normal base-font-primary base-text-neutral-low-500 base-text-left\">A cama era um tema regular no trabalho de Kahlo. Ela ficou <b>confinada \u00e0 cama por longos per\u00edodos enquanto suportava uma vida de dor cr\u00f4nica<\/b> ap\u00f3s um acidente de \u00f4nibus quase fatal e cirurgias subsequentes.<\/p>\n<p class=\"jarvics:base-text-neutral-high-400 base-text-[calc(theme(fontSize.xs)_*_var(--font-size,_1))] base-font-normal base-font-primary base-text-neutral-low-500 base-text-left\">Durante a longa recupera\u00e7\u00e3o ap\u00f3s o acidente, a fam\u00edlia de Kahlo montou um cavalete adaptado e instalou um espelho no dossel da cama para que ela pudesse continuar a pintar enquanto estava deitada. \u201cN\u00e3o estou morta e tenho uma raz\u00e3o para viver. Essa raz\u00e3o \u00e9 a pintura\u201d, escreveu ela na \u00e9poca.<\/p>\n<p class=\"jarvics:base-text-neutral-high-400 base-text-[calc(theme(fontSize.xs)_*_var(--font-size,_1))] base-font-normal base-font-primary base-text-neutral-low-500 base-text-left\">Kahlo pintou a pe\u00e7a em 1940, que foi um per\u00edodo turbulento para a artista mexicana. Foi o ano em que ela se casou novamente com Diego Rivera ap\u00f3s se divorciar do colega artista um ano antes, e tamb\u00e9m foi o ano em que seu ex-amante, o revolucion\u00e1rio russo Leon Trotsky, foi assassinado.<\/p>\n<p class=\"jarvics:base-text-neutral-high-400 base-text-[calc(theme(fontSize.xs)_*_var(--font-size,_1))] base-font-normal base-font-primary base-text-neutral-low-500 base-text-left\">Em um e-mail para a CNN Internacional antes do leil\u00e3o, Anna Di Stasi, chefe de arte latino-americana da Sotheby\u2019s, disse que \u201cEl sue\u00f1o\u201d era \u201cuma das poucas obras desse calibre ainda em m\u00e3os privadas\u201d.<\/p>\n<p class=\"jarvics:base-text-neutral-high-400 base-text-[calc(theme(fontSize.xs)_*_var(--font-size,_1))] base-font-normal base-font-primary base-text-neutral-low-500 base-text-left\">\u201cFrida Kahlo ocupa um lugar completamente singular na hist\u00f3ria da arte. Existe uma conex\u00e3o quase espiritual que as pessoas t\u00eam com suas pinturas, que s\u00e3o t\u00e3o profundamente pessoais, mas ao mesmo tempo ressoam universalmente. Vimos isso nesta temporada enquanto \u2018El sue\u00f1o\u2019 esteve em exibi\u00e7\u00e3o ao redor do mundo, com filas saindo pela porta\u201d, disse ela.<\/p>\n<p class=\"jarvics:base-text-neutral-high-400 base-text-[calc(theme(fontSize.xs)_*_var(--font-size,_1))] base-font-normal base-font-primary base-text-neutral-low-500 base-text-left\">\u201cEsta pintura tem todas as marcas registradas de uma obra t\u00edpica de Frida: o autorretrato, uma <b>imag\u00e9tica surrealista<\/b> e, o mais importante, uma intensidade psicol\u00f3gica e aquele senso de comunh\u00e3o entre artista e espectador.&#8221;<\/p>\n<p class=\"jarvics:base-text-neutral-high-400 base-text-[calc(theme(fontSize.xs)_*_var(--font-size,_1))] base-font-normal base-font-primary base-text-neutral-low-500 base-text-left\">A pintura fez parte do leil\u00e3o da cole\u00e7\u00e3o particular \u201cExquisite Corpus\u201d. Ele apresentou mais de 80 pinturas, desenhos e esculturas surrealistas, incluindo pe\u00e7as de Ren\u00e9 Magritte e Salvador Dal\u00ed.<\/p>\n<p class=\"jarvics:base-text-neutral-high-400 base-text-[calc(theme(fontSize.xs)_*_var(--font-size,_1))] base-font-normal base-font-primary base-text-neutral-low-500 base-text-left\"><b>Fique por dentro das principais not\u00edcias do dia no Brasil e no mundo. <\/b><a href=\"https:\/\/whatsapp.com\/channel\/0029Va6eEELGZNCyryabmO1m\" rel=\"nofollow noopener\" target=\"_blank\"><b>Siga o canal do R7<\/b><\/a><b>, o portal de not\u00edcias da RECORD, no WhatsApp<\/b><\/p>\n","protected":false},"excerpt":{"rendered":"LEIA AQUI O RESUMO DA NOT\u00cdCIA Um autorretrato de Frida Kahlo foi vendido por US$ 54,7 milh\u00f5es, estabelecendo&hellip;\n","protected":false},"author":2,"featured_media":162328,"comment_status":"","ping_status":"","sticky":false,"template":"","format":"standard","meta":{"footnotes":""},"categories":[144],"tags":[207,205,206,203,201,202,315,204,114,115,1872,32341,32,33],"class_list":{"0":"post-162327","1":"post","2":"type-post","3":"status-publish","4":"format-standard","5":"has-post-thumbnail","7":"category-arte-e-design","8":"tag-arte","9":"tag-arte-e-design","10":"tag-artedesign","11":"tag-arts","12":"tag-arts-and-design","13":"tag-artsanddesign","14":"tag-cultura","15":"tag-design","16":"tag-entertainment","17":"tag-entretenimento","18":"tag-mexico","19":"tag-obra-de-arte","20":"tag-portugal","21":"tag-pt"},"share_on_mastodon":{"url":"https:\/\/pubeurope.com\/@pt\/115600097547147021","error":""},"_links":{"self":[{"href":"https:\/\/www.europesays.com\/pt\/wp-json\/wp\/v2\/posts\/162327","targetHints":{"allow":["GET"]}}],"collection":[{"href":"https:\/\/www.europesays.com\/pt\/wp-json\/wp\/v2\/posts"}],"about":[{"href":"https:\/\/www.europesays.com\/pt\/wp-json\/wp\/v2\/types\/post"}],"author":[{"embeddable":true,"href":"https:\/\/www.europesays.com\/pt\/wp-json\/wp\/v2\/users\/2"}],"replies":[{"embeddable":true,"href":"https:\/\/www.europesays.com\/pt\/wp-json\/wp\/v2\/comments?post=162327"}],"version-history":[{"count":0,"href":"https:\/\/www.europesays.com\/pt\/wp-json\/wp\/v2\/posts\/162327\/revisions"}],"wp:featuredmedia":[{"embeddable":true,"href":"https:\/\/www.europesays.com\/pt\/wp-json\/wp\/v2\/media\/162328"}],"wp:attachment":[{"href":"https:\/\/www.europesays.com\/pt\/wp-json\/wp\/v2\/media?parent=162327"}],"wp:term":[{"taxonomy":"category","embeddable":true,"href":"https:\/\/www.europesays.com\/pt\/wp-json\/wp\/v2\/categories?post=162327"},{"taxonomy":"post_tag","embeddable":true,"href":"https:\/\/www.europesays.com\/pt\/wp-json\/wp\/v2\/tags?post=162327"}],"curies":[{"name":"wp","href":"https:\/\/api.w.org\/{rel}","templated":true}]}}