{"id":162343,"date":"2025-11-23T17:19:20","date_gmt":"2025-11-23T17:19:20","guid":{"rendered":"https:\/\/www.europesays.com\/pt\/162343\/"},"modified":"2025-11-23T17:19:20","modified_gmt":"2025-11-23T17:19:20","slug":"temperatura-maxima-hoje-23-11-25-filme-de-domingo-na-tv-globo","status":"publish","type":"post","link":"https:\/\/www.europesays.com\/pt\/162343\/","title":{"rendered":"Temperatura M\u00e1xima hoje (23\/11\/25); filme de domingo na TV Globo"},"content":{"rendered":"<p class=\"texto\">Uma intelig\u00eancia artificial maligna sequestra o filho do famoso jogador de basquete LeBron James, que ent\u00e3o tem que trabalhar com o Pernalonga para ganhar um jogo de basquete.<\/p>\n<p>Veja trailer do filme que vai passar na Temperatura M\u00e1xima<\/p>\n<p class=\"texto\"><a href=\"https:\/\/www.youtube.com\/watch?v=t1m7zl8H-kE\" target=\"_self\" rel=\"nofollow noopener\">Assista ao trailer clicando aqui.<\/a><\/p>\n<p>Filme da Temperatura M\u00e1xima hoje, 23<\/p>\n<ul>\n<li>Space Jam: Um Novo Legado<\/li>\n<li><strong>Quando<\/strong>: hoje, domingo, 23 de novembro de 2025 (23\/11\/25), \u00e0s 12h30min <\/li>\n<li><strong>Onde<\/strong>: canal aberto da Globo e atrav\u00e9s do Globoplay<\/li>\n<\/ul>\n<p>    D\u00favidas, Cr\u00edticas e Sugest\u00f5es?<br \/>\n        <a href=\"https:\/\/www.opovo.com.br\/falecomagente\" class=\"bluedefault\" rel=\"nofollow noopener\" target=\"_blank\">Fale com a gente<\/a><\/p>\n","protected":false},"excerpt":{"rendered":"Uma intelig\u00eancia artificial maligna sequestra o filho do famoso jogador de basquete LeBron James, que ent\u00e3o tem que&hellip;\n","protected":false},"author":2,"featured_media":162344,"comment_status":"","ping_status":"","sticky":false,"template":"","format":"standard","meta":{"footnotes":""},"categories":[142],"tags":[114,115,32,33,218,151],"class_list":{"0":"post-162343","1":"post","2":"type-post","3":"status-publish","4":"format-standard","5":"has-post-thumbnail","7":"category-tv","8":"tag-entertainment","9":"tag-entretenimento","10":"tag-portugal","11":"tag-pt","12":"tag-televisao","13":"tag-tv"},"share_on_mastodon":{"url":"https:\/\/pubeurope.com\/@pt\/115600160365428286","error":""},"_links":{"self":[{"href":"https:\/\/www.europesays.com\/pt\/wp-json\/wp\/v2\/posts\/162343","targetHints":{"allow":["GET"]}}],"collection":[{"href":"https:\/\/www.europesays.com\/pt\/wp-json\/wp\/v2\/posts"}],"about":[{"href":"https:\/\/www.europesays.com\/pt\/wp-json\/wp\/v2\/types\/post"}],"author":[{"embeddable":true,"href":"https:\/\/www.europesays.com\/pt\/wp-json\/wp\/v2\/users\/2"}],"replies":[{"embeddable":true,"href":"https:\/\/www.europesays.com\/pt\/wp-json\/wp\/v2\/comments?post=162343"}],"version-history":[{"count":0,"href":"https:\/\/www.europesays.com\/pt\/wp-json\/wp\/v2\/posts\/162343\/revisions"}],"wp:featuredmedia":[{"embeddable":true,"href":"https:\/\/www.europesays.com\/pt\/wp-json\/wp\/v2\/media\/162344"}],"wp:attachment":[{"href":"https:\/\/www.europesays.com\/pt\/wp-json\/wp\/v2\/media?parent=162343"}],"wp:term":[{"taxonomy":"category","embeddable":true,"href":"https:\/\/www.europesays.com\/pt\/wp-json\/wp\/v2\/categories?post=162343"},{"taxonomy":"post_tag","embeddable":true,"href":"https:\/\/www.europesays.com\/pt\/wp-json\/wp\/v2\/tags?post=162343"}],"curies":[{"name":"wp","href":"https:\/\/api.w.org\/{rel}","templated":true}]}}