{"id":162351,"date":"2025-11-23T17:27:08","date_gmt":"2025-11-23T17:27:08","guid":{"rendered":"https:\/\/www.europesays.com\/pt\/162351\/"},"modified":"2025-11-23T17:27:08","modified_gmt":"2025-11-23T17:27:08","slug":"zelensky-admite-que-plano-de-trump-pode-incluir-interesses-ucranianos","status":"publish","type":"post","link":"https:\/\/www.europesays.com\/pt\/162351\/","title":{"rendered":"Zelensky admite que plano de Trump pode incluir interesses ucranianos"},"content":{"rendered":"<p>&#13;<br \/>\nAp\u00f3s reuni\u00f5es que est\u00e3o a juntar na Su\u00ed\u00e7a ucranianos, americanos e europeus, o presidente Volodymyr Zelensky admitia que o plano americano para p\u00f4r fim \u00e0 guerra com a R\u00fassia poderia incluir as &#8220;perspetivas ucranianas&#8221;.&#13;\n<\/p>\n<p>&#13;<br \/>\n&#8220;Parece que as propostas americanas podem incluir uma s\u00e9rie de elementos baseados nas perspetivas ucranianas e essenciais para os interesses nacionais da Ucr\u00e2nia&#8221;, escreveu Zelensky na rede social X.&#13;\n<\/p>\n<p>&#13;<br \/>\n\u00a0&#13;\n<\/p>\n<blockquote class=\"twitter-tweet\"><p>&#13;<\/p>\n<p dir=\"ltr\" lang=\"en\">&#13;<br \/>\n\tThe Ukrainian delegation is working in Geneva today, focused on finding doable solutions to end the war, restore peace, and guarantee lasting security. There have already been brief reports from our delegation members about the outcomes of their first meetings and talks.\u2026&#13;\n\t<\/p>\n<p>&#13;<br \/>\n\t\u2014 Volodymyr Zelenskyy \/ \u0412\u043e\u043b\u043e\u0434\u0438\u043c\u0438\u0440 \u0417\u0435\u043b\u0435\u043d\u0441\u044c\u043a\u0438\u0439 (@ZelenskyyUa) <a href=\"https:\/\/twitter.com\/ZelenskyyUa\/status\/1992592941840277871?ref_src=twsrc%5Etfw\" rel=\"nofollow noopener\" target=\"_blank\">November 23, 2025<\/a>&#13;\n<\/p><\/blockquote>\n<p>&#13;<br \/>\n\u00a0&#13;\n<\/p>\n<p>&#13;<br \/>\nEm Gen\u00e8ve encontram-se representantes dos Estados Unidos, respons\u00e1veis ucranianos e europeus, para afinar o plano americano de 28 pontos apresentados pelo presidente norte-americano no final da semana passada com vista a p\u00f4r fim ao conflito aberto com a invas\u00e3o russa da Ucr\u00e2nia.&#13;\n<\/p>\n<p>&#13;<br \/>\nO presidente dos Estados Unidos admitiu por seu lado que o plano de paz detalhado na sexta-feira n\u00e3o constitui uma proposta final e o secret\u00e1rio de Estado, Marco Rubio, assegura que o documento tem uma estrutura s\u00f3lida para negocia\u00e7\u00e3o. Rubio garante que se baseia em contribui\u00e7\u00f5es da R\u00fassia e da Ucr\u00e2nia.&#13;\n<\/p>\n<p>&#13;<br \/>\nO documento retoma v\u00e1rias exig\u00eancias fundamentais da R\u00fassia, nomeadamente que a Ucr\u00e2nia lhe ceda territ\u00f3rios, aceite reduzir a dimens\u00e3o do ex\u00e9rcito e renuncie \u00e0 integra\u00e7\u00e3o na NATO. Em contrapartida, oferece garantias de seguran\u00e7a ocidentais a Kiev para impedir novos ataques russos.&#13;\n<\/p>\n<p>&#13;<br \/>\nOs l\u00edderes da Uni\u00e3o Europeia re\u00fanem-se amanh\u00e3 em Angola para debater o plano. O encontro em Luanda decorre \u00e0 margem da Cimeira Europa-\u00c1frica.&#13;\n<\/p>\n<p>&#13;<br \/>\nAnt\u00f3nio Costa convidou os 27 l\u00edderes da Uni\u00e3o Europeia. O presidente deo Conselho Europeu pede\u00a0o envolvimento de todos para garantir que uma paz futura.&#13;\n<\/p>\n<p>&#13;<br \/>\nc\/ Lusa&#13;\n<\/p>\n<p>            <script async src=\"https:\/\/platform.twitter.com\/widgets.js\" charset=\"utf-8\"><\/script><\/p>\n","protected":false},"excerpt":{"rendered":"&#13; Ap\u00f3s reuni\u00f5es que est\u00e3o a juntar na Su\u00ed\u00e7a ucranianos, americanos e europeus, o presidente Volodymyr Zelensky admitia&hellip;\n","protected":false},"author":2,"featured_media":162352,"comment_status":"","ping_status":"","sticky":false,"template":"","format":"standard","meta":{"footnotes":""},"categories":[50],"tags":[27,28,15,16,14,25,26,21,22,62,12,13,19,20,23991,23,24,839,17,18,2183,840,29,30,31,63,64,65,3814],"class_list":{"0":"post-162351","1":"post","2":"type-post","3":"status-publish","4":"format-standard","5":"has-post-thumbnail","7":"category-mundo","8":"tag-breaking-news","9":"tag-breakingnews","10":"tag-featured-news","11":"tag-featurednews","12":"tag-headlines","13":"tag-latest-news","14":"tag-latestnews","15":"tag-main-news","16":"tag-mainnews","17":"tag-mundo","18":"tag-news","19":"tag-noticias","20":"tag-noticias-principais","21":"tag-noticiasprincipais","22":"tag-plano-de-paz","23":"tag-principais-noticias","24":"tag-principaisnoticias","25":"tag-russia","26":"tag-top-stories","27":"tag-topstories","28":"tag-trump","29":"tag-ucrania","30":"tag-ultimas","31":"tag-ultimas-noticias","32":"tag-ultimasnoticias","33":"tag-world","34":"tag-world-news","35":"tag-worldnews","36":"tag-zelensky"},"share_on_mastodon":{"url":"https:\/\/pubeurope.com\/@pt\/115600191842564357","error":""},"_links":{"self":[{"href":"https:\/\/www.europesays.com\/pt\/wp-json\/wp\/v2\/posts\/162351","targetHints":{"allow":["GET"]}}],"collection":[{"href":"https:\/\/www.europesays.com\/pt\/wp-json\/wp\/v2\/posts"}],"about":[{"href":"https:\/\/www.europesays.com\/pt\/wp-json\/wp\/v2\/types\/post"}],"author":[{"embeddable":true,"href":"https:\/\/www.europesays.com\/pt\/wp-json\/wp\/v2\/users\/2"}],"replies":[{"embeddable":true,"href":"https:\/\/www.europesays.com\/pt\/wp-json\/wp\/v2\/comments?post=162351"}],"version-history":[{"count":0,"href":"https:\/\/www.europesays.com\/pt\/wp-json\/wp\/v2\/posts\/162351\/revisions"}],"wp:featuredmedia":[{"embeddable":true,"href":"https:\/\/www.europesays.com\/pt\/wp-json\/wp\/v2\/media\/162352"}],"wp:attachment":[{"href":"https:\/\/www.europesays.com\/pt\/wp-json\/wp\/v2\/media?parent=162351"}],"wp:term":[{"taxonomy":"category","embeddable":true,"href":"https:\/\/www.europesays.com\/pt\/wp-json\/wp\/v2\/categories?post=162351"},{"taxonomy":"post_tag","embeddable":true,"href":"https:\/\/www.europesays.com\/pt\/wp-json\/wp\/v2\/tags?post=162351"}],"curies":[{"name":"wp","href":"https:\/\/api.w.org\/{rel}","templated":true}]}}