{"id":162359,"date":"2025-11-23T17:36:15","date_gmt":"2025-11-23T17:36:15","guid":{"rendered":"https:\/\/www.europesays.com\/pt\/162359\/"},"modified":"2025-11-23T17:36:15","modified_gmt":"2025-11-23T17:36:15","slug":"joao-palhinha-pega-se-com-carragher-ate-de-cr7-fala-mal-embaracoso","status":"publish","type":"post","link":"https:\/\/www.europesays.com\/pt\/162359\/","title":{"rendered":"Jo\u00e3o Palhinha &#8216;pega-se&#8217; com Carragher: &#8220;At\u00e9 de CR7 fala mal. Embara\u00e7oso&#8221;"},"content":{"rendered":"<p>Jo\u00e3o Palhinha concedeu uma extensa entrevista \u00e0 edi\u00e7\u00e3o deste domingo do jornal brit\u00e2nico <a href=\"https:\/\/www.theguardian.com\/football\/2025\/nov\/22\/joao-palhinha-tottenham-my-trajectory-has-been-upwards-because-i-work-a-lot\" target=\"_blank\" rel=\"noopener nofollow\">The Guardian<\/a>, na qual aproveitou para responder \u00e0 letra ao aut\u00eantico &#8216;arraso&#8217; de que foi alvo por parte de Jamie Carragher, &#8216;lenda viva&#8217; do Liverpool, no passado dia 1 de novembro, ap\u00f3s a derrota sofrida pelo Tottenham, na rece\u00e7\u00e3o ao Chelsea, por 1-0.<\/p>\n<p>&#8220;Eu vi, porque alguns pessoas enviaram-me isso, mas o que \u00e9 que posso dizer? Se ele at\u00e9 fala mal do [Cristiano] Ronaldo, pode falar mal de toda a gente. Algumas pessoas precisam de falar mal sobre as outras para aparecerem nos ecr\u00e3s de televis\u00e3o. A minha vida n\u00e3o tem nada a ver com isso, de todo&#8221;, come\u00e7ou por afirmar o internacional portugu\u00eas de 30 anos de idade.<\/p>\n<p>&#8220;Torna-se um pouco embara\u00e7oso ver os antigos jogadores a falarem daquela maneira, e, por vezes, parecem superestrelas no seu passado. Ele, provavelmente, deveria ter visto mais jogos meus, no Tottenham. Estou a fazer uma temporada de topo, e as coisas que ele diz sobre mim ficam l\u00e1 atr\u00e1s na cabe\u00e7a&#8221;, prosseguiu.<\/p>\n<p>&#8220;De qualquer maneira, n\u00e3o me interessa muito, porque temos muitas pessoas a falarem de n\u00f3s e a tentarem mandar-nos abaixo. O que interessa \u00e9 a maneira como n\u00f3s reagimos. A maneira como eu reagi, depois daquilo que ele disse, foi marcando contra o Copenhaga&#8221;, rematou, referindo-se ao categ\u00f3rico triunfo alcan\u00e7ado na Liga dos Campe\u00f5es, por 4-0.<\/p>\n<p>Afinal, o que disse Jamie Carragher sobre Jo\u00e3o Palhinha?<\/p>\n<p>Regressado a Inglaterra (onde j\u00e1 havia representado o Fulham, entre 2022 e 2024), no passado mercado de transfer\u00eancias de ver\u00e3o, proveniente do Bayern Munique, a t\u00edtulo de empr\u00e9stimo, Jo\u00e3o Palhinha conquistou, de imediato, a confian\u00e7a de Thomas Frank, mas as cr\u00edticas de Jamie Carragher surgiram logo ao 16.\u00ba jogo com a camisola do Tottenham.<\/p>\n<p>&#8220;Palhinha n\u00e3o tem aquela qualidade. Para mim, para um jogador poder jogar no meio-campo do Tottenham, h\u00e1 um certo tipo de passe que tem de conseguir fazer. Ele n\u00e3o consegue faz\u00ea-lo&#8221;, come\u00e7ou por afirmar o antigo internacional ingl\u00eas, numa an\u00e1lise levada a cabo na esta\u00e7\u00e3o televisiva brit\u00e2nica Sky Sports.<\/p>\n<p>&#8220;Palhinha tem a bola e d\u00e1 cinco toques, porque n\u00e3o tem aquela confian\u00e7a nem aquela capacidade. Aquilo que estamos a ver \u00e9 uma falta de coragem e de confian\u00e7a por parte de certos jogadores, mas tamb\u00e9m tem de capacidade&#8221;, acrescentou, enquanto dava como exemplo alguns lances em concreto.<\/p>\n<p>&#8220;Cheguei a Sporting, Fulham, Bayern Munique e Tottenham gra\u00e7as ao meu trabalho&#8221;<\/p>\n<p>Nesta mesma entrevista, Jo\u00e3o Palhinha mostrou-se orgulhoso por tudo aquilo que j\u00e1 alcan\u00e7ou, ao longo da carreira: &#8220;Tenho de dar m\u00e9rito a mim mesmo, porque esta segunda oportunidade surgiu gra\u00e7as \u00e0 minha rea\u00e7\u00e3o. Eu penso que tamb\u00e9m sposso ser um exemplo para alguns mi\u00fados, nestes momentos, porque, antes de tornar-me profissional, fui rejeitado por alguns clubes&#8221;.<\/p>\n<p>&#8220;Aquilo que mais me orgulha, na minha carreira, \u00e9 o facto de a minha trajet\u00f3ria ter vindo a ser ascendente, e isso \u00e9 porque trabalho. E muito. Eu cheguei a Sporting, Fulham, Bayern Munique e Tottenham gra\u00e7as ao meu trabalho. N\u00e3o foi devido a outras coisas que vemos muito, no futebol&#8221;, completou.<\/p>\n<p>Leia Tamb\u00e9m: <a href=\"https:\/\/www.noticiasaominuto.com\/desporto\/2882865\/joao-palhinha-com-impacto-na-ampla-vitoria-do-tottenham\" target=\"_blank\" rel=\"noopener noreferrer nofollow\">Jo\u00e3o Palhinha com impacto na ampla vit\u00f3ria do Tottenham<\/a><\/p>\n","protected":false},"excerpt":{"rendered":"Jo\u00e3o Palhinha concedeu uma extensa entrevista \u00e0 edi\u00e7\u00e3o deste domingo do jornal brit\u00e2nico The Guardian, na qual aproveitou&hellip;\n","protected":false},"author":2,"featured_media":162360,"comment_status":"","ping_status":"","sticky":false,"template":"","format":"standard","meta":{"footnotes":""},"categories":[87],"tags":[135,32,33,134],"class_list":{"0":"post-162359","1":"post","2":"type-post","3":"status-publish","4":"format-standard","5":"has-post-thumbnail","7":"category-desporto","8":"tag-desporto","9":"tag-portugal","10":"tag-pt","11":"tag-sports"},"share_on_mastodon":{"url":"https:\/\/pubeurope.com\/@pt\/115600227826054982","error":""},"_links":{"self":[{"href":"https:\/\/www.europesays.com\/pt\/wp-json\/wp\/v2\/posts\/162359","targetHints":{"allow":["GET"]}}],"collection":[{"href":"https:\/\/www.europesays.com\/pt\/wp-json\/wp\/v2\/posts"}],"about":[{"href":"https:\/\/www.europesays.com\/pt\/wp-json\/wp\/v2\/types\/post"}],"author":[{"embeddable":true,"href":"https:\/\/www.europesays.com\/pt\/wp-json\/wp\/v2\/users\/2"}],"replies":[{"embeddable":true,"href":"https:\/\/www.europesays.com\/pt\/wp-json\/wp\/v2\/comments?post=162359"}],"version-history":[{"count":0,"href":"https:\/\/www.europesays.com\/pt\/wp-json\/wp\/v2\/posts\/162359\/revisions"}],"wp:featuredmedia":[{"embeddable":true,"href":"https:\/\/www.europesays.com\/pt\/wp-json\/wp\/v2\/media\/162360"}],"wp:attachment":[{"href":"https:\/\/www.europesays.com\/pt\/wp-json\/wp\/v2\/media?parent=162359"}],"wp:term":[{"taxonomy":"category","embeddable":true,"href":"https:\/\/www.europesays.com\/pt\/wp-json\/wp\/v2\/categories?post=162359"},{"taxonomy":"post_tag","embeddable":true,"href":"https:\/\/www.europesays.com\/pt\/wp-json\/wp\/v2\/tags?post=162359"}],"curies":[{"name":"wp","href":"https:\/\/api.w.org\/{rel}","templated":true}]}}