{"id":162361,"date":"2025-11-23T17:37:17","date_gmt":"2025-11-23T17:37:17","guid":{"rendered":"https:\/\/www.europesays.com\/pt\/162361\/"},"modified":"2025-11-23T17:37:17","modified_gmt":"2025-11-23T17:37:17","slug":"entenda-em-10-respostas-sintomas-taxa-de-mortalidade-e-como-prevenir-noticias-r7","status":"publish","type":"post","link":"https:\/\/www.europesays.com\/pt\/162361\/","title":{"rendered":"entenda, em 10 respostas, sintomas, taxa de mortalidade e como prevenir \u2013 Noticias R7"},"content":{"rendered":"<p>LEIA AQUI O RESUMO DA NOT\u00cdCIA<\/p>\n<ul class=\"b-article-body-custom-embed-brief-news__list\" style=\"margin: 0; padding-left: 20px; list-style-type: disc;\">\n<li>Registro de dois casos de meningite n\u00e3o-bacteriana em crian\u00e7as em Barueri, S\u00e3o Paulo.<\/li>\n<li>A meningite \u00e9 uma inflama\u00e7\u00e3o das meninges e pode ser causada por bact\u00e9rias, v\u00edrus ou fungos.<\/li>\n<li>A meningite bacteriana apresenta uma letalidade de 20% e pode levar a complica\u00e7\u00f5es severas para os sobreviventes.<\/li>\n<li>Vacinas est\u00e3o dispon\u00edveis e mostram alta efic\u00e1cia na prote\u00e7\u00e3o contra meningite, especialmente a do tipo C.<\/li>\n<\/ul>\n<p style=\"font-size: 0.8em; font-style: italic; text-align: right; margin-top: 15px; padding-bottom: 5px; margin-bottom: 0;\">Produzido pela Ri7a &#8211; a Intelig\u00eancia Artificial do R7<\/p>\n<p><img decoding=\"async\" data-chromatic=\"ignore\" alt=\"\" class=\"c-image\" loading=\"lazy\" src=\"https:\/\/www.europesays.com\/pt\/wp-content\/uploads\/2025\/11\/M5UEGRVWSFBV7MZKWPWWJDJZCQ.jpg\"  width=\"3888\" height=\"2592\"\/>Vacina\u00e7\u00e3o contra meningite \u00e9 um dos principais recursos para evitar a dissemina\u00e7\u00e3o da doen\u00e7a SAMUEL AGUIAR\/O TEMPO\/ESTAD\u00c3O CONTE\u00daDO &#8211; 24.10.2011 <\/p>\n<p class=\"jarvics:base-text-neutral-high-400 base-text-[calc(theme(fontSize.xs)_*_var(--font-size,_1))] base-font-normal base-font-primary base-text-neutral-low-500 base-text-left\">Uma escola de ensino infantil de Barueri, na <a href=\"https:\/\/www.r7.com\/tudo-sobre\/sao-paulo-cidade\/\" target=\"_self\" rel=\"nofollow noopener\" title=\"https:\/\/www.r7.com\/tudo-sobre\/sao-paulo-cidade\/\"><b>Grande S\u00e3o Paulo<\/b><\/a>, registrou dois casos de <a href=\"https:\/\/www.r7.com\/tudo-sobre\/meningite\/\" target=\"_self\" rel=\"nofollow noopener\" title=\"https:\/\/www.r7.com\/tudo-sobre\/meningite\/\"><b>meningite<\/b><\/a> n\u00e3o-bacteriana em crian\u00e7as. O caso teve repercuss\u00e3o na cidade e motivou a visita de autoridades de sa\u00fade ao col\u00e9gio, deixando pais e respons\u00e1veis preocupados.<\/p>\n<p class=\"jarvics:base-text-neutral-high-400 base-text-[calc(theme(fontSize.xs)_*_var(--font-size,_1))] base-font-normal base-font-primary base-text-neutral-low-500 base-text-left\">Voc\u00ea sabe o que \u00e9 a doen\u00e7a? E como \u00e9 a transmiss\u00e3o? Existem <a href=\"https:\/\/www.r7.com\/tudo-sobre\/vacinacao\/\" target=\"_self\" rel=\"nofollow noopener\" title=\"https:\/\/www.r7.com\/tudo-sobre\/vacinacao\/\"><b>vacinas<\/b><\/a> para a preven\u00e7\u00e3o? Abaixo, o <b>R7 <\/b>listou 10 perguntas e respostas sobre a meningite.<\/p>\n<p>1. O que \u00e9 meningite e quais s\u00e3o suas causas?<\/p>\n<p class=\"jarvics:base-text-neutral-high-400 base-text-[calc(theme(fontSize.xs)_*_var(--font-size,_1))] base-font-normal base-font-primary base-text-neutral-low-500 base-text-left\">A meningite \u00e9 uma inflama\u00e7\u00e3o das meninges, que s\u00e3o as membranas que envolvem o c\u00e9rebro e a medula espinhal. Essa inflama\u00e7\u00e3o pode ser causada por diferentes agentes infecciosos, como bact\u00e9rias, v\u00edrus, fungos ou outros micro-organismos.<\/p>\n<p>2. Quais s\u00e3o os tipos de meningite mais comuns no Brasil?<\/p>\n<p class=\"jarvics:base-text-neutral-high-400 base-text-[calc(theme(fontSize.xs)_*_var(--font-size,_1))] base-font-normal base-font-primary base-text-neutral-low-500 base-text-left\">No Brasil, a forma bacteriana \u00e9 a que costuma resultar em mais complica\u00e7\u00f5es, sendo a do tipo C a mais comum. <\/p>\n<p>3. Qual \u00e9 a taxa de letalidade da meningite e como ela se manifesta?<\/p>\n<p class=\"jarvics:base-text-neutral-high-400 base-text-[calc(theme(fontSize.xs)_*_var(--font-size,_1))] base-font-normal base-font-primary base-text-neutral-low-500 base-text-left\">A letalidade da meningite bacteriana \u00e9 de 20%. A doen\u00e7a \u00e9 muito agressiva e pode levar a morte em poucas horas. Os sintomas incluem febre, mal-estar, dor de cabe\u00e7a e rigidez no pesco\u00e7o.<\/p>\n<p>4. O que \u00e9 a doen\u00e7a meningoc\u00f3cica?<\/p>\n<p class=\"jarvics:base-text-neutral-high-400 base-text-[calc(theme(fontSize.xs)_*_var(--font-size,_1))] base-font-normal base-font-primary base-text-neutral-low-500 base-text-left\">A doen\u00e7a meningoc\u00f3cica \u00e9 um tipo espec\u00edfico de meningite causada pela bact\u00e9ria Neisseria meningitidis, tamb\u00e9m conhecida como meningococo. Ela \u00e9 transmitida pelo contato pr\u00f3ximo, principalmente por meio de secre\u00e7\u00f5es respirat\u00f3rias.<\/p>\n<p>5. Quais s\u00e3o os sintomas da doen\u00e7a meningoc\u00f3cica?<\/p>\n<p class=\"jarvics:base-text-neutral-high-400 base-text-[calc(theme(fontSize.xs)_*_var(--font-size,_1))] base-font-normal base-font-primary base-text-neutral-low-500 base-text-left\">A doen\u00e7a meningoc\u00f3cica pode apresentar uma variedade de sintomas que se manifestam rapidamente e podem progredir de forma r\u00e1pida. Os principais sintomas incluem:<\/p>\n<ul class=\"b-article-body__list-unordered\">\n<li>Febre alta;<\/li>\n<li>Dor de cabe\u00e7a intensa;<\/li>\n<li>Rigidez no pesco\u00e7o;<\/li>\n<li>Fotofobia (sensibilidade \u00e0 luz);<\/li>\n<li>N\u00e1useas e v\u00f4mitos;<\/li>\n<li>Manchas vermelhas ou roxas na pele;<\/li>\n<li>Confus\u00e3o mental ou dificuldade de concentra\u00e7\u00e3o;<\/li>\n<li>Sonol\u00eancia excessiva ou dificuldade para acordar;<\/li>\n<li>Convuls\u00f5es;<\/li>\n<li>Irritabilidade, especialmente em beb\u00eas e crian\u00e7as pequenas.<\/li>\n<\/ul>\n<p>6. Como \u00e9 feito o diagn\u00f3stico da doen\u00e7a meningoc\u00f3cica?<\/p>\n<p class=\"jarvics:base-text-neutral-high-400 base-text-[calc(theme(fontSize.xs)_*_var(--font-size,_1))] base-font-normal base-font-primary base-text-neutral-low-500 base-text-left\">Na avalia\u00e7\u00e3o m\u00e9dica, a presen\u00e7a de sintomas como febre alta, rigidez de nuca e manchas na pele pode levantar suspeita de doen\u00e7a meningoc\u00f3cica. Exames laboratoriais e de imagem s\u00e3o solicitados para verificar sinais de inflama\u00e7\u00e3o nas meninges ou no c\u00e9rebro.<\/p>\n<p class=\"jarvics:base-text-neutral-high-400 base-text-[calc(theme(fontSize.xs)_*_var(--font-size,_1))] base-font-normal base-font-primary base-text-neutral-low-500 base-text-left\">Tamb\u00e9m s\u00e3o coletados sangue e l\u00edquido cefalorraquidiano para investigar a presen\u00e7a da bact\u00e9ria Neisseria meningitidis e realizar testes de sensibilidade aos antibi\u00f3ticos.<\/p>\n<p>7. Quais s\u00e3o as poss\u00edveis sequelas da meningite?<\/p>\n<p class=\"jarvics:base-text-neutral-high-400 base-text-[calc(theme(fontSize.xs)_*_var(--font-size,_1))] base-font-normal base-font-primary base-text-neutral-low-500 base-text-left\">Pacientes que sobrevivem \u00e0 meningite bacteriana podem apresentar sequelas neurol\u00f3gicas, como cegueira, surdez e perda de membros por necrose. As complica\u00e7\u00f5es podem afetar de 10% a 20% dos sobreviventes.<\/p>\n<p>8. Qual \u00e9 o tratamento para a doen\u00e7a meningoc\u00f3cica?<\/p>\n<p class=\"jarvics:base-text-neutral-high-400 base-text-[calc(theme(fontSize.xs)_*_var(--font-size,_1))] base-font-normal base-font-primary base-text-neutral-low-500 base-text-left\">O paciente diagnosticado com doen\u00e7a meningoc\u00f3cica deve ficar em isolamento hospitalar. O tratamento \u00e9 feito com antibi\u00f3ticos para combater a infec\u00e7\u00e3o pela Neisseria meningitidis. <\/p>\n<p class=\"jarvics:base-text-neutral-high-400 base-text-[calc(theme(fontSize.xs)_*_var(--font-size,_1))] base-font-normal base-font-primary base-text-neutral-low-500 base-text-left\">Outros cuidados incluem a administra\u00e7\u00e3o de l\u00edquidos intravenosos para manter a hidrata\u00e7\u00e3o e medicamentos para controlar dor, febre e reduzir a press\u00e3o intracraniana, se necess\u00e1rio. <\/p>\n<p class=\"jarvics:base-text-neutral-high-400 base-text-[calc(theme(fontSize.xs)_*_var(--font-size,_1))] base-font-normal base-font-primary base-text-neutral-low-500 base-text-left\">Pacientes em maior risco de sepse ou choque s\u00e9ptico podem ser levados \u00e0 UTI para monitoramento.<\/p>\n<p>9. Existem vacinas dispon\u00edveis para prevenir a meningite?<\/p>\n<p class=\"jarvics:base-text-neutral-high-400 base-text-[calc(theme(fontSize.xs)_*_var(--font-size,_1))] base-font-normal base-font-primary base-text-neutral-low-500 base-text-left\">Sim, existem vacinas dispon\u00edveis no SUS e na rede privada para os principais agentes infecciosos causadores da meningite. <\/p>\n<p class=\"jarvics:base-text-neutral-high-400 base-text-[calc(theme(fontSize.xs)_*_var(--font-size,_1))] base-font-normal base-font-primary base-text-neutral-low-500 base-text-left\">As vacinas dispon\u00edveis no calend\u00e1rio de vacina\u00e7\u00e3o da crian\u00e7a do Programa Nacional de Imuniza\u00e7\u00e3o incluem:<\/p>\n<ul class=\"b-article-body__list-unordered\">\n<li>Vacina meningoc\u00f3cica C (conjugada);<\/li>\n<li>Vacina pneumoc\u00f3cica 10-valente (conjugada);<\/li>\n<li>Pentavalente;<\/li>\n<li>Meningoc\u00f3cica C (conjugada);<\/li>\n<li>Meningoc\u00f3cica ACWY (conjugada).<\/li>\n<\/ul>\n<p>10. Qual \u00e9 a efic\u00e1cia da vacina contra meningite?<\/p>\n<p class=\"jarvics:base-text-neutral-high-400 base-text-[calc(theme(fontSize.xs)_*_var(--font-size,_1))] base-font-normal base-font-primary base-text-neutral-low-500 base-text-left\">A efic\u00e1cia da vacina contra meningite tipo C \u00e9 superior a 90%. Crian\u00e7as imunizadas est\u00e3o protegidas e, mesmo aquelas com produ\u00e7\u00e3o baixa de anticorpos, tendem a ter formas mais brandas da doen\u00e7a.<\/p>\n<p><video controls=\"\" class=\"video-js\" preload=\"metadata\" poster=\"https:\/\/d22yf0mxeu0gma.cloudfront.net\/08-13-2025\/t_f3a4117504c74879bd0c899641a1f681_name_GERAL_THUMBS_YOUTUBE_2025__58_.jpg\" title=\"Meningite: a doen&#xE7;a silenciosa que pode ser fatal | O Hospital Responde\" data-sprite-url=\"\" data-metadata=\"{&quot;title&quot;:&quot;Meningite: a doen&#xE7;a silenciosa que pode ser fatal | O Hospital Responde&quot;,&quot;sectionName&quot;:&quot;R7&quot;,&quot;mainSection&quot;:&quot;Sa&#xFA;de&quot;,&quot;subSection&quot;:&quot;&quot;,&quot;views&quot;:&quot;&quot;,&quot;disableAdv&quot;:&quot;false&quot;,&quot;createdDate&quot;:&quot;2025-08-13T19:09:29Z&quot;,&quot;mainSectionUrl&quot;:&quot;https:\/\/record.r7.com\/domingo-espetacular\/conteudo-exclusivo\/o-hospital-responde\/video\/meningite-a-doenca-silenciosa-que-pode-ser-fatal-o-hospital-responde-16082025\/&quot;,&quot;sectionPath&quot;:&quot;https:\/\/record.r7.com\/domingo-espetacular\/conteudo-exclusivo\/o-hospital-responde&quot;,&quot;ageRating&quot;:&quot;&quot;,&quot;ageRatingDescription&quot;:&quot;&quot;,&quot;duration&quot;:241877,&quot;playerUrl&quot;:&quot;https:\/\/record.r7.com\/player\/5a19bb9c-cc01-4663-aa0d-697e3feab933\/&quot;}\" data-player-params=\"{&quot;p&quot;:&quot;true&quot;,&quot;autoPlay&quot;:&quot;false&quot;,&quot;logo&quot;:&quot;true&quot;,&quot;playlistId&quot;:&quot;false&quot;,&quot;calhau&quot;:&quot;false&quot;,&quot;share&quot;:&quot;true&quot;,&quot;sz&quot;:&quot;false&quot;,&quot;full&quot;:&quot;true&quot;,&quot;customAdHash&quot;:&quot;\/7542\/r7noticias\/saude&quot;,&quot;referrerUrl&quot;:&quot;&quot;,&quot;externalLinks&quot;:&quot;true&quot;,&quot;debug&quot;:&quot;false&quot;,&quot;debugHash&quot;:&quot;false&quot;,&quot;debugRelated&quot;:&quot;false&quot;,&quot;timerRelated&quot;:&quot;true&quot;,&quot;logoRecord&quot;:&quot;false&quot;,&quot;contextModal&quot;:&quot;false&quot;,&quot;parentUrl&quot;:&quot;https:\/\/record.r7.com\/&quot;,&quot;t&quot;:&quot;0&quot;,&quot;noTitle&quot;:false,&quot;endBehavior&quot;:&quot;default&quot;}\" data-related-videos=\"\" data-player-url=\"https:\/\/record.r7.com\/player\/5a19bb9c-cc01-4663-aa0d-697e3feab933\/\" data-arc-video=\"\" data-arc-id=\"5a19bb9c-cc01-4663-aa0d-697e3feab933\" data-short=\"false\" style=\"visibility:hidden\"><\/video><\/p>\n<p class=\"jarvics:base-text-neutral-high-400 base-text-[calc(theme(fontSize.xs)_*_var(--font-size,_1))] base-font-normal base-font-primary base-text-neutral-low-500 base-text-left\"><b>Fique por dentro das principais not\u00edcias do dia no Brasil e no mundo. <\/b><a href=\"https:\/\/whatsapp.com\/channel\/0029Va6eEELGZNCyryabmO1m\" rel=\"nofollow noopener\" target=\"_blank\"><b>Siga o canal do R7<\/b><\/a><b>, o portal de not\u00edcias da RECORD, no WhatsApp<\/b><\/p>\n","protected":false},"excerpt":{"rendered":"LEIA AQUI O RESUMO DA NOT\u00cdCIA Registro de dois casos de meningite n\u00e3o-bacteriana em crian\u00e7as em Barueri, S\u00e3o&hellip;\n","protected":false},"author":2,"featured_media":162362,"comment_status":"","ping_status":"","sticky":false,"template":"","format":"standard","meta":{"footnotes":""},"categories":[86],"tags":[838,116,4993,32,33,117,4483,2820],"class_list":{"0":"post-162361","1":"post","2":"type-post","3":"status-publish","4":"format-standard","5":"has-post-thumbnail","7":"category-saude","8":"tag-criancas","9":"tag-health","10":"tag-meningite","11":"tag-portugal","12":"tag-pt","13":"tag-saude","14":"tag-sus","15":"tag-vacinacao"},"share_on_mastodon":{"url":"https:\/\/pubeurope.com\/@pt\/115600231564540720","error":""},"_links":{"self":[{"href":"https:\/\/www.europesays.com\/pt\/wp-json\/wp\/v2\/posts\/162361","targetHints":{"allow":["GET"]}}],"collection":[{"href":"https:\/\/www.europesays.com\/pt\/wp-json\/wp\/v2\/posts"}],"about":[{"href":"https:\/\/www.europesays.com\/pt\/wp-json\/wp\/v2\/types\/post"}],"author":[{"embeddable":true,"href":"https:\/\/www.europesays.com\/pt\/wp-json\/wp\/v2\/users\/2"}],"replies":[{"embeddable":true,"href":"https:\/\/www.europesays.com\/pt\/wp-json\/wp\/v2\/comments?post=162361"}],"version-history":[{"count":0,"href":"https:\/\/www.europesays.com\/pt\/wp-json\/wp\/v2\/posts\/162361\/revisions"}],"wp:featuredmedia":[{"embeddable":true,"href":"https:\/\/www.europesays.com\/pt\/wp-json\/wp\/v2\/media\/162362"}],"wp:attachment":[{"href":"https:\/\/www.europesays.com\/pt\/wp-json\/wp\/v2\/media?parent=162361"}],"wp:term":[{"taxonomy":"category","embeddable":true,"href":"https:\/\/www.europesays.com\/pt\/wp-json\/wp\/v2\/categories?post=162361"},{"taxonomy":"post_tag","embeddable":true,"href":"https:\/\/www.europesays.com\/pt\/wp-json\/wp\/v2\/tags?post=162361"}],"curies":[{"name":"wp","href":"https:\/\/api.w.org\/{rel}","templated":true}]}}