{"id":162389,"date":"2025-11-23T18:02:40","date_gmt":"2025-11-23T18:02:40","guid":{"rendered":"https:\/\/www.europesays.com\/pt\/162389\/"},"modified":"2025-11-23T18:02:40","modified_gmt":"2025-11-23T18:02:40","slug":"viu-sara-correia-a-cantar-no-comboio-sim-ela-esta-a-invadir-a-cidade-2","status":"publish","type":"post","link":"https:\/\/www.europesays.com\/pt\/162389\/","title":{"rendered":"Viu Sara Correia a cantar no comboio? Sim, ela est\u00e1 a &#8220;invadir a cidade&#8221;"},"content":{"rendered":"<p>Se anda de transportes p\u00fablicos \u00e9 poss\u00edvel que esta quarta-feira, 19 de novembro, se cruze com Sara Correia. A fadista vai &#8220;invadir a cidade&#8221; de Lisboa com uma campanha audaz para a promo\u00e7\u00e3o do seu novo tema, &#8220;Avisem que eu cheguei&#8221;.<\/p>\n<p>No dia em que lan\u00e7a o single &#8220;Avisem que eu cheguei&#8221;, Sara Correia, de 32 anos, resolveu arriscar e promover o tema cantando em esta\u00e7\u00f5es e at\u00e9 em comboios em circula\u00e7\u00e3o. <\/p>\n<p>&#8220;J\u00e1 saiu o meu single, estou muito, muito feliz por poder cantar para voc\u00eas. Vou estar no Rossio&#8221;, come\u00e7ou por dizer atrav\u00e9s das redes sociais nas primeiras horas da manh\u00e3. <\/p>\n<p>&#8220;Venham comigo, vamos invadir a cidade&#8221;, desafio a fadista, que iniciou esta jornada na esta\u00e7\u00e3o do Rossio. <\/p>\n<p>&#8220;Estou numa ansiedade hoje, mas estou muito feliz&#8221;, referiu ainda a respeito do dia de hoje e do lan\u00e7amento deste &#8220;grande tema&#8221;.<\/p>\n<p>&#8220;A Sara vai estar o dia inteiro a invadir a cidade. Acompanhem e venham ouvir o tema&#8221;, pode ainda ler-se na sua conta oficial de Instagram, onde esta jornada pelas esta\u00e7\u00f5es e comboios tem sido divulgada ao detalhe. <\/p>\n<p>Depois de cantar no Rossio, Sara Correia dirigiu-se para os est\u00fadios da r\u00e1dio Comercial onde cantou &#8220;Avisem que eu cheguei&#8221; para todos os ouvintes.<\/p>\n<p>&#8220;M\u00fasica nova da Sara Correia nas Manh\u00e3s da Comercial! UAU! N\u00e3o temos palavras&#8230;&#8221;, declarou a Comercial ao mostrar o v\u00eddeo que registou a atua\u00e7\u00e3o. <\/p>\n<p>E depois da passagem pela r\u00e1dio, Sara Correio seguiu viagem rumo \u00e0 esta\u00e7\u00e3o de Bel\u00e9m. A fadista apanhou o comboio, tal como centenas de portugueses a caminho do trabalho, e dentro de uma carruagem em andamento cantou ao vivo o novo tema. <\/p>\n<p>O comboio seguia em dire\u00e7\u00e3o ao Cais do Sodr\u00e9. J\u00e1 no destino, Sara Correia voltou a cantar para todos os que por ali passavam. Veja na galeria o v\u00eddeo que registou o momento. <\/p>\n<p>Ainda no \u00e2mbito desta a\u00e7\u00e3o de promo\u00e7\u00e3o, a fadista juntou-se \u00e0 marca \u00c1gua das Pedras numa campanha original onde pode ler-se: &#8220;Lata para invadir a cidade? A Sara tem. E n\u00f3s tamb\u00e9m&#8221;. <\/p>\n<p> <img decoding=\"async\" src=\"https:\/\/www.europesays.com\/pt\/wp-content\/uploads\/2025\/11\/1763568370_119_naom_63c850a0edbb6.jpeg\" border=\"0\" alt=\"15 curiosidades sobre a vida de Carolina Deslandes que precisa de saber\"\/>   <\/p>\n<p>A cantora Carolina Deslandes partilhou 15 curiosidades sobre a sua vida nas redes sociais, incluindo detalhes sobre a maternidade, carreira e h\u00e1bitos pessoais. A artista foi recentemente m\u00e3e pela quarta vez.<\/p>\n<p> Not\u00edcias ao Minuto | 22:12 &#8211; 18\/11\/2025  <\/p>\n","protected":false},"excerpt":{"rendered":"Se anda de transportes p\u00fablicos \u00e9 poss\u00edvel que esta quarta-feira, 19 de novembro, se cruze com Sara Correia.&hellip;\n","protected":false},"author":2,"featured_media":162390,"comment_status":"","ping_status":"","sticky":false,"template":"","format":"standard","meta":{"footnotes":""},"categories":[141],"tags":[114,115,149,150,32,33],"class_list":{"0":"post-162389","1":"post","2":"type-post","3":"status-publish","4":"format-standard","5":"has-post-thumbnail","7":"category-musica","8":"tag-entertainment","9":"tag-entretenimento","10":"tag-music","11":"tag-musica","12":"tag-portugal","13":"tag-pt"},"share_on_mastodon":{"url":"https:\/\/pubeurope.com\/@pt\/115600329652958102","error":""},"_links":{"self":[{"href":"https:\/\/www.europesays.com\/pt\/wp-json\/wp\/v2\/posts\/162389","targetHints":{"allow":["GET"]}}],"collection":[{"href":"https:\/\/www.europesays.com\/pt\/wp-json\/wp\/v2\/posts"}],"about":[{"href":"https:\/\/www.europesays.com\/pt\/wp-json\/wp\/v2\/types\/post"}],"author":[{"embeddable":true,"href":"https:\/\/www.europesays.com\/pt\/wp-json\/wp\/v2\/users\/2"}],"replies":[{"embeddable":true,"href":"https:\/\/www.europesays.com\/pt\/wp-json\/wp\/v2\/comments?post=162389"}],"version-history":[{"count":0,"href":"https:\/\/www.europesays.com\/pt\/wp-json\/wp\/v2\/posts\/162389\/revisions"}],"wp:featuredmedia":[{"embeddable":true,"href":"https:\/\/www.europesays.com\/pt\/wp-json\/wp\/v2\/media\/162390"}],"wp:attachment":[{"href":"https:\/\/www.europesays.com\/pt\/wp-json\/wp\/v2\/media?parent=162389"}],"wp:term":[{"taxonomy":"category","embeddable":true,"href":"https:\/\/www.europesays.com\/pt\/wp-json\/wp\/v2\/categories?post=162389"},{"taxonomy":"post_tag","embeddable":true,"href":"https:\/\/www.europesays.com\/pt\/wp-json\/wp\/v2\/tags?post=162389"}],"curies":[{"name":"wp","href":"https:\/\/api.w.org\/{rel}","templated":true}]}}