{"id":162391,"date":"2025-11-23T18:04:08","date_gmt":"2025-11-23T18:04:08","guid":{"rendered":"https:\/\/www.europesays.com\/pt\/162391\/"},"modified":"2025-11-23T18:04:08","modified_gmt":"2025-11-23T18:04:08","slug":"palhinha-responde-as-criticas-de-carragher-se-ate-fala-mal-do-ronaldo","status":"publish","type":"post","link":"https:\/\/www.europesays.com\/pt\/162391\/","title":{"rendered":"Palhinha responde \u00e0s cr\u00edticas de Carragher: \u00abSe at\u00e9 fala mal do Ronaldo&#8230;\u00bb"},"content":{"rendered":"<p>Emprestado pelo Bayern Munique ao Tottenham, o portugu\u00eas Jo\u00e3o Palhinha tem sido um dos principais pilares da equipa inglesa na atual temporada. No entanto, os \u00faltimos jogos dos Spurs n\u00e3o t\u00eam corrido da melhor maneira e as cr\u00edticas chegaram a todo o plantel, incluindo o pr\u00f3prio Palhinha.<\/p>\n<p>Uma destas cr\u00edticas surgiu da boca de Jamie Carragher, antigo jogador do Liverpool e atual comentador desportivo, que acusou o portugu\u00eas de n\u00e3o ser bom o suficiente para progredir com a bola no relvado.<\/p>\n<p>\u00abEu vi [a an\u00e1lise do Carragher] porque algumas pessoas me enviaram. Mas o que posso dizer? Se at\u00e9 fala mal do Cristiano Ronaldo, pode falar mal de todos. Algumas pessoas precisam de falar mal de outras para aparecerem na televis\u00e3o. E a minha vida n\u00e3o \u00e9 sobre isso, definitivamente\u00bb, disse em entrevista exclusiva ao The Guardian.<\/p>\n<p>\u00ab\u00c9 um pouco constrangedor ver ex-jogadores a falarem desta maneira e \u00e0s vezes eles parecem superestrelas por causa do passado. Provavelmente deveria ter visto mais jogos meus no Tottenham. Estou a fazer uma \u00f3tima temporada e as coisas que ele diz n\u00e3o me afetam. N\u00e3o me importo muito porque muitos falam, mas o importante \u00e9 como reagimos. A minha rea\u00e7\u00e3o depois do que ele disse foi marcar contra o Copenhaga (<a href=\"https:\/\/maisfutebol.iol.pt\/jogo\/tottenham-hotspur\/copenhagen\/13830170\" target=\"_blank\" rel=\"nofollow noopener\">na vit\u00f3ria para a Liga dos Campe\u00f5es, 4-0<\/a>)\u00bb, completou.<\/p>\n<p>Relativamente ao futuro, com contrato de empr\u00e9stimo ao Tottenham at\u00e9 ao final da temporada, o m\u00e9dio de 30 anos n\u00e3o negou a vontade de permanecer em Inglaterra, mas passou a bola aos dirigentes do clube.<\/p>\n<p>\u00abFicar no Tottenham? Deveriam perguntar ao dono ou aos diretores desportivos, Fabio Paratici ou Johan Lange\u2026 n\u00e3o a mim. \u00c9 claro que isto \u00e9 como um casamento. Os dois precisam de querer. Estou muito feliz por estar aqui e sinto o apoio dos adeptos, o que \u00e9 muito especial. Temos at\u00e9 o final da temporada, mas todos sabem como funciona o futebol\u00bb.<\/p>\n<p>Esta temporada, Jo\u00e3o Palhinha leva quatro golos e uma assist\u00eancia em 18 jogos pelo Tottenham. Ao servi\u00e7o da Sele\u00e7\u00e3o Nacional fez tr\u00eas partidas.<\/p>\n<p><a href=\"https:\/\/maisfutebol.iol.pt\/jogo\/arsenal\/tottenham-hotspur\/13825471\" target=\"_blank\" rel=\"nofollow noopener\">O Tottenham joga este domingo no terreno do Arsenal<\/a>,em jogo referente \u00e0 12.\u00aa jornada da Premier League. Poder\u00e1 acompanhar tudo no <strong>Maisfutebol<\/strong>, com a bola a rolar a partir das 16h30.<\/p>\n","protected":false},"excerpt":{"rendered":"Emprestado pelo Bayern Munique ao Tottenham, o portugu\u00eas Jo\u00e3o Palhinha tem sido um dos principais pilares da equipa&hellip;\n","protected":false},"author":2,"featured_media":162392,"comment_status":"","ping_status":"","sticky":false,"template":"","format":"standard","meta":{"footnotes":""},"categories":[87],"tags":[668,667,135,665,82,16002,5817,436,46,32,33,47,669,134,3975],"class_list":{"0":"post-162391","1":"post","2":"type-post","3":"status-publish","4":"format-standard","5":"has-post-thumbnail","7":"category-desporto","8":"tag-cr7","9":"tag-cristiano-ronaldo","10":"tag-desporto","11":"tag-inglaterra","12":"tag-internacional","13":"tag-jamie-carragher","14":"tag-joao-palhinha","15":"tag-made-in","16":"tag-maisfutebol","17":"tag-portugal","18":"tag-pt","19":"tag-pura-paixao","20":"tag-ronaldo","21":"tag-sports","22":"tag-tottenham"},"share_on_mastodon":{"url":"https:\/\/pubeurope.com\/@pt\/115600337381297114","error":""},"_links":{"self":[{"href":"https:\/\/www.europesays.com\/pt\/wp-json\/wp\/v2\/posts\/162391","targetHints":{"allow":["GET"]}}],"collection":[{"href":"https:\/\/www.europesays.com\/pt\/wp-json\/wp\/v2\/posts"}],"about":[{"href":"https:\/\/www.europesays.com\/pt\/wp-json\/wp\/v2\/types\/post"}],"author":[{"embeddable":true,"href":"https:\/\/www.europesays.com\/pt\/wp-json\/wp\/v2\/users\/2"}],"replies":[{"embeddable":true,"href":"https:\/\/www.europesays.com\/pt\/wp-json\/wp\/v2\/comments?post=162391"}],"version-history":[{"count":0,"href":"https:\/\/www.europesays.com\/pt\/wp-json\/wp\/v2\/posts\/162391\/revisions"}],"wp:featuredmedia":[{"embeddable":true,"href":"https:\/\/www.europesays.com\/pt\/wp-json\/wp\/v2\/media\/162392"}],"wp:attachment":[{"href":"https:\/\/www.europesays.com\/pt\/wp-json\/wp\/v2\/media?parent=162391"}],"wp:term":[{"taxonomy":"category","embeddable":true,"href":"https:\/\/www.europesays.com\/pt\/wp-json\/wp\/v2\/categories?post=162391"},{"taxonomy":"post_tag","embeddable":true,"href":"https:\/\/www.europesays.com\/pt\/wp-json\/wp\/v2\/tags?post=162391"}],"curies":[{"name":"wp","href":"https:\/\/api.w.org\/{rel}","templated":true}]}}