{"id":162405,"date":"2025-11-23T18:19:19","date_gmt":"2025-11-23T18:19:19","guid":{"rendered":"https:\/\/www.europesays.com\/pt\/162405\/"},"modified":"2025-11-23T18:19:19","modified_gmt":"2025-11-23T18:19:19","slug":"explicador-o-que-esta-em-causa-na-guerra-das-apostas-desportivas","status":"publish","type":"post","link":"https:\/\/www.europesays.com\/pt\/162405\/","title":{"rendered":"Explicador: o que est\u00e1 em causa na guerra das apostas desportivas"},"content":{"rendered":"<p style=\"text-align:justify; margin-bottom:11px\">Esta sexta-feira saltou para as manchetes da imprensa o problema com a receita das apostas desportivas, sobretudo as apostas desportivas internacionais. Mas a verdade \u00e9 que esta quest\u00e3o n\u00e3o \u00e9 nova. J\u00e1 se arrasta h\u00e1 mais de dez anos.<\/p>\n<p>Porqu\u00ea agora? Porque Andr\u00e9 Villas-Boas, Frederico Varandas, Rui Costa e Ant\u00f3nio Salvador resolveram agarrar o problema pelos colarinhos e pediram uma reuni\u00e3o a Pedro Proen\u00e7a. O encontro n\u00e3o trouxe grandes novidades, mas pelo menos colocou o tema na ordem do dia.<\/p>\n<p>Venha da\u00ed entender tudo no explicador do <strong>Maisfutebol<\/strong>.<\/p>\n<p>____________________________________________<\/p>\n<p> O que \u00e9 que est\u00e1 em causa afinal? <\/p>\n<p>O que est\u00e1 em causa s\u00e3o pouco menos de trinta milh\u00f5es de euros anuais (este valor tem vindo a crescer todos os anos) das apostas internacionais. Ou seja, \u00e9 a receita fiscal das apostas online e da Santa Casa realizadas em jogos da La Liga, da Premier League, da Serie A italiana, da Bundesliga e por a\u00ed fora. A Liga e os clubes entendem que este dinheiro proveniente de campeonatos profissionais deve ser entregue ao futebol profissional, enquanto a Federa\u00e7\u00e3o defende que deve ficar com ela.<\/p>\n<p> Quando come\u00e7ou este diferendo? <\/p>\n<p>Na realidade come\u00e7ou logo em 2015, quando as apostas online foram legalizadas em Portugal atrav\u00e9s de Decreto-Lei. A portaria que definiu a distribui\u00e7\u00e3o das receitas, e que ainda hoje se mant\u00e9m, considerou que os clubes da Liga Portugal deviam ficar com as receitas das apostas feitas na I e II Ligas nacionais, e das competi\u00e7\u00f5es da UEFA (as receitas dos jogos em que participam clubes portugueses v\u00e3o para esses clubes, a receita dos jogos em que n\u00e3o participam clubes portugueses s\u00e3o entregues \u00e0 Liga, que depois o distribui por todos os clubes). Tudo o resto fica na Federa\u00e7\u00e3o.<\/p>\n<p> Porque \u00e9 que a Federa\u00e7\u00e3o n\u00e3o entregou logo este dinheiro \u00e0 Liga? <\/p>\n<p>Em 2015, quando o Decreto-Lei das apostas desportivas foi aprovado, Fernando Gomes era presidente da Federa\u00e7\u00e3o e Pedro Proen\u00e7a era o presidente da Liga. Fernando Gomes deixou sempre claro, junto dos clubes, que entendia que esse dinheiro devia ficar na Federa\u00e7\u00e3o para ser aplicado no desenvolvimento do futebol no seu todo, atrav\u00e9s de programas de incentivo ao futebol feminino, \u00e0s sele\u00e7\u00f5es jovens ou \u00e0 cria\u00e7\u00e3o de infraestruturas para os clubes. Por isso, e apesar da ambi\u00e7\u00e3o dos clubes, a quest\u00e3o nunca foi muito um tema.<\/p>\n<p> Porque \u00e9 que estes valores s\u00e3o importantes? <\/p>\n<p>Porque \u00e9 muito dinheiro. Para se ter uma ideia, o futebol recebeu em 2024 um total de 59,5 milh\u00f5es de euros em receita das apostas desportivas (incluindo online e Placard). Deste bolo total, a Federa\u00e7\u00e3o ficou com cerca de 45 milh\u00f5es e a Liga com ligeiramente menos de 15 milh\u00f5es. Por aqui j\u00e1 se percebe, como 30 milh\u00f5es (um pouco menos, na verdade, mas vamos simplificar) \u00e9 um valor muito importante para qualquer dos organismos.<\/p>\n<p> Porque \u00e9 que os quatro grandes foram na sexta-feira falar com Pedro Proen\u00e7a? <\/p>\n<p>Porque dizem que Pedro Proen\u00e7a, quando era candidato \u00e0 presid\u00eancia da Federa\u00e7\u00e3o, teve um encontro com os presidentes dos quatro clubes em que garantiu que, se fosse eleito, a verba das apostas internacionais seria canalizada para os clubes profissionais.<\/p>\n<p> E porque \u00e9 que Pedro Proen\u00e7a fez isso? <\/p>\n<p>Desde 2015, quando era presidente da Liga Portugal, Pedro Proen\u00e7a sempre defendeu que a verba dos jogos internacionais devia ser entregue aos clubes. Durante o seu mandato na Liga, Proen\u00e7a chegou a questionar o IPDJ e o TAD, mas ambos emitiram pareceres a dar raz\u00e3o \u00e0 Federa\u00e7\u00e3o. O que n\u00e3o o impediu de continuar a lutar pela verba que considerava ser da Liga. No entanto, e ao que garantem os clubes, esse entendimento mudou quando chegou \u00e0 FPF.<\/p>\n<p> \u00c9 justo considerar que Pedro Proen\u00e7a se tornou ganancioso? <\/p>\n<p>N\u00e3o. A Federa\u00e7\u00e3o Portuguesa de Futebol tem uma estrutura de custos pesad\u00edssima, n\u00e3o s\u00f3 em meios humanos, mas no apoio ao futebol feminino ou \u00e0s sele\u00e7\u00f5es jovens. Para desenvolver a modalidade, a FPF assume tamb\u00e9m custos que deviam ser dos clubes, para al\u00e9m dos programas de apoio que lan\u00e7a pontualmente. Por isso Proen\u00e7a percebeu que aquela verba faz falta na Federa\u00e7\u00e3o. At\u00e9 porque sem ela, a FPF ficar\u00e1 apenas com a receita das apostas nas Ta\u00e7as (portuguesa e internacionais), nas competi\u00e7\u00f5es das sele\u00e7\u00f5es e nas divis\u00f5es inferiores. Como se imagina, \u00e0 exce\u00e7\u00e3o dos anos em que h\u00e1 Mundial ou Europeu, \u00e9 pouco.<\/p>\n<p> O que \u00e9 que os quatro grandes querem? <\/p>\n<p>Basicamente querem o mesmo que a Liga Portugal: que o dinheiro das competi\u00e7\u00f5es profissionais estrangeiras fique no futebol profissional. Benfica, Sporting, FC Porto e Sp. Braga garantem, ali\u00e1s, que defendem uma distribui\u00e7\u00e3o justa da verba por todos os clubes.<\/p>\n<p> O que saiu da reuni\u00e3o dos quatro grandes com Pedro Proen\u00e7a? <\/p>\n<p>Para j\u00e1, muito pouco. Basicamente a Federa\u00e7\u00e3o admite ceder a verba em causa, mas primeiro precisa de criar um grupo de trabalho para definir os crit\u00e9rios de distribui\u00e7\u00e3o pelos v\u00e1rios clubes e par\u00e2metros exigentes de aplica\u00e7\u00e3o da verba por parte dos clubes (que n\u00e3o poder\u00e3o ir gast\u00e1-lo como querem).<\/p>\n<p> Esta quest\u00e3o precisa de passar pelo Governo para ser alterada? <\/p>\n<p>As opini\u00f5es divergem. A realidade \u00e9 que existe uma portaria de 2015 que diz que as verbas s\u00e3o entregues \u00e0 Federa\u00e7\u00e3o. H\u00e1 quem considere que esta portaria est\u00e1 desatualizada, at\u00e9 porque em dez anos o mercado de apostas mudou muito, e tem de ser alterada. Mas tamb\u00e9m h\u00e1 quem defenda que n\u00e3o, que o dinheiro pode continuar a ser entregue \u00e0 Federa\u00e7\u00e3o, que depois, atrav\u00e9s de um contrato programa, o reencaminha para a Liga.<\/p>\n","protected":false},"excerpt":{"rendered":"Esta sexta-feira saltou para as manchetes da imprensa o problema com a receita das apostas desportivas, sobretudo as&hellip;\n","protected":false},"author":2,"featured_media":162406,"comment_status":"","ping_status":"","sticky":false,"template":"","format":"standard","meta":{"footnotes":""},"categories":[87],"tags":[1265,21480,21914,51,135,282,26650,285,36,34469,22472,46,5561,32,33,47,6058,4175,1233,34,134,16321],"class_list":{"0":"post-162405","1":"post","2":"type-post","3":"status-publish","4":"format-standard","5":"has-post-thumbnail","7":"category-desporto","8":"tag-apostas","9":"tag-apostas-desportivas","10":"tag-apostas-online","11":"tag-benfica","12":"tag-desporto","13":"tag-fc-porto","14":"tag-federacao","15":"tag-fpf","16":"tag-liga","17":"tag-liga-clubes","18":"tag-liga-portugal","19":"tag-maisfutebol","20":"tag-pedro-proenca","21":"tag-portugal","22":"tag-pt","23":"tag-pura-paixao","24":"tag-rui-costa","25":"tag-salvador","26":"tag-sp-braga","27":"tag-sporting","28":"tag-sports","29":"tag-varandas"},"share_on_mastodon":{"url":"https:\/\/pubeurope.com\/@pt\/115600396384723181","error":""},"_links":{"self":[{"href":"https:\/\/www.europesays.com\/pt\/wp-json\/wp\/v2\/posts\/162405","targetHints":{"allow":["GET"]}}],"collection":[{"href":"https:\/\/www.europesays.com\/pt\/wp-json\/wp\/v2\/posts"}],"about":[{"href":"https:\/\/www.europesays.com\/pt\/wp-json\/wp\/v2\/types\/post"}],"author":[{"embeddable":true,"href":"https:\/\/www.europesays.com\/pt\/wp-json\/wp\/v2\/users\/2"}],"replies":[{"embeddable":true,"href":"https:\/\/www.europesays.com\/pt\/wp-json\/wp\/v2\/comments?post=162405"}],"version-history":[{"count":0,"href":"https:\/\/www.europesays.com\/pt\/wp-json\/wp\/v2\/posts\/162405\/revisions"}],"wp:featuredmedia":[{"embeddable":true,"href":"https:\/\/www.europesays.com\/pt\/wp-json\/wp\/v2\/media\/162406"}],"wp:attachment":[{"href":"https:\/\/www.europesays.com\/pt\/wp-json\/wp\/v2\/media?parent=162405"}],"wp:term":[{"taxonomy":"category","embeddable":true,"href":"https:\/\/www.europesays.com\/pt\/wp-json\/wp\/v2\/categories?post=162405"},{"taxonomy":"post_tag","embeddable":true,"href":"https:\/\/www.europesays.com\/pt\/wp-json\/wp\/v2\/tags?post=162405"}],"curies":[{"name":"wp","href":"https:\/\/api.w.org\/{rel}","templated":true}]}}