{"id":162407,"date":"2025-11-23T18:20:14","date_gmt":"2025-11-23T18:20:14","guid":{"rendered":"https:\/\/www.europesays.com\/pt\/162407\/"},"modified":"2025-11-23T18:20:14","modified_gmt":"2025-11-23T18:20:14","slug":"o-liberal-regionalsecretaria-de-saude-de-aracatuba-realiza-nos-dias-24-e-25-de-novembro-o-1o-simposio-de-urgencia-e-emergencia","status":"publish","type":"post","link":"https:\/\/www.europesays.com\/pt\/162407\/","title":{"rendered":"O LIBERAL REGIONALSecretaria de Sa\u00fade de Ara\u00e7atuba realiza nos dias 24 e 25 de novembro o 1\u00ba Simp\u00f3sio de Urg\u00eancia e Emerg\u00eancia"},"content":{"rendered":"<p>Da Reda\u00e7\u00e3o \u2013 Ara\u00e7atuba<\/p>\n<p>A Prefeitura de Ara\u00e7atuba, por meio da Secretaria Municipal de Sa\u00fade, realiza nos dias 24 e 25 de novembro, das 8h \u00e0s 12h, o 1\u00ba Simp\u00f3sio de Urg\u00eancia e Emerg\u00eancia, voltado aos profissionais envolvidos no cuidado em sa\u00fade do munic\u00edpio. O evento ser\u00e1 realizado no Edif\u00edcio Siran.<\/p>\n<p>Com o tema \u201cInova\u00e7\u00e3o e Atualiza\u00e7\u00e3o em Urg\u00eancia e Emerg\u00eancia: preparando equipes para os novos desafios\u201d, a iniciativa \u00e9 organizada pelo Departamento de Urg\u00eancia e Emerg\u00eancia e pela Associa\u00e7\u00e3o Filantr\u00f3pica Nova Esperan\u00e7a, que gerencia o Pronto-Socorro Municipal.<\/p>\n<p><strong>Palestras<\/strong><\/p>\n<p>O evento contar\u00e1 com diversas palestras em que ser\u00e3o abordados pr\u00e1ticas e protocolos que est\u00e3o transformando o atendimento emergencial. O objetivo \u00e9 preparar as equipes multidisciplinares para lidarem com cen\u00e1rios cada vez mais complexos na urg\u00eancia e emerg\u00eancia.<\/p>\n<p>Haver\u00e1 palestras sobre cuidados do AVC (Acidente Vascular Cerebral), humaniza\u00e7\u00e3o na urg\u00eancia e emerg\u00eancia, urg\u00eancias pedi\u00e1tricas, eletrocardiograma na urg\u00eancia e emerg\u00eancia, cuidados paliativos, entre outros, com especialistas nas \u00e1reas.<\/p>\n<p>\u201cNossa proposta \u00e9 promover o di\u00e1logo e a troca de experi\u00eancias entre profissionais e gestores municipais de sa\u00fade, visando discutir inova\u00e7\u00f5es e estrat\u00e9gias integradas, fortalecendo a qualidade e a efici\u00eancia na rede da urg\u00eancia e emerg\u00eancia da cidade\u201d, explicou a assistente social do pronto-socorro, Daniela Priscila Barbosa de Souza.<\/p>\n<p>Veja, abaixo, a programa\u00e7\u00e3o completa do simp\u00f3sio:<\/p>\n<p>Dia 24 de novembro (segunda-feira)<\/p>\n<p>Palestra: Iniciativa Angels (Cuidados do AVC)<\/p>\n<p>Hor\u00e1rio: 8h30<\/p>\n<p>Palestrante: enfermeiro Lucas Luiz\u00e3o<\/p>\n<p>Palestra: Eletrocardiograma na Urg\u00eancia e Emerg\u00eancia<\/p>\n<p>Hor\u00e1rio: 9h10<\/p>\n<p>Palestrante: cardiologista Ant\u00f4nio Donizeti Soares<\/p>\n<p>Palestra: Cuidar sob press\u00e3o \u2013 sensibilidade, sa\u00fade mental e humaniza\u00e7\u00e3o na urg\u00eancia e emerg\u00eancia<\/p>\n<p>Hor\u00e1rio: 10h30<\/p>\n<p>Palestrante: psic\u00f3loga Fernanda Fernandes Gonsales de Oliveira<\/p>\n<p>Palestra: Urg\u00eancias Pedi\u00e1tricas<\/p>\n<p>Hor\u00e1rio: 11h20<\/p>\n<p>Palestrante: pediatra e neonatologista Anderson Dutra<\/p>\n<p>Dia 25 de novembro (ter\u00e7a-feira)<\/p>\n<p>Palestra: Rede de Urg\u00eancia e Emerg\u00eancia<\/p>\n<p>Hor\u00e1rio: 8h30<\/p>\n<p>Palestrante: enfermeiro Leonardo Aparecido Teixeira Bentin<\/p>\n<p>Palestra: Unidade Sentinela<\/p>\n<p>Hor\u00e1rio: 9h10<\/p>\n<p>Palestrante: infectologista Heloysa Liberatori Gimaiel<\/p>\n<p>Palestra: Infarto Agudo do Mioc\u00e1rdio \u2013 abordagem prim\u00e1ria<\/p>\n<p>Hor\u00e1rio: 10h30<\/p>\n<p>Palestrante: cardiologista Diego Clauser Mar\u00e7on<\/p>\n<p>Palestra: Cuidados Paliativos na Urg\u00eancia e Emerg\u00eancia<\/p>\n<p>Hor\u00e1rio: 11h20<\/p>\n<p>Palestrante: m\u00e9dico paliativista e diretor t\u00e9cnico do Pronto-Socorro Municipal, Carlos Mori<\/p>\n","protected":false},"excerpt":{"rendered":"Da Reda\u00e7\u00e3o \u2013 Ara\u00e7atuba A Prefeitura de Ara\u00e7atuba, por meio da Secretaria Municipal de Sa\u00fade, realiza nos dias&hellip;\n","protected":false},"author":2,"featured_media":162408,"comment_status":"","ping_status":"","sticky":false,"template":"","format":"standard","meta":{"footnotes":""},"categories":[86],"tags":[116,32,33,117],"class_list":{"0":"post-162407","1":"post","2":"type-post","3":"status-publish","4":"format-standard","5":"has-post-thumbnail","7":"category-saude","8":"tag-health","9":"tag-portugal","10":"tag-pt","11":"tag-saude"},"share_on_mastodon":{"url":"https:\/\/pubeurope.com\/@pt\/115600400430778358","error":""},"_links":{"self":[{"href":"https:\/\/www.europesays.com\/pt\/wp-json\/wp\/v2\/posts\/162407","targetHints":{"allow":["GET"]}}],"collection":[{"href":"https:\/\/www.europesays.com\/pt\/wp-json\/wp\/v2\/posts"}],"about":[{"href":"https:\/\/www.europesays.com\/pt\/wp-json\/wp\/v2\/types\/post"}],"author":[{"embeddable":true,"href":"https:\/\/www.europesays.com\/pt\/wp-json\/wp\/v2\/users\/2"}],"replies":[{"embeddable":true,"href":"https:\/\/www.europesays.com\/pt\/wp-json\/wp\/v2\/comments?post=162407"}],"version-history":[{"count":0,"href":"https:\/\/www.europesays.com\/pt\/wp-json\/wp\/v2\/posts\/162407\/revisions"}],"wp:featuredmedia":[{"embeddable":true,"href":"https:\/\/www.europesays.com\/pt\/wp-json\/wp\/v2\/media\/162408"}],"wp:attachment":[{"href":"https:\/\/www.europesays.com\/pt\/wp-json\/wp\/v2\/media?parent=162407"}],"wp:term":[{"taxonomy":"category","embeddable":true,"href":"https:\/\/www.europesays.com\/pt\/wp-json\/wp\/v2\/categories?post=162407"},{"taxonomy":"post_tag","embeddable":true,"href":"https:\/\/www.europesays.com\/pt\/wp-json\/wp\/v2\/tags?post=162407"}],"curies":[{"name":"wp","href":"https:\/\/api.w.org\/{rel}","templated":true}]}}