{"id":162413,"date":"2025-11-23T18:27:33","date_gmt":"2025-11-23T18:27:33","guid":{"rendered":"https:\/\/www.europesays.com\/pt\/162413\/"},"modified":"2025-11-23T18:27:33","modified_gmt":"2025-11-23T18:27:33","slug":"fred-abre-o-coracao-para-paula-armani-e-diverte-seguidores-com-foto-em-preto-e-branco-celebridades","status":"publish","type":"post","link":"https:\/\/www.europesays.com\/pt\/162413\/","title":{"rendered":"Fred abre o cora\u00e7\u00e3o para Paula Armani e diverte seguidores com foto em preto e branco | Celebridades"},"content":{"rendered":"<p>                                        Fred emociona f\u00e3s ao admitir falhas e declarar amor \u00e0 mulher em anivers\u00e1rio &#8211; reprodu\u00e7\u00e3o Instagram<\/p>\n<p class=\"content-media__description\">Fred emociona f\u00e3s ao admitir falhas e declarar amor \u00e0 mulher em anivers\u00e1rioreprodu\u00e7\u00e3o Instagram<\/p>\n<p>                            Publicado 22\/11\/2025 22:47\n                    <\/p>\n<p>Rio &#8211;\u00a0\u00cddolo do Fluminense e ex-atacante da Sele\u00e7\u00e3o Brasileira, Fred Guedes publicou uma declara\u00e7\u00e3o para a mulher, Paula Armani, no anivers\u00e1rio da publicit\u00e1ria. O ex-jogador, que completou dez anos de casamento, reconheceu que n\u00e3o mant\u00e9m a presen\u00e7a que gostaria no dia a dia.<\/p>\n<p>Ele iniciou a mensagem dizendo: &#8220;Meu amor, voc\u00ea sabe que n\u00e3o sou de ficar postando ou falando publicamente sobre o que sinto. N\u00e3o \u00e9 muito do meu jeito. Mas hoje, no seu dia, eu preciso dizer algo com todo o meu cora\u00e7\u00e3o&#8221;.<br \/>\nAo longo do texto, Fred exaltou a for\u00e7a e o car\u00e1ter da esposa, al\u00e9m de admitir que n\u00e3o se considera o parceiro ideal: &#8220;Eu admiro profundamente a mulher que voc\u00ea \u00e9. Sou f\u00e3 da fam\u00edlia que voc\u00ea me deu, da forma como voc\u00ea cuida de tudo, do seu car\u00e1ter, da sua for\u00e7a, da sua f\u00e9. Eu n\u00e3o sou o marido mais rom\u00e2ntico, carinhoso ou presente como voc\u00ea merece e voc\u00ea sabe disso melhor do que ningu\u00e9m. Mas quero que saiba, com toda a verdade do mundo, que eu te amo demais.&#8221;<\/p>\n<p>Em seguida, ele refor\u00e7ou o carinho pela companheira: &#8220;Hoje eu queria estar ao seu lado, te enchendo de beijos e abra\u00e7os, tentando fazer voc\u00ea enxergar o quanto voc\u00ea \u00e9 a mulher mais fenomenal deste mundo. Obrigado por ser meu apoio e minha base&#8221;.<\/p>\n<p><strong>Foto em preto e branco vira assunto entre seguidores<\/strong><\/p>\n<p>A imagem escolhida por Fred \u2014 uma foto em preto e branco \u2014 gerou coment\u00e1rios descontra\u00eddos entre os f\u00e3s, al\u00e9m das mensagens de felicita\u00e7\u00f5es. &#8220;Em preto e branco n\u00e3o podeeeee, assusta a gente\u201d, comentou uma seguidora. &#8220;Coe Fred\u00e3o, gente velha n pode postar foto em preto e branco n\u00e3o, mata a gente do cora\u00e7\u00e3o\u201d, brincou outro internauta. &#8220;Confesso que levei um susto com esse preto e branco kkkk. Mas o homem acordou no modo rom\u00e2ntico\u201d, escreveu mais um. &#8220;Linda declara\u00e7\u00e3o, Fred\u00e3o! Mas confesso que essa foto em preto e branco me assustou hahahaha\u201d, disse outro f\u00e3.<\/p>\n","protected":false},"excerpt":{"rendered":"Fred emociona f\u00e3s ao admitir falhas e declarar amor \u00e0 mulher em anivers\u00e1rio &#8211; reprodu\u00e7\u00e3o Instagram Fred emociona&hellip;\n","protected":false},"author":2,"featured_media":162414,"comment_status":"","ping_status":"","sticky":false,"template":"","format":"standard","meta":{"footnotes":""},"categories":[145],"tags":[34471,1435,211,210,11368,114,115,34470,2114,32,33],"class_list":{"0":"post-162413","1":"post","2":"type-post","3":"status-publish","4":"format-standard","5":"has-post-thumbnail","7":"category-celebridades","8":"tag-bom-humor","9":"tag-casamento","10":"tag-celebridades","11":"tag-celebrities","12":"tag-comentarios","13":"tag-entertainment","14":"tag-entretenimento","15":"tag-fluminense","16":"tag-fred","17":"tag-portugal","18":"tag-pt"},"share_on_mastodon":{"url":"https:\/\/pubeurope.com\/@pt\/115600427843910578","error":""},"_links":{"self":[{"href":"https:\/\/www.europesays.com\/pt\/wp-json\/wp\/v2\/posts\/162413","targetHints":{"allow":["GET"]}}],"collection":[{"href":"https:\/\/www.europesays.com\/pt\/wp-json\/wp\/v2\/posts"}],"about":[{"href":"https:\/\/www.europesays.com\/pt\/wp-json\/wp\/v2\/types\/post"}],"author":[{"embeddable":true,"href":"https:\/\/www.europesays.com\/pt\/wp-json\/wp\/v2\/users\/2"}],"replies":[{"embeddable":true,"href":"https:\/\/www.europesays.com\/pt\/wp-json\/wp\/v2\/comments?post=162413"}],"version-history":[{"count":0,"href":"https:\/\/www.europesays.com\/pt\/wp-json\/wp\/v2\/posts\/162413\/revisions"}],"wp:featuredmedia":[{"embeddable":true,"href":"https:\/\/www.europesays.com\/pt\/wp-json\/wp\/v2\/media\/162414"}],"wp:attachment":[{"href":"https:\/\/www.europesays.com\/pt\/wp-json\/wp\/v2\/media?parent=162413"}],"wp:term":[{"taxonomy":"category","embeddable":true,"href":"https:\/\/www.europesays.com\/pt\/wp-json\/wp\/v2\/categories?post=162413"},{"taxonomy":"post_tag","embeddable":true,"href":"https:\/\/www.europesays.com\/pt\/wp-json\/wp\/v2\/tags?post=162413"}],"curies":[{"name":"wp","href":"https:\/\/api.w.org\/{rel}","templated":true}]}}