{"id":162415,"date":"2025-11-23T18:30:14","date_gmt":"2025-11-23T18:30:14","guid":{"rendered":"https:\/\/www.europesays.com\/pt\/162415\/"},"modified":"2025-11-23T18:30:14","modified_gmt":"2025-11-23T18:30:14","slug":"direcao-investiga-se-fabiano-dopou-dudu-em-festa","status":"publish","type":"post","link":"https:\/\/www.europesays.com\/pt\/162415\/","title":{"rendered":"Dire\u00e7\u00e3o investiga se Fabiano &#8216;dopou&#8217; Dudu em festa"},"content":{"rendered":"<p class=\"texto\">S\u00c3O PAULO, SP (FOLHAPRESS) &#8211; Uma confus\u00e3o ocorrida na festa da \u00faltima sexta-feira (21) em A Fazenda 17 quase acarretou na expuls\u00e3o de Fabiano Moraes. O pai de Viih Tube afirmou ter misturado pr\u00e9-treino a um drink e o ofereceu a Dudu Camargo, provocando o colega: &#8220;Quero ver se voc\u00ea aguenta.&#8221;<\/p>\n<p class=\"texto\">A produ\u00e7\u00e3o do reality precisou intervir e conversar com os dois pe\u00f5es. Na conversa, Fabiano disse que estava brincando. O tipo de suplemento conhecido popularmente como pr\u00e9-treino n\u00e3o pode ser misturado a \u00e1lcool.<\/p>\n<p class=\"texto\">&#8220;Eu n\u00e3o dei para ele, n\u00e3o. Voc\u00ea tem que agitar para fazer o efeito da cafe\u00edna. Em nenhum momento dei para ele. Me comprometo com a minha palavra que n\u00e3o foi dado&#8221;, afirmou Fabiano. &#8220;Foi um fake, foi uma pegadinha. Pode confiar na minha palavra, pode puxar todas as imagens, me comprometo com toda a veracidade do que eu t\u00f4 falando.&#8221;<\/p>\n<p class=\"texto\">Ainda na conversa com a produ\u00e7\u00e3o, Dudu admitiu que nunca tinha tomado pr\u00e9-treino antes do reality, mas que passou a fazer uso antes das provas.<\/p>\n<p class=\"texto\">&#8220;Tomei uma vez o do [Luiz] Mesquita, que \u00e9 um azul. Ali\u00e1s, experimentei um de melancia. A Saory [Cardoso] me deu uma vez no copo, porque eu nunca tinha provado. Depois, tomei um azul, porque eu gostei do sabor. Teve um dia que, antes da prova do lampi\u00e3o, eu tomei tanto o azul como eu pedi para o Fabiano o rosa que ele tem e tomei tamb\u00e9m. A\u00ed eu fiz o uso esporadicamente assim antes de provas&#8221;, falou o jornalista, que venceu tr\u00eas provas do fazendeiro.<\/p>\n<p class=\"texto\">&#8220;Eu fiquei bem agitado mesmo com o pr\u00e9-treino&#8221;, admitiu Dudu. Ap\u00f3s o esclarecimento, a Record optou por manter Fabiano no programa.<\/p>\n","protected":false},"excerpt":{"rendered":"S\u00c3O PAULO, SP (FOLHAPRESS) &#8211; Uma confus\u00e3o ocorrida na festa da \u00faltima sexta-feira (21) em A Fazenda 17&hellip;\n","protected":false},"author":2,"featured_media":162416,"comment_status":"","ping_status":"","sticky":false,"template":"","format":"standard","meta":{"footnotes":""},"categories":[142],"tags":[657,4706,7094,20035,114,115,34472,32,33,8244,151],"class_list":{"0":"post-162415","1":"post","2":"type-post","3":"status-publish","4":"format-standard","5":"has-post-thumbnail","7":"category-tv","8":"tag-a-fazenda","9":"tag-a-fazenda-17","10":"tag-dudu","11":"tag-dudu-camargo","12":"tag-entertainment","13":"tag-entretenimento","14":"tag-fabiano","15":"tag-portugal","16":"tag-pt","17":"tag-reality","18":"tag-tv"},"share_on_mastodon":{"url":"https:\/\/pubeurope.com\/@pt\/115600439572286275","error":""},"_links":{"self":[{"href":"https:\/\/www.europesays.com\/pt\/wp-json\/wp\/v2\/posts\/162415","targetHints":{"allow":["GET"]}}],"collection":[{"href":"https:\/\/www.europesays.com\/pt\/wp-json\/wp\/v2\/posts"}],"about":[{"href":"https:\/\/www.europesays.com\/pt\/wp-json\/wp\/v2\/types\/post"}],"author":[{"embeddable":true,"href":"https:\/\/www.europesays.com\/pt\/wp-json\/wp\/v2\/users\/2"}],"replies":[{"embeddable":true,"href":"https:\/\/www.europesays.com\/pt\/wp-json\/wp\/v2\/comments?post=162415"}],"version-history":[{"count":0,"href":"https:\/\/www.europesays.com\/pt\/wp-json\/wp\/v2\/posts\/162415\/revisions"}],"wp:featuredmedia":[{"embeddable":true,"href":"https:\/\/www.europesays.com\/pt\/wp-json\/wp\/v2\/media\/162416"}],"wp:attachment":[{"href":"https:\/\/www.europesays.com\/pt\/wp-json\/wp\/v2\/media?parent=162415"}],"wp:term":[{"taxonomy":"category","embeddable":true,"href":"https:\/\/www.europesays.com\/pt\/wp-json\/wp\/v2\/categories?post=162415"},{"taxonomy":"post_tag","embeddable":true,"href":"https:\/\/www.europesays.com\/pt\/wp-json\/wp\/v2\/tags?post=162415"}],"curies":[{"name":"wp","href":"https:\/\/api.w.org\/{rel}","templated":true}]}}