{"id":162417,"date":"2025-11-23T18:33:22","date_gmt":"2025-11-23T18:33:22","guid":{"rendered":"https:\/\/www.europesays.com\/pt\/162417\/"},"modified":"2025-11-23T18:33:22","modified_gmt":"2025-11-23T18:33:22","slug":"banha-da-cobra-no-mercado-de-mourinho","status":"publish","type":"post","link":"https:\/\/www.europesays.com\/pt\/162417\/","title":{"rendered":"Banha da cobra no mercado de Mourinho"},"content":{"rendered":"<p>            <img decoding=\"async\" src=\"https:\/\/www.europesays.com\/pt\/wp-content\/uploads\/2025\/11\/dca5d2d2-c724-4d34-adee-7a2a82395ea1.jpg\" alt=\"Jos\u00e9 Mourinho, treinador do Benfica desde setembro, quando substituiu Bruno Lage - Foto: Imago\" height=\"574\" class=\"w-full object-contain object-top sm:h-[574px]   object-cover\"\/><\/p>\n<p>                Jos\u00e9 Mourinho, treinador do Benfica desde setembro, quando substituiu Bruno Lage &#8211; Foto: Imago<\/p>\n<p>                Jos\u00e9 Mourinho, treinador do Benfica desde setembro, quando substituiu Bruno Lage &#8211; Foto: Imago<\/p>\n<p>\n                O VAR continua na mira do t\u00e9cnico do Benfica e agora at\u00e9 os jogadores s\u00e3o visados. Enquanto isso, os encarnados jogam poucochinho e n\u00e3o tarda vai pedir-se o livro de reclama\u00e7\u00f5es. &#8216;Hat trick&#8217; \u00e9 o espa\u00e7o de opini\u00e3o semanal do jornalista Paulo Cunha\n            <\/p>\n<p>Duas semanas depois do empate frustrante a dois na rece\u00e7\u00e3o ao <a target=\"_blank\" class=\"editor-link autolink-enabled\" href=\"https:\/\/www.abola.pt\/futebol\/casa-pia-4772\" data-resource-id=\"4772\" data-resource-type=\"team\" data-sport=\"football\" rel=\"nofollow noopener\">Casa Pia<\/a>, o tema continua a regressar como um boomerang \u00e0s confer\u00eancias de imprensa do <a target=\"_blank\" class=\"editor-link autolink-enabled\" href=\"https:\/\/www.abola.pt\/futebol\/benfica-450\" data-resource-id=\"450\" data-resource-type=\"team\" data-sport=\"football\" rel=\"nofollow noopener\">Benfica<\/a>, tal como aconteceu na de antevis\u00e3o ao duelo da <a target=\"_blank\" class=\"editor-link autolink-enabled\" href=\"https:\/\/www.abola.pt\/futebol\/competicao\/taca-de-portugal-112\" data-resource-id=\"112\" data-resource-type=\"competition\" data-sport=\"football\" rel=\"nofollow noopener\">Ta\u00e7a de Portugal<\/a> diante do <a target=\"_blank\" class=\"editor-link autolink-enabled\" href=\"https:\/\/www.abola.pt\/futebol\/atletico-3033\" data-resource-id=\"3033\" data-resource-type=\"team\" data-sport=\"football\" rel=\"nofollow noopener\">Atl\u00e9tico<\/a>. O pen\u00e1lti mal assinalado por Gustavo Correia a punir m\u00e3o na bola de <a target=\"_blank\" class=\"editor-link autolink-enabled\" href=\"https:\/\/www.abola.pt\/futebol\/jogador\/antonio-silva-246968\" data-resource-id=\"246968\" data-resource-type=\"player\" data-sport=\"football\" rel=\"nofollow noopener\">Ant\u00f3nio Silva<\/a>, que entretanto resultou em autogolo de <a target=\"_blank\" class=\"editor-link autolink-enabled\" href=\"https:\/\/www.abola.pt\/futebol\/jogador\/tomas-araujo-226935\" data-resource-id=\"226935\" data-resource-type=\"player\" data-sport=\"football\" rel=\"nofollow noopener\">Tom\u00e1s Ara\u00fajo<\/a> ap\u00f3s <a target=\"_blank\" class=\"editor-link autolink-enabled\" href=\"https:\/\/www.abola.pt\/futebol\/jogador\/trubin-204164\" data-resource-id=\"204164\" data-resource-type=\"player\" data-sport=\"football\" rel=\"nofollow noopener\">Trubin<\/a> ter defendido remate de <a target=\"_blank\" class=\"editor-link autolink-enabled\" href=\"https:\/\/www.abola.pt\/futebol\/jogador\/cassiano-27017\" data-resource-id=\"27017\" data-resource-type=\"player\" data-sport=\"football\" rel=\"nofollow noopener\">Cassiano<\/a> dos 11 metros, marcou o jogo e acentuou discuss\u00e3o p\u00fablica que se prolonga. <\/p>\n<p>Jos\u00e9 Mourinho tem raz\u00e3o ao afirmar que custa compreender como um erro t\u00e3o evidente n\u00e3o mereceu interven\u00e7\u00e3o do VAR. A tecnologia existe precisamente para corrigir imprecis\u00f5es humanas daquela dimens\u00e3o. Quando falha assim, descredibiliza-se aquela que \u00e9, salvo melhor opini\u00e3o, uma ferramenta indispens\u00e1vel \u00e0 verdade desportiva que n\u00e3o deve ser colocada em causa.<\/p>\n<p>Nesta saga, por\u00e9m, h\u00e1 outro enredo. Mourinho insiste no epis\u00f3dio como quem utiliza uma cortina de fumo para esconder o essencial. \u00c9 uma manobra cl\u00e1ssica no mestre dos mind games \u2014 levantar poeira para que ningu\u00e9m repare no ch\u00e3o irregular. E hoje o ch\u00e3o que o <a class=\"autolink-enabled\" data-resource-id=\"450\" data-resource-type=\"team\" data-sport=\"football\" href=\"https:\/\/www.abola.pt\/futebol\/benfica-450\" rel=\"nofollow noopener\" target=\"_blank\">Benfica<\/a> pisa n\u00e3o \u00e9 o mais firme. Desde que substituiu Bruno Lage, a equipa tem ficado repetidas vezes aqu\u00e9m do que o plantel \u2014 e o or\u00e7amento \u2014 que tanto elogiou justificaria.<\/p>\n<p>N\u00e3o \u00e9 que o special one esteja a mentir, apenas est\u00e1 a escolher o tema que mais lhe interessa que fa\u00e7a a atualidade. Enquanto o VAR \u2014 e desde sexta-feira ao fim da noite a incompet\u00eancia dos jogadores que lhe fizeram ter vontade de trocar nove ao intervalo contra o hist\u00f3rico de Alc\u00e2ntara \u2014 anda nas bocas do mundo, pode ser que passem despercebidas a falta de qualidade ofensiva, a quantidade de pontos perdidos em jogos teoricamente acess\u00edveis ou o facto de os encarnados ainda n\u00e3o mostrarem a identidade forte que se esperava com a chicotada psicol\u00f3gica. O encontro disputado no Est\u00e1dio do Restelo \u00e9 a prova mais recente de que o <a class=\"autolink-enabled\" data-resource-id=\"450\" data-resource-type=\"team\" data-sport=\"football\" href=\"https:\/\/www.abola.pt\/futebol\/benfica-450\" rel=\"nofollow noopener\" target=\"_blank\">Benfica<\/a> n\u00e3o evoluiu desde a sa\u00edda de Bruno Lage, em setembro.<\/p>\n<p>O barulho em torno do erro de arbitragem \u00e9 conveniente, nada como empurrar a responsabilidade para os sacos de pancada que sempre foram os \u00e1rbitros.<\/p>\n<p>A met\u00e1fora que Jos\u00e9 Mourinho desencantou a prop\u00f3sito do mercado de transfer\u00eancias de janeiro at\u00e9 encaixa com alguma ironia nesta hist\u00f3ria de poucas luzes e bastantes sombras. <\/p>\n<p>\u00abO \u00fanico mercado que eu conhe\u00e7o e que est\u00e1 aberto amanh\u00e3 \u00e9 o Mercado do Livramento, em Set\u00fabal\u00bb, disse, na quinta-feira, destacando os \u00abbons legumes, boa fruta e gente simp\u00e1tica\u00bb. Tudo verdade mas, em qualquer mercado, \u00e0 semelhan\u00e7a do que se pode constatar igualmente em confer\u00eancias de imprensa do treinador das \u00e1guias, tamb\u00e9m h\u00e1 quem venda banha da cobra. E j\u00e1 se come\u00e7a a pedir o livro de reclama\u00e7\u00f5es na Luz&#8230;<\/p>\n<p><a target=\"_blank\" class=\"editor-link\" href=\"https:\/\/profile.google.com\/cp\/CgkvbS8wNWNjOHQ?pf=0\" rel=\"nofollow noopener\">Siga o perfil de A BOLA no Google<\/a><\/p>\n","protected":false},"excerpt":{"rendered":"Jos\u00e9 Mourinho, treinador do Benfica desde setembro, quando substituiu Bruno Lage &#8211; Foto: Imago Jos\u00e9 Mourinho, treinador do&hellip;\n","protected":false},"author":2,"featured_media":162418,"comment_status":"","ping_status":"","sticky":false,"template":"","format":"standard","meta":{"footnotes":""},"categories":[87],"tags":[135,32,33,134],"class_list":{"0":"post-162417","1":"post","2":"type-post","3":"status-publish","4":"format-standard","5":"has-post-thumbnail","7":"category-desporto","8":"tag-desporto","9":"tag-portugal","10":"tag-pt","11":"tag-sports"},"share_on_mastodon":{"url":"https:\/\/pubeurope.com\/@pt\/115600451709474325","error":""},"_links":{"self":[{"href":"https:\/\/www.europesays.com\/pt\/wp-json\/wp\/v2\/posts\/162417","targetHints":{"allow":["GET"]}}],"collection":[{"href":"https:\/\/www.europesays.com\/pt\/wp-json\/wp\/v2\/posts"}],"about":[{"href":"https:\/\/www.europesays.com\/pt\/wp-json\/wp\/v2\/types\/post"}],"author":[{"embeddable":true,"href":"https:\/\/www.europesays.com\/pt\/wp-json\/wp\/v2\/users\/2"}],"replies":[{"embeddable":true,"href":"https:\/\/www.europesays.com\/pt\/wp-json\/wp\/v2\/comments?post=162417"}],"version-history":[{"count":0,"href":"https:\/\/www.europesays.com\/pt\/wp-json\/wp\/v2\/posts\/162417\/revisions"}],"wp:featuredmedia":[{"embeddable":true,"href":"https:\/\/www.europesays.com\/pt\/wp-json\/wp\/v2\/media\/162418"}],"wp:attachment":[{"href":"https:\/\/www.europesays.com\/pt\/wp-json\/wp\/v2\/media?parent=162417"}],"wp:term":[{"taxonomy":"category","embeddable":true,"href":"https:\/\/www.europesays.com\/pt\/wp-json\/wp\/v2\/categories?post=162417"},{"taxonomy":"post_tag","embeddable":true,"href":"https:\/\/www.europesays.com\/pt\/wp-json\/wp\/v2\/tags?post=162417"}],"curies":[{"name":"wp","href":"https:\/\/api.w.org\/{rel}","templated":true}]}}