{"id":162427,"date":"2025-11-23T18:44:15","date_gmt":"2025-11-23T18:44:15","guid":{"rendered":"https:\/\/www.europesays.com\/pt\/162427\/"},"modified":"2025-11-23T18:44:15","modified_gmt":"2025-11-23T18:44:15","slug":"claudia-morre-ou-sobrevive-apos-ser-atropelada-pelo-capanga-de-ferreti","status":"publish","type":"post","link":"https:\/\/www.europesays.com\/pt\/162427\/","title":{"rendered":"Claudia morre ou sobrevive ap\u00f3s ser atropelada pelo capanga de Ferreti?"},"content":{"rendered":"<p>\n                        Cad\u00e1ver desaparece e novo mist\u00e9rio come\u00e7a em &#8216;Tr\u00eas Gra\u00e7as&#8217;; Claudia ser\u00e1 atropelada a mando de Ferreti na novela das nove\n                    <\/p>\n<ul class=\"article__header__author\">\n<li class=\"article__header__author__item\">\n                                                Por:<br \/>\n                                                                                    Felipe Nunes \/ Contigo\n                                                                        <\/li>\n<\/ul>\n<p class=\"text\">Os espectadores de Tr\u00eas Gra\u00e7as ganhar\u00e3o um cap\u00edtulo eletrizante nesta segunda-feira (24). O principal acontecimento ser\u00e1 o atropelamento de <strong>Claudia (Lorrana Mousinho),<\/strong> a pedido do empres\u00e1rio <strong>Santiago Ferreti (Murilo Ben\u00edcio).<\/strong> Ser\u00e1 o capanga dele, <strong>Edilberto (Julio Rocha),<\/strong> quem atropelar\u00e1 a cuidadora.<\/p>\n<p><img loading=\"lazy\" decoding=\"async\" alt=\"Claudia (Lorrana Moussinho) em 'Tr\u00eas Gra\u00e7as'\" class=\"img-60d06452a912461aa26a0df7ef082dee2t8zg061\" height=\"436\" src=\"https:\/\/www.europesays.com\/pt\/wp-content\/uploads\/2025\/11\/1092299207-fotos-materias-94-1.png\"  title=\"Claudia (Lorrana Moussinho) em 'Tr\u00eas Gra\u00e7as'\" width=\"774\"\/><\/p>\n<p>Claudia (Lorrana Moussinho) em &#8216;Tr\u00eas Gra\u00e7as&#8217;<\/p>\n<p>Foto: Reprodu\u00e7\u00e3o\/ TV Globo \/ Contigo<\/p>\n<p class=\"text\">A vestibulanda de medicina estar\u00e1 em uma rua deserta e ser\u00e1 surpreendida quando for atingida pelo carro. Segundo consta no roteiro da novela das nove, ela ser\u00e1 jogada ao alto e a morte ou poss\u00edvel sobreviv\u00eancia dela ser\u00e1 um mist\u00e9rio guardado a sete chaves.<\/p>\n<p class=\"text\">Isso porque <strong>Edilberto<\/strong> fugir\u00e1 do local do crime para se livrar do ve\u00edculo que usou no atropelamento. Contudo, quando retornar, n\u00e3o encontrar\u00e1 o corpo da mulher. O mist\u00e9rio crescer\u00e1 quando ningu\u00e9m manifestar conhecimento sobre o acidente e ele n\u00e3o encontrar nenhuma gota de sangue na \u00e1rea.<\/p>\n<p class=\"text\"><strong>Ferreti<\/strong> vai tentar encontrar <strong>Claudia<\/strong> no endere\u00e7o fornecido por ela quando foi contratada por <strong>Arminda (Grazi Massafera).<\/strong> No entanto, ningu\u00e9m conhecer\u00e1 a cuidadora. &#8220;J\u00e1 falei que aqui n\u00e3o tem nenhuma Claudia&#8221;, dir\u00e1 uma moradora do pr\u00e9dio onde ela dizia morar. &#8220;Se Claudia estiver viva, a gente tenta mand\u00e1-la pro inferno de novo&#8221;, cravar\u00e1 o vil\u00e3o.<\/p>\n<p class=\"text\">O clima dentro da mans\u00e3o de <strong>Arminda<\/strong> come\u00e7ar\u00e1 a ficar cada vez mais pesado, marcado por desconfian\u00e7a, boatos e uma tens\u00e3o que s\u00f3 aumenta. A falta de qualquer vest\u00edgio, nenhum corpo, nenhuma pista e nenhuma testemunha, far\u00e1 o crime assumir contornos de mist\u00e9rio absoluto na trama, semelhante ao que ocorre com<strong> Rog\u00e9rio (Eduardo Moscovis).<\/strong> Nesse cen\u00e1rio de incerteza, Ferette e Arminda se veem expostos, sem saber de onde pode vir a amea\u00e7a que os ronda.<\/p>\n<p class=\"text\">Tr\u00eas Gra\u00e7as\u00a0terminar\u00e1 em maio de 2026, sendo substitu\u00edda por\u00a0Quem Ama, Cuida,\u00a0de\u00a0<strong>Walcyr Carrasco.<\/strong><\/p>\n<p><strong>Veja mais:<\/strong><\/p>\n<blockquote class=\"instagram-media\" data-instgrm-captioned=\"\" data-instgrm-permalink=\"https:\/\/www.instagram.com\/p\/DRU0SIVDSxA\/?utm_source=ig_embed&amp;utm_campaign=loading\" data-instgrm-version=\"14\" style=\"background: #FFF; border: 0; border-radius: 3px; box-shadow: 0 0 1px 0 rgba(0,0,0,0.5),0 1px 10px 0 rgba(0,0,0,0.15); margin: 1px; max-width: 540px; min-width: 326px; padding: 0; width: calc(100% - 2px);\">\n<p>     Ver essa foto no Instagram <\/p>\n<p class=\"text\" style=\"color: #c9c8cd; font-family: Arial,sans-serif; font-size: 14px; line-height: 17px; margin-bottom: 0; margin-top: 8px; overflow: hidden; padding: 8px 0 7px; text-align: center; text-overflow: ellipsis; white-space: nowrap;\"><a href=\"https:\/\/www.instagram.com\/p\/DRU0SIVDSxA\/?utm_source=ig_embed&amp;utm_campaign=loading\" rel=\"noopener nofollow\" style=\"color: #c9c8cd; font-family: Arial,sans-serif; font-size: 14px; font-style: normal; font-weight: normal; line-height: 17px; text-decoration: none;\" target=\"_blank\">Uma publica\u00e7\u00e3o compartilhada por CONTIGO! (@tocontigo)<\/a><\/p>\n<\/blockquote>\n<p>                            <script async src=\"\/\/www.instagram.com\/embed.js\"><\/script><\/p>\n","protected":false},"excerpt":{"rendered":"Cad\u00e1ver desaparece e novo mist\u00e9rio come\u00e7a em &#8216;Tr\u00eas Gra\u00e7as&#8217;; Claudia ser\u00e1 atropelada a mando de Ferreti na novela&hellip;\n","protected":false},"author":2,"featured_media":162428,"comment_status":"","ping_status":"","sticky":false,"template":"","format":"standard","meta":{"footnotes":""},"categories":[142],"tags":[114,115,32,33,151],"class_list":{"0":"post-162427","1":"post","2":"type-post","3":"status-publish","4":"format-standard","5":"has-post-thumbnail","7":"category-tv","8":"tag-entertainment","9":"tag-entretenimento","10":"tag-portugal","11":"tag-pt","12":"tag-tv"},"share_on_mastodon":{"url":"https:\/\/pubeurope.com\/@pt\/115600494998328421","error":""},"_links":{"self":[{"href":"https:\/\/www.europesays.com\/pt\/wp-json\/wp\/v2\/posts\/162427","targetHints":{"allow":["GET"]}}],"collection":[{"href":"https:\/\/www.europesays.com\/pt\/wp-json\/wp\/v2\/posts"}],"about":[{"href":"https:\/\/www.europesays.com\/pt\/wp-json\/wp\/v2\/types\/post"}],"author":[{"embeddable":true,"href":"https:\/\/www.europesays.com\/pt\/wp-json\/wp\/v2\/users\/2"}],"replies":[{"embeddable":true,"href":"https:\/\/www.europesays.com\/pt\/wp-json\/wp\/v2\/comments?post=162427"}],"version-history":[{"count":0,"href":"https:\/\/www.europesays.com\/pt\/wp-json\/wp\/v2\/posts\/162427\/revisions"}],"wp:featuredmedia":[{"embeddable":true,"href":"https:\/\/www.europesays.com\/pt\/wp-json\/wp\/v2\/media\/162428"}],"wp:attachment":[{"href":"https:\/\/www.europesays.com\/pt\/wp-json\/wp\/v2\/media?parent=162427"}],"wp:term":[{"taxonomy":"category","embeddable":true,"href":"https:\/\/www.europesays.com\/pt\/wp-json\/wp\/v2\/categories?post=162427"},{"taxonomy":"post_tag","embeddable":true,"href":"https:\/\/www.europesays.com\/pt\/wp-json\/wp\/v2\/tags?post=162427"}],"curies":[{"name":"wp","href":"https:\/\/api.w.org\/{rel}","templated":true}]}}