{"id":162429,"date":"2025-11-23T18:47:20","date_gmt":"2025-11-23T18:47:20","guid":{"rendered":"https:\/\/www.europesays.com\/pt\/162429\/"},"modified":"2025-11-23T18:47:20","modified_gmt":"2025-11-23T18:47:20","slug":"benfica-esmoriz-campeonato-nacional-voleibol","status":"publish","type":"post","link":"https:\/\/www.europesays.com\/pt\/162429\/","title":{"rendered":"Benfica Esmoriz Campeonato Nacional Voleibol"},"content":{"rendered":"<tr style=\"background-color: white; border-bottom: 1px solid white;\">\n<td style=\"font-weight: bold; font-size: 30px;\" colspan=\"5\">Campeonato Nacional<\/td>\n<\/tr>\n<tr>\n<td colspan=\"5\">7.\u00aa jornada<br \/>1.\u00aa fase<\/td>\n<\/tr>\n<tr>\n<td style=\"padding: 10px 0; background-color: #f2f2f2!important;\" colspan=\"5\"><strong>RESULTADO FINAL<br \/><\/strong><\/td>\n<\/tr>\n<tr>\n<td style=\"font-size: 20px;\" colspan=\"5\">\n<\/td>\n<\/tr>\n<tr>\n<td style=\"border-right: 1px solid #f4f4f4; background-color: #f2f2f2!important;\">1.\u00ba set<\/td>\n<td style=\"border-right: 1px solid #f4f4f4; background-color: #f2f2f2!important;\">2.\u00ba set<\/td>\n<td style=\"border-right: 1px solid #f4f4f4; background-color: #f2f2f2!important;\">3.\u00ba set<\/td>\n<\/tr>\n<tr>\n<td style=\"border-right: 1px solid #f4f4f4;\"><strong>25-13<\/strong><\/td>\n<td><strong>25-13<\/strong><\/td>\n<td><strong>25-15<\/strong><\/td>\n<\/tr>\n<p>Com o p\u00e9 cravado no acelerador, a equipa feminina de voleibol do <strong><a href=\"https:\/\/www.slbenfica.pt\/pt-pt\/modalidades\/voleibol\" rel=\"nofollow noopener\" target=\"_blank\">Benfica<\/a><\/strong> precisou de menos de uma hora (57 minutos de jogo) para vencer neste domingo, 23 de novembro, o Esmoriz, por 3-0, na 7.\u00aa jornada da 1.\u00aa fase do Campeonato Nacional.<\/p>\n<p>Na partida disputada no <strong>Pavilh\u00e3o n.\u00ba 2 da Luz<\/strong>, o treinador <strong>Henrique Furtado<\/strong> apostou na <strong>rota\u00e7\u00e3o<\/strong> e deu oportunidade a <strong>jogadoras menos utilizadas<\/strong> ao longo da temporada. Numa demonstra\u00e7\u00e3o da <strong>qualidade do plantel<\/strong>, as \u00e1guias entraram muito bem na partida e abriram uma <strong>vantagem de 5-1<\/strong>.<\/p>\n<p>Agressivo no servi\u00e7o, eficaz no ataque e com <strong>Marta Aleixo em grande n\u00edvel na rece\u00e7\u00e3o<\/strong>, o Benfica n\u00e3o deu hip\u00f3teses ao Esmoriz e, ao cabo de <strong>17 minutos<\/strong>, fechou o parcial com um triunfo por <strong>25-13<\/strong>.<\/p>\n<p><img decoding=\"async\" src=\"https:\/\/www.europesays.com\/pt\/wp-content\/uploads\/2025\/11\/mayara-barcelos-thumbnail.jpg\" alt=\"Mayara Barcelos\" width=\"926px\" height=\"522px\"\/><\/p>\n<p>No <strong>2.\u00ba set<\/strong>, a hist\u00f3ria repetiu-se e a fuga no marcador, de <strong>7-6<\/strong> para <strong>10-6<\/strong>, ocorreu com <strong>Mayara Barcelos<\/strong> na <strong>linha de servi\u00e7o<\/strong>. O treinador da equipa visitante, Ivo Aniceto, ainda pediu <strong>dois timeouts<\/strong> para tentar contrariar a tend\u00eancia da partida, mas as <strong>\u00e1guias continuaram a voar alto<\/strong>.<\/p>\n<p>Com <strong>Alice Clemente<\/strong> e <strong>Joana Garcez<\/strong> intrat\u00e1veis no ataque, bem servidas pela distribuidora <strong>Emilia Balagu\u00e9<\/strong>, o <strong>Benfica<\/strong> voltou a vencer por <strong>25-13<\/strong> e a caminhar determinado rumo a um triunfo autorit\u00e1rio.<\/p>\n<p>Pautado por um maior equil\u00edbrio, o <strong>3.\u00ba set<\/strong> foi palco de uma vers\u00e3o ainda <strong>mais guerreira<\/strong> das encarnadas. Esta ficou bem ilustrada no <strong>9-6<\/strong>, com <strong>Marta Aleixo<\/strong> a salvar uma bola imposs\u00edvel com o p\u00e9 e <strong>Joana Garcez<\/strong> a finalizar o ponto com um toque por instinto com o bra\u00e7o.<\/p>\n<p><img decoding=\"async\" src=\"https:\/\/www.europesays.com\/pt\/wp-content\/uploads\/2025\/11\/joana-garcez-thumbnail.jpg\" alt=\"Joana Garcez\" width=\"926px\" height=\"522px\"\/><\/p>\n<p>Uma vez mais, o Esmoriz tentou reagir com uma paragem da partida, mas os <strong>n\u00edveis de concentra\u00e7\u00e3o das jogadoras do Benfica mantiveram-se elevados<\/strong> e ainda houve espa\u00e7o para <strong>Matilde Ferreira<\/strong> contribuir para o <strong>25-15<\/strong>, com <strong>ataques letais<\/strong>. Contas feitas, uma <strong>vit\u00f3ria por 3-0 constru\u00edda em 57 minutos<\/strong>.<\/p>\n<p>Somada a <strong>6.\u00aa vit\u00f3ria em 7 jornadas<\/strong>, as campe\u00e3s nacionais viram agora o foco para a <strong>hist\u00f3rica estreia na fase de grupos da CEV Champions League<\/strong>: \u00e0s <strong>16h00<\/strong> (hora de Portugal Continental) de <strong>ter\u00e7a-feira<\/strong>, <strong>25 de novembro<\/strong>, enfrentam o <strong>Fenerbah\u00e7e<\/strong>, em Istambul.<\/p>\n<p><img decoding=\"async\" src=\"https:\/\/www.europesays.com\/pt\/wp-content\/uploads\/2025\/11\/henrique-furtado-e-marta-aleixo-thumbnail.jpg\" alt=\"Henrique Furtado e Marta Aleixo \" width=\"926px\" height=\"522px\"\/><\/p>\n<p><strong>DECLARA\u00c7\u00d5ES<\/strong><\/p>\n<p><strong>Henrique Furtado (treinador do Benfica):<\/strong> &#8220;[Resolver o jogo o mais r\u00e1pido poss\u00edvel] Era essa a ideia. Uma exibi\u00e7\u00e3o forte, e demos ritmo a algumas jogadoras que n\u00e3o jogaram tanto nos \u00faltimos jogos. Acho que estivemos \u00e0 altura das expetativas e, dentro do poss\u00edvel, temos de continuar a trabalhar assim. N\u00f3s lev\u00e1mos o jogo muito a s\u00e9rio. O advers\u00e1rio \u00e9 muito jovem e est\u00e1 a trabalhar muito para fazer crescer jovens jogadoras portuguesas. Acho que \u00e9 um trabalho muito digno, ent\u00e3o \u00e9 importante dar-lhes os parab\u00e9ns. N\u00f3s estivemos muito envolvidos no jogo, com um servi\u00e7o muito agressivo e um bloco que funcionou bastante bem.&#8221;<\/p>\n<p><img decoding=\"async\" src=\"https:\/\/www.europesays.com\/pt\/wp-content\/uploads\/2025\/11\/alice-clemente-thumbnail.jpg\" alt=\"Alice Clemente\" width=\"926px\" height=\"522px\"\/><\/p>\n<p><strong>Alice Clemente (zona 4 do Benfica):<\/strong> &#8220;N\u00f3s vamos ter um jogo bastante dif\u00edcil, com uma viagem bastante longa e cumprimos o nosso objetivo, que era chegar aqui e, com todo o respeito pela equipa advers\u00e1ria, conseguir o melhor resultado poss\u00edvel. O segredo foi muito treino, e temos de continuar a trabalhar como nas \u00faltimas semanas. [Estreia na CEV Champions League] Acho que jogar num palco como a Champions \u00e9 um sonho para qualquer atleta que tenha uma grande ambi\u00e7\u00e3o. E n\u00f3s vamos dar o nosso melhor em todos os jogos, seja em casa, seja fora.&#8221;<\/p>\n<p><img decoding=\"async\" src=\"https:\/\/www.europesays.com\/pt\/wp-content\/uploads\/2025\/11\/equipa-perfilada-thumbnail.jpg\" alt=\"Equipa do Benfica\" width=\"926px\" height=\"522px\"\/><\/p>\n<tr>\n<td style=\"background-color: #f2f2f2!important;\" colspan=\"3\"><strong>Campeonato Nacional (1.\u00aa fase) | 7.\u00aa jornada | 23\/11\/2025<\/strong><\/td>\n<\/tr>\n<tr style=\"background-color: #ffffff;\">\n<td style=\"font-size: 25px !important; font-weight: 500; padding: 0 0 20px;\" colspan=\"3\">Benfica-Esmoriz<br \/>3-0<br \/>Pavilh\u00e3o n.\u00ba 2 da Luz<\/td>\n<\/tr>\n<tr>\n<td style=\"background-color: #f2f2f2!important;\" colspan=\"3\"><strong>Forma\u00e7\u00e3o inicial do Benfica<\/strong><\/td>\n<\/tr>\n<tr>\n<td style=\"padding: 15px 20px;\" colspan=\"3\">Alice Clemente, Veronika Djokic, Mayara Barcelos, Isidora Ubavic, Joana Garcez, Emilia Balagu\u00e9 e Marta Aleixo (L)<\/td>\n<\/tr>\n<tr>\n<td style=\"background-color: #f2f2f2!important;\" colspan=\"3\"><strong>Suplentes<\/strong><\/td>\n<\/tr>\n<tr>\n<td style=\"padding: 15px 20px;\" colspan=\"3\">Mariana Garcez, Cansu \u00c7etin, Matilde Ferreira, Claudia Dillon, Kyra Holt e Tatiana Rizzo (L)<\/td>\n<\/tr>\n<tr>\n<td style=\"background-color: #f2f2f2!important;\" colspan=\"3\"><strong>Treinador do Benfica<\/strong><\/td>\n<\/tr>\n<tr>\n<td style=\"padding: 15px 20px;\" colspan=\"3\">Henrique Furtado<\/td>\n<\/tr>\n<tr>\n<td style=\"background-color: #f2f2f2!important;\" colspan=\"3\"><strong>Forma\u00e7\u00e3o inicial do Esmoriz<\/strong><\/td>\n<\/tr>\n<tr>\n<td style=\"padding: 15px 20px;\" colspan=\"3\">In\u00eas Romero, In\u00eas Castro, Sofia Loureiro, Francisca Couto, Micaela Teixeira, Lara Fonseca e F\u00e9dora Lucas (L)<\/td>\n<\/tr>\n<tr>\n<td style=\"background-color: #f2f2f2!important;\" colspan=\"3\"><strong>Suplentes<\/strong><\/td>\n<\/tr>\n<tr>\n<td style=\"padding: 15px 20px;\" colspan=\"3\">Joana Fagundes, \u00cdris Rodrigues, Matilde Santos, Carolina Canha, Carolina Jesus e Filipa Carvalho (L)<\/td>\n<\/tr>\n<tr style=\"border-bottom: 1px solid white; background-color: #f2f2f2!important;\">\n<td style=\"border-right: 1px solid #f4f4f4;\"><strong>1.\u00ba set<\/strong><\/td>\n<td style=\"border-right: 1px solid #f4f4f4;\"><strong>2.\u00ba set<\/strong><\/td>\n<td><strong>3.\u00ba set<\/strong><\/td>\n<\/tr>\n<tr>\n<td style=\"border-right: 1px solid #f4f4f4;\">25-13<\/td>\n<td style=\"border-right: 1px solid #f4f4f4;\">25-13<\/td>\n<td>25-15<\/td>\n<\/tr>\n","protected":false},"excerpt":{"rendered":"Campeonato Nacional 7.\u00aa jornada1.\u00aa fase RESULTADO FINAL 1.\u00ba set 2.\u00ba set 3.\u00ba set 25-13 25-13 25-15 Com o&hellip;\n","protected":false},"author":2,"featured_media":162430,"comment_status":"","ping_status":"","sticky":false,"template":"","format":"standard","meta":{"footnotes":""},"categories":[87],"tags":[135,32,33,134],"class_list":{"0":"post-162429","1":"post","2":"type-post","3":"status-publish","4":"format-standard","5":"has-post-thumbnail","7":"category-desporto","8":"tag-desporto","9":"tag-portugal","10":"tag-pt","11":"tag-sports"},"share_on_mastodon":{"url":"https:\/\/pubeurope.com\/@pt\/115600507332337490","error":""},"_links":{"self":[{"href":"https:\/\/www.europesays.com\/pt\/wp-json\/wp\/v2\/posts\/162429","targetHints":{"allow":["GET"]}}],"collection":[{"href":"https:\/\/www.europesays.com\/pt\/wp-json\/wp\/v2\/posts"}],"about":[{"href":"https:\/\/www.europesays.com\/pt\/wp-json\/wp\/v2\/types\/post"}],"author":[{"embeddable":true,"href":"https:\/\/www.europesays.com\/pt\/wp-json\/wp\/v2\/users\/2"}],"replies":[{"embeddable":true,"href":"https:\/\/www.europesays.com\/pt\/wp-json\/wp\/v2\/comments?post=162429"}],"version-history":[{"count":0,"href":"https:\/\/www.europesays.com\/pt\/wp-json\/wp\/v2\/posts\/162429\/revisions"}],"wp:featuredmedia":[{"embeddable":true,"href":"https:\/\/www.europesays.com\/pt\/wp-json\/wp\/v2\/media\/162430"}],"wp:attachment":[{"href":"https:\/\/www.europesays.com\/pt\/wp-json\/wp\/v2\/media?parent=162429"}],"wp:term":[{"taxonomy":"category","embeddable":true,"href":"https:\/\/www.europesays.com\/pt\/wp-json\/wp\/v2\/categories?post=162429"},{"taxonomy":"post_tag","embeddable":true,"href":"https:\/\/www.europesays.com\/pt\/wp-json\/wp\/v2\/tags?post=162429"}],"curies":[{"name":"wp","href":"https:\/\/api.w.org\/{rel}","templated":true}]}}