{"id":162431,"date":"2025-11-23T18:48:13","date_gmt":"2025-11-23T18:48:13","guid":{"rendered":"https:\/\/www.europesays.com\/pt\/162431\/"},"modified":"2025-11-23T18:48:13","modified_gmt":"2025-11-23T18:48:13","slug":"os-homens-portugueses-pouco-ou-nada-sabem-sobre-as-doencas-do-seu-aparelho-reprodutor","status":"publish","type":"post","link":"https:\/\/www.europesays.com\/pt\/162431\/","title":{"rendered":"Os homens portugueses pouco ou nada sabem sobre as doen\u00e7as do seu aparelho reprodutor"},"content":{"rendered":"<p class=\"wp-caption-text top\"><a href=\"https:\/\/depositphotos.com\/photo\/senior-man-reading-book-wearing-glasses-home-242918216.html\" rel=\"nofollow noopener noreferrer\" data-wpel-link=\"exclude\" target=\"_blank\">IgorVetushko\/DepositPhotos<\/a><\/p>\n<p><img decoding=\"async\" loading=\"lazy\" class=\"size-kopa-image-size-3 wp-image-693714\" src=\"https:\/\/www.europesays.com\/pt\/wp-content\/uploads\/2025\/11\/118cc9714ed12860c9e19ded71f27267-783x450.jpg\" alt=\"\" width=\"700\" height=\"402\"  \/><\/p>\n<p><strong>Muitos nunca ouviram falar da gonorreia ou de doen\u00e7as do trato genital masculino que podem comprometer a fertilidade.<\/strong><\/p>\n<p>Doen\u00e7as do aparelho <strong>reprodutor?<\/strong> Fertilidade afetada? Bem-estar, sa\u00fade sexual? A maioria dos homens portugueses pouco ou nada sabe disto.<\/p>\n<p>N\u00e3o fazem ideia do que \u00e9 <strong>orquite<\/strong> (inflama\u00e7\u00e3o do test\u00edculo) ou <strong>epididimite<\/strong> (inflama\u00e7\u00e3o do canal que transporta e armazena os espermatozoides).<\/p>\n<p>A maioria pouco ou nada sobre <strong>gonorreia<\/strong> (infe\u00e7\u00e3o sexualmente transmiss\u00edvel), <strong>infertilidade secund\u00e1ria<\/strong> (dificuldade em engravidar depois de j\u00e1 ser ter um filho), sobre<strong> ejacula\u00e7\u00e3o retr\u00f3grada<\/strong> (o s\u00e9men entra na bexiga em vez de sair durante o orgasmo).<\/p>\n<p>Estas s\u00e3o as conclus\u00f5es principais do inqu\u00e9rito \u201cAtitudes em rela\u00e7\u00e3o \u00e0 fertilidade masculina\u201d, realizado pela GFK: mais de 40% dos homens admitem que<strong> nunca ouviram falar destas doen\u00e7as.<\/strong><\/p>\n<p>Samuel Ribeiro, especialista em medicina da reprodu\u00e7\u00e3o, lembra que as mulheres s\u00e3o vigiadas desde cedo (com consultas de ginecologia, rastreios e campanhas de sensibiliza\u00e7\u00e3o). \u201c<strong>\u00c9 preciso criar rotinas e campanhas espec\u00edficas para eles<\/strong>\u201d, sugere o diretor cl\u00ednico do IVI Lisboa, em comunicado enviado ao ZAP.<\/p>\n<p>Em Portugal, <strong>quase nenhum homem vai a consultas preventivas<\/strong>; as campanhas de sensibiliza\u00e7\u00e3o s\u00e3o pontuais \u2013 e focadas no cancro da pr\u00f3stata e dos test\u00edculos.<\/p>\n<p>O que h\u00e1 \u00e9 \u201cmanifestamente <strong>insuficiente.<\/strong> \u00c9 preciso refor\u00e7ar a preven\u00e7\u00e3o e a educa\u00e7\u00e3o em sa\u00fade masculina ao longo de todo o ano\u201d, acrescenta o especialista.<\/p>\n<p>Ainda segundo o inqu\u00e9rito, o desconhecimento chega a homens de <strong>todas as idades<\/strong>, sobretudo entre os 40 e os 50 anos, quando o d\u00e9fice de informa\u00e7\u00e3o se torna mais evidente.<\/p>\n<p>Al\u00e9m disso, dois ter\u00e7os (67%) dos homens pouco ou nada se preocupam com a possibilidade de poderem vir a ter problemas de <strong>fertilidade.<\/strong><\/p>\n<p>    <a href=\"https:\/\/zap.aeiou.pt\/subscrever-newsletter\" data-wpel-link=\"internal\" rel=\"nofollow noopener\" target=\"_blank\">&#13;<br \/>\n        <img loading=\"lazy\" decoding=\"async\" class=\"aligncenter size-full wp-image-575475\" src=\"https:\/\/www.europesays.com\/pt\/wp-content\/uploads\/2025\/11\/2d51fe4a0ba54894421ead1809309ed9-1-450x140.jpg\" alt=\"Subscreva a Newsletter ZAP\" width=\"450\" height=\"140\"\/>&#13;<br \/>\n    <\/a><\/p>\n<p>                <a href=\"https:\/\/whatsapp.com\/channel\/0029VaIC4EE2f3EJZPPSbR34\" data-wpel-link=\"external\" target=\"_blank\" rel=\"nofollow external noopener noreferrer\" class=\"ext-link\">&#13;<br \/>\n                    <img loading=\"lazy\" decoding=\"async\" class=\"aligncenter size-full wp-image-575475\" src=\"https:\/\/www.europesays.com\/pt\/wp-content\/uploads\/2025\/11\/c68c559d956d4ca20f435ed74a6e71e6.png\" alt=\"Siga-nos no WhatsApp\" width=\"175\" height=\"64\"\/>&#13;<br \/>\n                <\/a><\/p>\n<p>                <a href=\"https:\/\/news.google.com\/publications\/CAAiEHRwZondIV71PDjWNoqMduEqFAgKIhB0cGaJ3SFe9Tw41jaKjHbh?hl=en-US&amp;gl=US&amp;ceid=US%3Aen\" data-wpel-link=\"external\" target=\"_blank\" rel=\"nofollow external noopener noreferrer\" class=\"ext-link\">&#13;<br \/>\n                    <img loading=\"lazy\" decoding=\"async\" class=\"aligncenter size-full wp-image-575475\" src=\"https:\/\/www.europesays.com\/pt\/wp-content\/uploads\/2025\/11\/5123dd8b087b644fdb8f8603acd1bad4.png\" alt=\"Siga-nos no Google News\" width=\"176\" height=\"64\"\/>&#13;<br \/>\n                <\/a><\/p>\n","protected":false},"excerpt":{"rendered":"IgorVetushko\/DepositPhotos Muitos nunca ouviram falar da gonorreia ou de doen\u00e7as do trato genital masculino que podem comprometer a&hellip;\n","protected":false},"author":2,"featured_media":162432,"comment_status":"","ping_status":"","sticky":false,"template":"","format":"standard","meta":{"footnotes":""},"categories":[86],"tags":[116,3516,32,33,117,22835],"class_list":{"0":"post-162431","1":"post","2":"type-post","3":"status-publish","4":"format-standard","5":"has-post-thumbnail","7":"category-saude","8":"tag-health","9":"tag-inquerito","10":"tag-portugal","11":"tag-pt","12":"tag-saude","13":"tag-saude-sexual"},"share_on_mastodon":{"url":"https:\/\/pubeurope.com\/@pt\/115600510987907523","error":""},"_links":{"self":[{"href":"https:\/\/www.europesays.com\/pt\/wp-json\/wp\/v2\/posts\/162431","targetHints":{"allow":["GET"]}}],"collection":[{"href":"https:\/\/www.europesays.com\/pt\/wp-json\/wp\/v2\/posts"}],"about":[{"href":"https:\/\/www.europesays.com\/pt\/wp-json\/wp\/v2\/types\/post"}],"author":[{"embeddable":true,"href":"https:\/\/www.europesays.com\/pt\/wp-json\/wp\/v2\/users\/2"}],"replies":[{"embeddable":true,"href":"https:\/\/www.europesays.com\/pt\/wp-json\/wp\/v2\/comments?post=162431"}],"version-history":[{"count":0,"href":"https:\/\/www.europesays.com\/pt\/wp-json\/wp\/v2\/posts\/162431\/revisions"}],"wp:featuredmedia":[{"embeddable":true,"href":"https:\/\/www.europesays.com\/pt\/wp-json\/wp\/v2\/media\/162432"}],"wp:attachment":[{"href":"https:\/\/www.europesays.com\/pt\/wp-json\/wp\/v2\/media?parent=162431"}],"wp:term":[{"taxonomy":"category","embeddable":true,"href":"https:\/\/www.europesays.com\/pt\/wp-json\/wp\/v2\/categories?post=162431"},{"taxonomy":"post_tag","embeddable":true,"href":"https:\/\/www.europesays.com\/pt\/wp-json\/wp\/v2\/tags?post=162431"}],"curies":[{"name":"wp","href":"https:\/\/api.w.org\/{rel}","templated":true}]}}