{"id":162439,"date":"2025-11-23T18:55:10","date_gmt":"2025-11-23T18:55:10","guid":{"rendered":"https:\/\/www.europesays.com\/pt\/162439\/"},"modified":"2025-11-23T18:55:10","modified_gmt":"2025-11-23T18:55:10","slug":"o-que-sao-os-medicamentos-apontados-por-bolsonaro-como-causa-de-surto-que-levou-a-violacao-de-tornozeleira-g1","status":"publish","type":"post","link":"https:\/\/www.europesays.com\/pt\/162439\/","title":{"rendered":"O que s\u00e3o os medicamentos apontados por Bolsonaro como causa de surto que levou a viola\u00e7\u00e3o de tornozeleira &#8211; G1"},"content":{"rendered":"<ol>\n<li><a href=\"https:\/\/news.google.com\/rss\/articles\/CBMi8wFBVV95cUxOcnUyX1lpYTYzbV9zeDlOOEJMX1huQ0s0ZUhIZ1c3aFpRa045UjUzVE9HdGhmTDNkYVdUVTVyQ1ZFNjBsMndWekp0RFNueTczS3lEQzV5UVdjTWlLWkJqd1ZMb1RoZUVTR1lFN21TM3U0eHNNeXhrUEI4NFJqTG14YzhueldtWXVvR0JuUlRkUjI0OEE4aEdVbnlGVDcwczNIVDlvanNveWRnel9aTVAwTndsYkJUS3ZERlBfUXhGWEtpcGxEYmIzdllmSEM1YXQzdVU3OHJWdV92X3NHajhBQ3p5TjI5cG1GSHJ2cDZaSWJQQm_SAYICQVVfeXFMUDB6VThUSmVHOXJuMTlHSzRCbUtkSVpUb0JqWjJzSGJaN2NLREc2MC1JX1pUT0g5aUFnRnUzYlllckh3WFNmczhoRmxFQ2FCU2RSQ0c3dEdIcFR4S2dBRmVhdEp3RnZLMDAzWHRDamdDdV9PSWRsUzRGbjUxWHJXS3lDNDhwbGtpT0pLMFMzWWg5RUJFWjFsSzZxcTRPUFJGWlhXMF9kQUxQX0l3NUxnLXRBSDBoT0czaEFLT2VHNzVYNndiZ3c4SEhNV3dSMEZmV2ZaYVMxby1YUGZMeTRYTXkwMHdndHVVQnczZkpGY2hiaFdob0F6eTN1Wk84YlVYZ3h3?oc=5\" target=\"_blank\" rel=\"nofollow noopener\">O que s\u00e3o os medicamentos apontados por Bolsonaro como causa de surto que levou a viola\u00e7\u00e3o de tornozeleira<\/a>&nbsp;&nbsp;G1<\/li>\n<li><a href=\"https:\/\/news.google.com\/rss\/articles\/CBMinwFBVV95cUxQX3Z1dDVCYmUyNXJQNTBhQXgyaDRfN2REMGx1Qk44UlJzc3BsUXRsazRoTTdJTDdTUDZrbFZkajE4Z2lpZ3hrYXBDTkxodm5jTmV2Y3JxM0d3dWpST2F2d2RwMkxNUWRJNVJoOGR0dTZQOE83ZFEzTEFWMVAtX3NZNGM3MTVzTmw0WjRMUUFlLXB0N19LRG93cUdUOWhCckU?oc=5\" target=\"_blank\" rel=\"nofollow noopener\">Michelle chega \u00e0 superintend\u00eancia da PF para visitar Bolsonaro<\/a>&nbsp;&nbsp;VEJA<\/li>\n<li><a href=\"https:\/\/news.google.com\/rss\/articles\/CBMitAFBVV95cUxQYWtWdXNqUjUyRkJTVmlQQWxkNllHMDNBbU9adGx5ZzlvQ3Y5Uk90QWJYdlRzZW9ZRzh6T1REa3lMUnlrMHFiTHF2N0tSWGpNa0lqN1FmMkNkREZsbGNpRlZ4RjR3S1dia2pELWZ4a2EtaGxfVmtZTC1tVnBVZFFJOXNkSUoxM1htOWxrZXhOcWgtdFZ1V3J2ZkV0aENVb1lMLW4yTUZ3eUR2aExHc0JmaWZfMGk?oc=5\" target=\"_blank\" rel=\"nofollow noopener\">&#8216;Certa paranoia&#8217;: leia \u00edntegra do depoimento de Bolsonaro em audi\u00eancia<\/a>&nbsp;&nbsp;UOL Not\u00edcias<\/li>\n<li><a href=\"https:\/\/news.google.com\/rss\/articles\/CBMinwFBVV95cUxPMEExZ0w2S3U2dWNxaTZlaWpDMHRBUHpLSXNqMGYwS0tWSGFzSkhtX3lDcFhULXJkNWtvNGFUM1pZQ25zdkhJc0EyOUl6UTV0MXdEcG5JaTEzbXNJTzY3aUxGZldSZ1hxOGtOS0dxLXRUVjNjSzNkSE9vWDN6SkxSMGRWcmsybWRfSl9YX3lPdjlIajhqOEJtaXN5d2NDeGc?oc=5\" target=\"_blank\" rel=\"nofollow noopener\">Saiba quem estava na casa no momento da pris\u00e3o de Bolsonaro<\/a>&nbsp;&nbsp;CNN Brasil<\/li>\n<li><a href=\"https:\/\/news.google.com\/rss\/articles\/CBMiuAFBVV95cUxPRG1RbE14V0VTMUNuOEFHMDFmLWpTRnB6Sk01YmViemdNaU90cDF1ZUpxWW1rSlNpOXQyQkd6c3dQbmdObUR2NkdBZHVqTlRfOFhSdnZrb3JscV9tc0dIS0hVV0VaOHRpem44alR3WDF2WFR5Yk1nOV9udm9SNkVzNDh0WEowSExxcHktdnh5MnoyMUE5TjRfV3NGdE5XZmJhNmRmdUZpYUhSOGFhei1OVEozTTUyc3hs?oc=5\" target=\"_blank\" rel=\"nofollow noopener\">Conselheiro de Trump manda recado a Moraes ap\u00f3s pris\u00e3o de Bolsonaro<\/a>&nbsp;&nbsp;Metr\u00f3poles<\/li>\n<\/ol>\n","protected":false},"excerpt":{"rendered":"O que s\u00e3o os medicamentos apontados por Bolsonaro como causa de surto que levou a viola\u00e7\u00e3o de tornozeleira&nbsp;&nbsp;G1&hellip;\n","protected":false},"author":2,"featured_media":162440,"comment_status":"","ping_status":"","sticky":false,"template":"","format":"standard","meta":{"footnotes":""},"categories":[8],"tags":[27,28,15,16,14,25,26,21,22,12,13,19,20,32,23,24,33,17,18,29,30,31],"class_list":{"0":"post-162439","1":"post","2":"type-post","3":"status-publish","4":"format-standard","5":"has-post-thumbnail","7":"category-principais-noticias","8":"tag-breaking-news","9":"tag-breakingnews","10":"tag-featured-news","11":"tag-featurednews","12":"tag-headlines","13":"tag-latest-news","14":"tag-latestnews","15":"tag-main-news","16":"tag-mainnews","17":"tag-news","18":"tag-noticias","19":"tag-noticias-principais","20":"tag-noticiasprincipais","21":"tag-portugal","22":"tag-principais-noticias","23":"tag-principaisnoticias","24":"tag-pt","25":"tag-top-stories","26":"tag-topstories","27":"tag-ultimas","28":"tag-ultimas-noticias","29":"tag-ultimasnoticias"},"share_on_mastodon":{"url":"https:\/\/pubeurope.com\/@pt\/115600538079675937","error":""},"_links":{"self":[{"href":"https:\/\/www.europesays.com\/pt\/wp-json\/wp\/v2\/posts\/162439","targetHints":{"allow":["GET"]}}],"collection":[{"href":"https:\/\/www.europesays.com\/pt\/wp-json\/wp\/v2\/posts"}],"about":[{"href":"https:\/\/www.europesays.com\/pt\/wp-json\/wp\/v2\/types\/post"}],"author":[{"embeddable":true,"href":"https:\/\/www.europesays.com\/pt\/wp-json\/wp\/v2\/users\/2"}],"replies":[{"embeddable":true,"href":"https:\/\/www.europesays.com\/pt\/wp-json\/wp\/v2\/comments?post=162439"}],"version-history":[{"count":0,"href":"https:\/\/www.europesays.com\/pt\/wp-json\/wp\/v2\/posts\/162439\/revisions"}],"wp:featuredmedia":[{"embeddable":true,"href":"https:\/\/www.europesays.com\/pt\/wp-json\/wp\/v2\/media\/162440"}],"wp:attachment":[{"href":"https:\/\/www.europesays.com\/pt\/wp-json\/wp\/v2\/media?parent=162439"}],"wp:term":[{"taxonomy":"category","embeddable":true,"href":"https:\/\/www.europesays.com\/pt\/wp-json\/wp\/v2\/categories?post=162439"},{"taxonomy":"post_tag","embeddable":true,"href":"https:\/\/www.europesays.com\/pt\/wp-json\/wp\/v2\/tags?post=162439"}],"curies":[{"name":"wp","href":"https:\/\/api.w.org\/{rel}","templated":true}]}}