{"id":162443,"date":"2025-11-23T18:57:10","date_gmt":"2025-11-23T18:57:10","guid":{"rendered":"https:\/\/www.europesays.com\/pt\/162443\/"},"modified":"2025-11-23T18:57:10","modified_gmt":"2025-11-23T18:57:10","slug":"junco-de-forjaes-integra-nova-galeria-de-artes-certificadas-no-porto","status":"publish","type":"post","link":"https:\/\/www.europesays.com\/pt\/162443\/","title":{"rendered":"Junco de Forj\u00e3es integra nova Galeria de Artes Certificadas no Porto"},"content":{"rendered":"<p>O Presidente da C\u00e2mara Municipal de Esposende, Carlos Silva e o Presidente da Junta de Freguesia de Forj\u00e3es, V\u00edtor Quint\u00e3o, marcaram presen\u00e7a na inaugura\u00e7\u00e3o da Galeria de Artes Certificadas, no Porto, onde as pe\u00e7as em junco de Forj\u00e3es passam a figurar entre 27 artes tradicionais reconhecidas a n\u00edvel nacional. O espa\u00e7o, dinamizado pelo Grupo O Valor do Tempo, homenageia o saber-fazer manual portugu\u00eas e destaca a relev\u00e2ncia cultural das tradi\u00e7\u00f5es que constroem a identidade do pa\u00eds.<\/p>\n<p>\t\t<img decoding=\"async\" src=\"https:\/\/www.europesays.com\/pt\/wp-content\/uploads\/2025\/11\/1763924230_602_thumbs.web.sapo.io\"  loading=\"true\"\/><\/p>\n<p>Com a abertura da Galeria de Artes Certificadas, estas artes tradicionais ganham um novo enquadramento econ\u00f3mico e simb\u00f3lico. Numa cidade que aposta cada vez mais nos setores da cultura, turismo e ind\u00fastrias criativas, produtos aut\u00eanticos e identit\u00e1rios, como o junco de Forj\u00e3es, assumem um valor renovado, respondendo \u00e0 procura crescente por obras que fundem tradi\u00e7\u00e3o, est\u00e9tica contempor\u00e2nea e sustentabilidade.<\/p>\n<p>A representa\u00e7\u00e3o de Forj\u00e3es nesta iniciativa insere-se, ainda, na estrat\u00e9gia cultural que promove um futuro criativo e sustent\u00e1vel, alicer\u00e7ado em valores sociais e culturais s\u00f3lidos. No contexto da cultura urbana, pretende-se afirmar produtos que se distingam pela t\u00e9cnica, hist\u00f3ria e singularidade.<\/p>\n<p>O Munic\u00edpio de Esposende sublinha que este reconhecimento refor\u00e7a a import\u00e2ncia de transformar o patrim\u00f3nio imaterial em valor econ\u00f3mico sustent\u00e1vel, alinhado com a sua estrat\u00e9gia de desenvolvimento cultural e tur\u00edstico, bem como com os princ\u00edpios da valoriza\u00e7\u00e3o territorial que t\u00eam orientam a a\u00e7\u00e3o aut\u00e1rquica.<\/p>\n<p>A presen\u00e7a do junco de Forj\u00e3es na Galeria de Artes Certificadas contribui assim para uma economia que concilia tradi\u00e7\u00e3o e inova\u00e7\u00e3o, preservando t\u00e9cnicas seculares ao mesmo tempo que cria novas oportunidades para artes\u00e3os, agentes culturais e comunidades locais.<\/p>\n","protected":false},"excerpt":{"rendered":"O Presidente da C\u00e2mara Municipal de Esposende, Carlos Silva e o Presidente da Junta de Freguesia de Forj\u00e3es,&hellip;\n","protected":false},"author":2,"featured_media":162444,"comment_status":"","ping_status":"","sticky":false,"template":"","format":"standard","meta":{"footnotes":""},"categories":[144],"tags":[207,205,206,203,201,202,204,114,115,32,33],"class_list":{"0":"post-162443","1":"post","2":"type-post","3":"status-publish","4":"format-standard","5":"has-post-thumbnail","7":"category-arte-e-design","8":"tag-arte","9":"tag-arte-e-design","10":"tag-artedesign","11":"tag-arts","12":"tag-arts-and-design","13":"tag-artsanddesign","14":"tag-design","15":"tag-entertainment","16":"tag-entretenimento","17":"tag-portugal","18":"tag-pt"},"share_on_mastodon":{"url":"https:\/\/pubeurope.com\/@pt\/115600546189185925","error":""},"_links":{"self":[{"href":"https:\/\/www.europesays.com\/pt\/wp-json\/wp\/v2\/posts\/162443","targetHints":{"allow":["GET"]}}],"collection":[{"href":"https:\/\/www.europesays.com\/pt\/wp-json\/wp\/v2\/posts"}],"about":[{"href":"https:\/\/www.europesays.com\/pt\/wp-json\/wp\/v2\/types\/post"}],"author":[{"embeddable":true,"href":"https:\/\/www.europesays.com\/pt\/wp-json\/wp\/v2\/users\/2"}],"replies":[{"embeddable":true,"href":"https:\/\/www.europesays.com\/pt\/wp-json\/wp\/v2\/comments?post=162443"}],"version-history":[{"count":0,"href":"https:\/\/www.europesays.com\/pt\/wp-json\/wp\/v2\/posts\/162443\/revisions"}],"wp:featuredmedia":[{"embeddable":true,"href":"https:\/\/www.europesays.com\/pt\/wp-json\/wp\/v2\/media\/162444"}],"wp:attachment":[{"href":"https:\/\/www.europesays.com\/pt\/wp-json\/wp\/v2\/media?parent=162443"}],"wp:term":[{"taxonomy":"category","embeddable":true,"href":"https:\/\/www.europesays.com\/pt\/wp-json\/wp\/v2\/categories?post=162443"},{"taxonomy":"post_tag","embeddable":true,"href":"https:\/\/www.europesays.com\/pt\/wp-json\/wp\/v2\/tags?post=162443"}],"curies":[{"name":"wp","href":"https:\/\/api.w.org\/{rel}","templated":true}]}}