{"id":162449,"date":"2025-11-23T19:03:15","date_gmt":"2025-11-23T19:03:15","guid":{"rendered":"https:\/\/www.europesays.com\/pt\/162449\/"},"modified":"2025-11-23T19:03:15","modified_gmt":"2025-11-23T19:03:15","slug":"estudantes-goianas-sao-finalistas-em-premiacao-ao-criar-produto-contra-larvas-do-mosquito-da-dengue","status":"publish","type":"post","link":"https:\/\/www.europesays.com\/pt\/162449\/","title":{"rendered":"Estudantes goianas s\u00e3o finalistas em premia\u00e7\u00e3o ao criar produto contra larvas do mosquito da dengue"},"content":{"rendered":"<p>                                Natural e feito com itens simples, extrato foi desenvolvido dentro de uma escola p\u00fablica de Itumbiara. Disputa acontece por voto popular<\/p>\n<p>                  <img decoding=\"async\" width=\"1920\" height=\"1080\" src=\"https:\/\/www.europesays.com\/pt\/wp-content\/uploads\/2025\/11\/itumbiara-1.jpg\" class=\"img-fluid animate__animated animate__fadeIn skip-lazy wp-post-image\" alt=\"Estudantes de Itumbiara desenvolveram produto natural para combater o mosquito da dengue.\" fetchpriority=\"high\"  \/>                  Estudantes de Itumbiara desenvolveram produto natural para combater o mosquito da dengue. (Foto: Captura via Youtube e Marcelo Camargo\/Ag\u00eancia Brasil)<\/p>\n<p>Cinco estudantes e uma professora do Centro de Educa\u00e7\u00e3o em Per\u00edodo Integral (CEPI) Dom Veloso, uma escola estadual de <a href=\"https:\/\/portal6.com.br\/tag\/itumbiara\/\" rel=\"nofollow noopener\" target=\"_blank\">Itumbiara<\/a>, no Sul goiano, desenvolveram um produto natural para ajudar a combater o mosquito da dengue.<\/p>\n<p>Um gel feito a partir do p\u00e9 de saboneteira, criado dentro dos laborat\u00f3rios do col\u00e9gio, levou a equipe a ser finalista da 12\u00aa edi\u00e7\u00e3o do pr\u00eamio Solve for Tomorrow Brasil, promovido pela Samsung.<\/p>\n<p>O produto levou mais de um ano para ser desenvolvido e promete usar itens simples para acabar com as larvas do <a href=\"https:\/\/portal6.com.br\/2025\/11\/10\/anvisa-pode-aprovar-vacina-do-butantan-contra-a-dengue-neste-mes\/\" rel=\"nofollow noopener\" target=\"_blank\">Aedes aegypti<\/a>, que tamb\u00e9m dissemina o zika v\u00edrus e a chikungunya \u2013 especialmente em \u00e1reas de dif\u00edcil acesso.<\/p>\n<p>A ideia \u00e9 aplic\u00e1-lo em Esta\u00e7\u00f5es Disseminadoras de Larvicidas (EDL) que atraem a f\u00eamea do mosquito, para que elas \u201ccarreguem\u201d o extrato at\u00e9 outros criadouros. Os resultados mostraram que todas as larvas podem ser eliminadas em at\u00e9 36 minutos.<\/p>\n<p>As alunas explicam: \u201ca nossa equipe foi motivada pela necessidade de encontrar alternativas menos nocivas ao meio ambiente e \u00e0 sa\u00fade humana do que os larvicidas sint\u00e9ticos\u201d.<\/p>\n<p>A sugest\u00e3o de mat\u00e9ria-prima surgiu no pr\u00f3prio quintal: o p\u00e9 de saboneteira de onde saiu o material utilizado fica bem nos fundos da escola.<\/p>\n<p>Coletar frutos, retirar as sementes, deix\u00e1-los de molho por dias e depois co\u00e1-los, transformando-os em um extrato bruto. Em seguida, mistur\u00e1-los com um amido pr\u00e9-gelatinizado e testar. O processo levou a resultados positivos.<\/p>\n<p>As esta\u00e7\u00f5es disseminadoras montadas depois disso foram simples: usaram um pote recicl\u00e1vel, um tecido preto, uma palheta e um clipe de papel.<\/p>\n<p>As estudantes pontuam o benef\u00edcio: \u201cal\u00e9m de contribuir para a sa\u00fade p\u00fablica local, o prot\u00f3tipo traz benef\u00edcios potenciais para comunidades mais vulner\u00e1veis, oferecendo uma solu\u00e7\u00e3o mais acess\u00edvel com menor risco de impacto ambiental\u201d.<\/p>\n<p><strong>Pr\u00eamio nacional<\/strong><\/p>\n<p>O projeto desenvolvido por Anna Clara, Anna Fl\u00e1via, Iris Cec\u00edlia, N\u00fabia e Maria Gabriela, sob orienta\u00e7\u00e3o da\u00a0Prof\u00aa Dra. Ayanda Ferreira Nascimento Lima, chamou aten\u00e7\u00e3o do Solve for Tomorrow Brasil.<\/p>\n<p>Programa de Cidadania Corporativa da Samsung, a iniciativa \u00e9 conhecida por incentivar alunos e professores de escolas p\u00fablicas a criarem solu\u00e7\u00f5es inovadoras por meio da abordagem STEM (sigla em ingl\u00eas para Ci\u00eancias, Tecnologia, Engenharia e Matem\u00e1tica).<\/p>\n<p>Dentre 10 finalistas, essa \u00e9 a \u00fanica equipe que representa Goi\u00e1s na 12\u00aa edi\u00e7\u00e3o do pr\u00eamio. A sele\u00e7\u00e3o da melhor proposta acontece por J\u00fari Popular.<\/p>\n<p>A vota\u00e7\u00e3o j\u00e1 est\u00e1 aberta e segue at\u00e9 a pr\u00f3xima sexta-feira (28). \u00c9 permitido votar quantas vezes quiser, sem precisar fazer login. Os v\u00eddeos explicando cada projeto podem ser conferidos <a href=\"https:\/\/solvefortomorrowbrasil.com.br\/?utm_source=emkt&amp;utm_medium=link&amp;utm_id=votacao-juri-popular-2025#votacaojuripopular\" rel=\"nofollow noopener\" target=\"_blank\">clicando aqui<\/a>.<\/p>\n<p>Siga o\u00a0<strong>Portal 6<\/strong>\u00a0no Instagram:\u00a0<a href=\"https:\/\/www.instagram.com\/portal6noticias\/\" rel=\"nofollow noopener\" target=\"_blank\">@portal6noticias<\/a> e fique por dentro das \u00faltimas not\u00edcias de Goi\u00e1s!<\/p>\n<p>                              <script async src=\"\/\/www.instagram.com\/embed.js\"><\/script><\/p>\n","protected":false},"excerpt":{"rendered":"Natural e feito com itens simples, extrato foi desenvolvido dentro de uma escola p\u00fablica de Itumbiara. Disputa acontece&hellip;\n","protected":false},"author":2,"featured_media":162450,"comment_status":"","ping_status":"","sticky":false,"template":"","format":"standard","meta":{"footnotes":""},"categories":[86],"tags":[116,32,33,117],"class_list":{"0":"post-162449","1":"post","2":"type-post","3":"status-publish","4":"format-standard","5":"has-post-thumbnail","7":"category-saude","8":"tag-health","9":"tag-portugal","10":"tag-pt","11":"tag-saude"},"share_on_mastodon":{"url":"https:\/\/pubeurope.com\/@pt\/115600569809988822","error":""},"_links":{"self":[{"href":"https:\/\/www.europesays.com\/pt\/wp-json\/wp\/v2\/posts\/162449","targetHints":{"allow":["GET"]}}],"collection":[{"href":"https:\/\/www.europesays.com\/pt\/wp-json\/wp\/v2\/posts"}],"about":[{"href":"https:\/\/www.europesays.com\/pt\/wp-json\/wp\/v2\/types\/post"}],"author":[{"embeddable":true,"href":"https:\/\/www.europesays.com\/pt\/wp-json\/wp\/v2\/users\/2"}],"replies":[{"embeddable":true,"href":"https:\/\/www.europesays.com\/pt\/wp-json\/wp\/v2\/comments?post=162449"}],"version-history":[{"count":0,"href":"https:\/\/www.europesays.com\/pt\/wp-json\/wp\/v2\/posts\/162449\/revisions"}],"wp:featuredmedia":[{"embeddable":true,"href":"https:\/\/www.europesays.com\/pt\/wp-json\/wp\/v2\/media\/162450"}],"wp:attachment":[{"href":"https:\/\/www.europesays.com\/pt\/wp-json\/wp\/v2\/media?parent=162449"}],"wp:term":[{"taxonomy":"category","embeddable":true,"href":"https:\/\/www.europesays.com\/pt\/wp-json\/wp\/v2\/categories?post=162449"},{"taxonomy":"post_tag","embeddable":true,"href":"https:\/\/www.europesays.com\/pt\/wp-json\/wp\/v2\/tags?post=162449"}],"curies":[{"name":"wp","href":"https:\/\/api.w.org\/{rel}","templated":true}]}}