{"id":162456,"date":"2025-11-23T19:08:28","date_gmt":"2025-11-23T19:08:28","guid":{"rendered":"https:\/\/www.europesays.com\/pt\/162456\/"},"modified":"2025-11-23T19:08:28","modified_gmt":"2025-11-23T19:08:28","slug":"preso-outro-suspeito-pelo-assalto-frustrado-em-ourivesaria-de-ponte-de-lima","status":"publish","type":"post","link":"https:\/\/www.europesays.com\/pt\/162456\/","title":{"rendered":"Preso outro suspeito pelo assalto frustrado em ourivesaria de Ponte de Lima"},"content":{"rendered":"<p>Um colombiano sexagen\u00e1rio que integrava uma quadrilha internacional relacionada com o assalto frustrado a uma ourivesaria, em Ponte de Lima, h\u00e1 um ano, foi detido pela Pol\u00edcia Judici\u00e1ria de Braga, encontrando-se j\u00e1 com pris\u00e3o preventiva, em Braga.<\/p>\n<p>&#13;<br \/>\n&#13;<br \/>\n&#13;<\/p>\n<p>O suspeito, de 61 anos de idade, residia algures em Espanha, mas deslocar-se-ia habitualmente a Portugal, para praticar furtos em ourivesarias, suspeitando-se que a quadrilha tamb\u00e9m teria apet\u00eancia para furtos em moradias, em localidades portuguesas.<\/p>\n<p>A quadrilha, liderada por sul-americanos, integra dezenas de assaltantes, distribu\u00eddos por n\u00facleos, atuando no Sul da Europa, integrando igualmente indiv\u00edduos da Am\u00e9rica Central, uns como \u201cestudiosos\u201d dos locais a furtar e outros como operacionais.<\/p>\n<p>Depois de concentrarem as suas casas de recuo em Espanha, onde assaltaram muitas ourivesarias, deslocaram-se para Portugal, numa altura em que sentiam apertar-se o cerco da Guardia Civil e da Pol\u00edcia Nacional, \u00e0 medida que desferiam os seus golpes.<\/p>\n<p>A quadrilha sul-americana disp\u00f5e j\u00e1 de n\u00facleos de vigil\u00e2ncia, constitu\u00eddos por pessoas mais velhas, que \u201cestudam\u201d os locais a assaltar, as carater\u00edsticas, o modo de funcionamento e pontos fracos, para furtos r\u00e1pidos e eficientes, como em Ponte de Lima.<\/p>\n<p>Numa fase seguinte, atuam n\u00facleos operacionais, entre tr\u00eas e cinco homens, mais jovens, que furtam pe\u00e7as mais valiosas, em especial ouro, joias e rel\u00f3gios, colocando-se em fuga, evitando ao m\u00e1ximo os contactos com os lesados ou utilizarem viol\u00eancia.<\/p>\n<p>O assalto frustrado em Ponte de Lima<\/p>\n<p>Mas o princ\u00edpio do fim de um dos grupos mais ativos em Portugal foi j\u00e1 h\u00e1 um ano, num assalto frustrado, no centro de Ponte de Lima, a 30 de outubro de 2024, cujo julgamento come\u00e7ou em 13 de novembro, no Pal\u00e1cio da Justi\u00e7a de Viana do Castelo.<\/p>\n<p>Para j\u00e1 est\u00e3o a ser julgados, lado a lado, um jovem costa-riquenho, que foi o \u00fanico detido em flagrante delito, depois de baleado pelo propriet\u00e1rio do estabelecimento comercial, que poer essa mesma raz\u00e3o se senta agora com ele no mesmo banco dos r\u00e9us. \u00a0\u00a0<\/p>\n<p>Na ocasi\u00e3o, o propriet\u00e1rio da Ourivesaria Jo\u00e3o Sousa Gama, na Rua da Abadia, em Ponte de Lima, baleou um dos assaltantes, tendo o comerciante, Jo\u00e3o de Sousa da Gama, de 82 anos, sido tamb\u00e9m detido pela PJ de Braga, mas ficando logo em liberdade.<\/p>\n<p>Um dos tr\u00eas suspeitos, John Anderson Vargas Celis, que fugia j\u00e1 com as pe\u00e7as furtadas, foi atingido no bra\u00e7o esquerdo, com tiros de espingarda ca\u00e7adeira, tendo sido detido, ao mesmo tempo que recuperaram as pe\u00e7as acabadas de furtar da ourivesaria.<\/p>\n<p>Face aos ferimentos, o assaltante, de 23 anos, costa-riquenho, foi operado de emerg\u00eancia e ficou preso preventivamente, tendo sido submetido a interven\u00e7\u00e3o cir\u00fargica para anastomose da art\u00e9ria umeral, no Hospital de Santa Luzia, em Viana do Castelo e passado ao Hospital Central de Braga, onde teve interven\u00e7\u00e3o cir\u00fargica, para reconstru\u00e7\u00e3o do cotovelo, antes de ir para Caxias.<\/p>\n<p>Entretanto, a Pol\u00edcia Judici\u00e1ria de Braga deteve um casal de colombianos de meia idade, tamb\u00e9m em pris\u00e3o preventiva, desde 17 de abril de 2025, permitiu ir desmembrando a estrutura em Portugal da quadrilha sul-americana, esclarecendo outros furtos.<\/p>\n","protected":false},"excerpt":{"rendered":"Um colombiano sexagen\u00e1rio que integrava uma quadrilha internacional relacionada com o assalto frustrado a uma ourivesaria, em Ponte&hellip;\n","protected":false},"author":2,"featured_media":162457,"comment_status":"","ping_status":"","sticky":false,"template":"","format":"standard","meta":{"footnotes":""},"categories":[10],"tags":[27,28,15,16,14,25,26,21,22,12,13,19,20,32,23,24,33,17,18,29,30,31],"class_list":{"0":"post-162456","1":"post","2":"type-post","3":"status-publish","4":"format-standard","5":"has-post-thumbnail","7":"category-portugal","8":"tag-breaking-news","9":"tag-breakingnews","10":"tag-featured-news","11":"tag-featurednews","12":"tag-headlines","13":"tag-latest-news","14":"tag-latestnews","15":"tag-main-news","16":"tag-mainnews","17":"tag-news","18":"tag-noticias","19":"tag-noticias-principais","20":"tag-noticiasprincipais","21":"tag-portugal","22":"tag-principais-noticias","23":"tag-principaisnoticias","24":"tag-pt","25":"tag-top-stories","26":"tag-topstories","27":"tag-ultimas","28":"tag-ultimas-noticias","29":"tag-ultimasnoticias"},"share_on_mastodon":{"url":"https:\/\/pubeurope.com\/@pt\/115600589151402520","error":""},"_links":{"self":[{"href":"https:\/\/www.europesays.com\/pt\/wp-json\/wp\/v2\/posts\/162456","targetHints":{"allow":["GET"]}}],"collection":[{"href":"https:\/\/www.europesays.com\/pt\/wp-json\/wp\/v2\/posts"}],"about":[{"href":"https:\/\/www.europesays.com\/pt\/wp-json\/wp\/v2\/types\/post"}],"author":[{"embeddable":true,"href":"https:\/\/www.europesays.com\/pt\/wp-json\/wp\/v2\/users\/2"}],"replies":[{"embeddable":true,"href":"https:\/\/www.europesays.com\/pt\/wp-json\/wp\/v2\/comments?post=162456"}],"version-history":[{"count":0,"href":"https:\/\/www.europesays.com\/pt\/wp-json\/wp\/v2\/posts\/162456\/revisions"}],"wp:featuredmedia":[{"embeddable":true,"href":"https:\/\/www.europesays.com\/pt\/wp-json\/wp\/v2\/media\/162457"}],"wp:attachment":[{"href":"https:\/\/www.europesays.com\/pt\/wp-json\/wp\/v2\/media?parent=162456"}],"wp:term":[{"taxonomy":"category","embeddable":true,"href":"https:\/\/www.europesays.com\/pt\/wp-json\/wp\/v2\/categories?post=162456"},{"taxonomy":"post_tag","embeddable":true,"href":"https:\/\/www.europesays.com\/pt\/wp-json\/wp\/v2\/tags?post=162456"}],"curies":[{"name":"wp","href":"https:\/\/api.w.org\/{rel}","templated":true}]}}