{"id":162460,"date":"2025-11-23T19:10:12","date_gmt":"2025-11-23T19:10:12","guid":{"rendered":"https:\/\/www.europesays.com\/pt\/162460\/"},"modified":"2025-11-23T19:10:12","modified_gmt":"2025-11-23T19:10:12","slug":"shawn-mendes-e-flagrado-com-morena-em-cobertura-e-fas-especulam-que-seja-bruna-marquezine","status":"publish","type":"post","link":"https:\/\/www.europesays.com\/pt\/162460\/","title":{"rendered":"Shawn Mendes \u00e9 flagrado com morena em cobertura e f\u00e3s especulam que seja Bruna Marquezine"},"content":{"rendered":"<p id=\"paragrafo-mqbxzil4ge\">\nShawn Mendes foi flagrado,\u00a0na manh\u00e3 do \u00faltimo s\u00e1bado (22),\u00a0em uma cobertura no Rio de Janeiro ao lado de uma morena. As imagens rapidamente viralizaram nas redes sociais, e v\u00e1rios f\u00e3s\u00a0apontaram que a mulher poderia ser Bruna Marquezine, aumentando\u00a0os rumores de um suposto affair entre os dois.&gt;\n<\/p>\n<p id=\"paragrafo-dudvszokuu\">\nAs fotos foram publicadas pelo\u00a0perfil Gossip do Dia. Al\u00e9m da semelhan\u00e7a da atriz com a morena,\u00a0alguns admiradores tamb\u00e9m notaram que o im\u00f3vel em quest\u00e3o seria muito parecido com o apartamento de Bruna, j\u00e1 mostrado por ela mesma algumas vezes na internet.&gt;\n<\/p>\n<p id=\"paragrafo-w2v5cch79t\">\nOs rumores de um affair entre os artistas come\u00e7ou em setembro de 2017, quando,\u00a0logo ap\u00f3s se apresentar no Rock in Rio, o cantor passou a seguir a brasileira\u00a0nas redes sociais. Ela, por sua vez, j\u00e1 seguia o canadense no Instagram.\u00a0Poucos dias depois, um f\u00e3 compartilhou um v\u00eddeo de um suposto encontro entre os dois durante o show de Justin Timberlake, na pista do festival de m\u00fasica carioca.&gt;\n<\/p>\n<p id=\"paragrafo-z45qd5fmw8\">\nOs rumores voltaram a ganhar for\u00e7a neste ano, quando o suposto casal foi visto em clima rom\u00e2ntico no show de Dua Lipa em S\u00e3o Paulo, no \u00faltimo dia 15.&gt;<\/p>\n","protected":false},"excerpt":{"rendered":"Shawn Mendes foi flagrado,\u00a0na manh\u00e3 do \u00faltimo s\u00e1bado (22),\u00a0em uma cobertura no Rio de Janeiro ao lado de&hellip;\n","protected":false},"author":2,"featured_media":162461,"comment_status":"","ping_status":"","sticky":false,"template":"","format":"standard","meta":{"footnotes":""},"categories":[145],"tags":[211,210,114,115,32,33],"class_list":{"0":"post-162460","1":"post","2":"type-post","3":"status-publish","4":"format-standard","5":"has-post-thumbnail","7":"category-celebridades","8":"tag-celebridades","9":"tag-celebrities","10":"tag-entertainment","11":"tag-entretenimento","12":"tag-portugal","13":"tag-pt"},"share_on_mastodon":{"url":"https:\/\/pubeurope.com\/@pt\/115600596877347094","error":""},"_links":{"self":[{"href":"https:\/\/www.europesays.com\/pt\/wp-json\/wp\/v2\/posts\/162460","targetHints":{"allow":["GET"]}}],"collection":[{"href":"https:\/\/www.europesays.com\/pt\/wp-json\/wp\/v2\/posts"}],"about":[{"href":"https:\/\/www.europesays.com\/pt\/wp-json\/wp\/v2\/types\/post"}],"author":[{"embeddable":true,"href":"https:\/\/www.europesays.com\/pt\/wp-json\/wp\/v2\/users\/2"}],"replies":[{"embeddable":true,"href":"https:\/\/www.europesays.com\/pt\/wp-json\/wp\/v2\/comments?post=162460"}],"version-history":[{"count":0,"href":"https:\/\/www.europesays.com\/pt\/wp-json\/wp\/v2\/posts\/162460\/revisions"}],"wp:featuredmedia":[{"embeddable":true,"href":"https:\/\/www.europesays.com\/pt\/wp-json\/wp\/v2\/media\/162461"}],"wp:attachment":[{"href":"https:\/\/www.europesays.com\/pt\/wp-json\/wp\/v2\/media?parent=162460"}],"wp:term":[{"taxonomy":"category","embeddable":true,"href":"https:\/\/www.europesays.com\/pt\/wp-json\/wp\/v2\/categories?post=162460"},{"taxonomy":"post_tag","embeddable":true,"href":"https:\/\/www.europesays.com\/pt\/wp-json\/wp\/v2\/tags?post=162460"}],"curies":[{"name":"wp","href":"https:\/\/api.w.org\/{rel}","templated":true}]}}