{"id":162462,"date":"2025-11-23T19:13:08","date_gmt":"2025-11-23T19:13:08","guid":{"rendered":"https:\/\/www.europesays.com\/pt\/162462\/"},"modified":"2025-11-23T19:13:08","modified_gmt":"2025-11-23T19:13:08","slug":"surpresas-tensoes-e-decisoes-o-que-pode-esperar-da-gala-do-secret-story-secret-story","status":"publish","type":"post","link":"https:\/\/www.europesays.com\/pt\/162462\/","title":{"rendered":"Surpresas, tens\u00f5es e decis\u00f5es: O que pode esperar da Gala do Secret Story &#8211; Secret Story"},"content":{"rendered":"<p data-end=\"465\" data-start=\"150\">A gala desta noite do Secret Story promete ser uma das mais intensas da edi\u00e7\u00e3o. Sob o mote de que \u201cnada fica por revelar\u201d, os espelhos da casa v\u00e3o <strong data-end=\"344\" data-start=\"299\">refletir aquilo que muitos querem ocultar<\/strong>, num momento que pode abalar a confian\u00e7a de v\u00e1rios concorrentes e expor tudo o que andou a ser escondido dentro do jogo.<\/p>\n<blockquote class=\"instagram-media\" data-instgrm-captioned=\"\" data-instgrm-permalink=\"https:\/\/www.instagram.com\/p\/DRZxNgPDM9p\/?utm_source=ig_embed&amp;utm_campaign=loading\" data-instgrm-version=\"14\" style=\" background:#FFF; border:0; border-radius:3px; box-shadow:0 0 1px 0 rgba(0,0,0,0.5),0 1px 10px 0 rgba(0,0,0,0.15); margin: 1px; max-width:540px; min-width:326px; padding:0; width:99.375%; width:-webkit-calc(100% - 2px); width:calc(100% - 2px);\">\n<\/blockquote>\n<p data-end=\"716\" data-start=\"467\">Al\u00e9m disso, hoje ficar\u00e1 definido o <strong data-end=\"525\" data-start=\"502\">TOP 10 desta edi\u00e7\u00e3o<\/strong>. A gala vai responder \u00e0 pergunta de todos os domingos: Q<strong data-end=\"637\" data-start=\"612\">uem fica e quem sai?<\/strong>\u00a0Na Gala vai se descobrir quem continua em jogo e quem se despede da casa.<\/p>\n<blockquote class=\"instagram-media\" data-instgrm-captioned=\"\" data-instgrm-permalink=\"https:\/\/www.instagram.com\/p\/DRZ4sngjGsL\/?utm_source=ig_embed&amp;utm_campaign=loading\" data-instgrm-version=\"14\" style=\" background:#FFF; border:0; border-radius:3px; box-shadow:0 0 1px 0 rgba(0,0,0,0.5),0 1px 10px 0 rgba(0,0,0,0.15); margin: 1px; max-width:540px; min-width:326px; padding:0; width:99.375%; width:-webkit-calc(100% - 2px); width:calc(100% - 2px);\">\n<\/blockquote>\n<p data-end=\"961\" data-start=\"718\">A noite ser\u00e1 tamb\u00e9m marcada por um <strong data-end=\"791\" data-start=\"753\">confronto direto entre dois casais<\/strong>: Dylan e In\u00eas, e Liliana e F\u00e1bio. Os quatro v\u00e3o medir for\u00e7as num momento decisivo e sabe-se apenas que <strong data-end=\"941\" data-start=\"895\">haver\u00e1 consequ\u00eancias para o casal perdedor<\/strong>, ainda por revelar.<\/p>\n<blockquote class=\"instagram-media\" data-instgrm-captioned=\"\" data-instgrm-permalink=\"https:\/\/www.instagram.com\/p\/DRZ-4EvjAyz\/?utm_source=ig_embed&amp;utm_campaign=loading\" data-instgrm-version=\"14\" style=\" background:#FFF; border:0; border-radius:3px; box-shadow:0 0 1px 0 rgba(0,0,0,0.5),0 1px 10px 0 rgba(0,0,0,0.15); margin: 1px; max-width:540px; min-width:326px; padding:0; width:99.375%; width:-webkit-calc(100% - 2px); width:calc(100% - 2px);\">\n<\/blockquote>\n<p data-end=\"1222\" data-is-last-node=\"\" data-is-only-node=\"\" data-start=\"963\">Nem tudo ser\u00e1 tens\u00e3o: alguns concorrentes v\u00e3o ainda receber <strong data-end=\"1055\" data-start=\"1023\">surpresas vindas do exterior<\/strong>. A identidade dos \u201cfelizardos\u201d n\u00e3o foi revelada. Uma coisa \u00e9 certa: esta noite, no Secret Story, nada ficar\u00e1 por revelar.\u00a0<\/p>\n<blockquote class=\"instagram-media\" data-instgrm-captioned=\"\" data-instgrm-permalink=\"https:\/\/www.instagram.com\/p\/DRaGROHjLQX\/?utm_source=ig_embed&amp;utm_campaign=loading\" data-instgrm-version=\"14\" style=\" background:#FFF; border:0; border-radius:3px; box-shadow:0 0 1px 0 rgba(0,0,0,0.5),0 1px 10px 0 rgba(0,0,0,0.15); margin: 1px; max-width:540px; min-width:326px; padding:0; width:99.375%; width:-webkit-calc(100% - 2px); width:calc(100% - 2px);\">\n<\/blockquote>\n<p>                        <script async src=\"\/\/www.instagram.com\/embed.js\"><\/script><\/p>\n","protected":false},"excerpt":{"rendered":"A gala desta noite do Secret Story promete ser uma das mais intensas da edi\u00e7\u00e3o. Sob o mote&hellip;\n","protected":false},"author":2,"featured_media":162463,"comment_status":"","ping_status":"","sticky":false,"template":"","format":"standard","meta":{"footnotes":""},"categories":[142],"tags":[8113,2632,329,333,328,335,166,336,114,115,334,330,1326,338,19019,13,32,33,1315,8174,151,162,19020,227],"class_list":{"0":"post-162462","1":"post","2":"type-post","3":"status-publish","4":"format-standard","5":"has-post-thumbnail","7":"category-tv","8":"tag-alice-alves","9":"tag-casa-dos-segredos","10":"tag-claudio-ramos","11":"tag-comentadores","12":"tag-concorrentes","13":"tag-confrontos","14":"tag-cristina-ferreira","15":"tag-discussoes","16":"tag-entertainment","17":"tag-entretenimento","18":"tag-exclusivos","19":"tag-gala","20":"tag-mafalda-castro","21":"tag-maria-botelho-moniz","22":"tag-marta-cardoso","23":"tag-noticias","24":"tag-portugal","25":"tag-pt","26":"tag-secret-story","27":"tag-segredos","28":"tag-tv","29":"tag-tvi","30":"tag-video-do-dia","31":"tag-videos"},"share_on_mastodon":{"url":"https:\/\/pubeurope.com\/@pt\/115600608700792928","error":""},"_links":{"self":[{"href":"https:\/\/www.europesays.com\/pt\/wp-json\/wp\/v2\/posts\/162462","targetHints":{"allow":["GET"]}}],"collection":[{"href":"https:\/\/www.europesays.com\/pt\/wp-json\/wp\/v2\/posts"}],"about":[{"href":"https:\/\/www.europesays.com\/pt\/wp-json\/wp\/v2\/types\/post"}],"author":[{"embeddable":true,"href":"https:\/\/www.europesays.com\/pt\/wp-json\/wp\/v2\/users\/2"}],"replies":[{"embeddable":true,"href":"https:\/\/www.europesays.com\/pt\/wp-json\/wp\/v2\/comments?post=162462"}],"version-history":[{"count":0,"href":"https:\/\/www.europesays.com\/pt\/wp-json\/wp\/v2\/posts\/162462\/revisions"}],"wp:featuredmedia":[{"embeddable":true,"href":"https:\/\/www.europesays.com\/pt\/wp-json\/wp\/v2\/media\/162463"}],"wp:attachment":[{"href":"https:\/\/www.europesays.com\/pt\/wp-json\/wp\/v2\/media?parent=162462"}],"wp:term":[{"taxonomy":"category","embeddable":true,"href":"https:\/\/www.europesays.com\/pt\/wp-json\/wp\/v2\/categories?post=162462"},{"taxonomy":"post_tag","embeddable":true,"href":"https:\/\/www.europesays.com\/pt\/wp-json\/wp\/v2\/tags?post=162462"}],"curies":[{"name":"wp","href":"https:\/\/api.w.org\/{rel}","templated":true}]}}