{"id":162468,"date":"2025-11-23T19:20:14","date_gmt":"2025-11-23T19:20:14","guid":{"rendered":"https:\/\/www.europesays.com\/pt\/162468\/"},"modified":"2025-11-23T19:20:14","modified_gmt":"2025-11-23T19:20:14","slug":"esta-televisao-xiaomi-esta-uma-pechincha-na-black-friday-da-amazon","status":"publish","type":"post","link":"https:\/\/www.europesays.com\/pt\/162468\/","title":{"rendered":"Esta televis\u00e3o Xiaomi est\u00e1 uma pechincha na Black Friday da Amazon"},"content":{"rendered":"<p>A Amazon est\u00e1 pronta para mais uma semana recheada de grandes promo\u00e7\u00f5es e descontos, ou n\u00e3o estivesse a <a href=\"https:\/\/www.magazine-hd.com\/apps\/wp\/black-friday-nos-mega-desconto-smartphones\/\" target=\"_blank\" rel=\"noopener nofollow\">Black Friday<\/a> mesmo ao virar da esquina. A loja digital est\u00e1 a apostar tudo o que tem em descontos tecnol\u00f3gicos, com grande destaque a produtos para a casa e para os trabalhadores.<\/p>\n<p>No entanto, a loja digital n\u00e3o se esqueceu do lazer, oferecendo uma oportunidade de investimento nas melhores televis\u00f5es do mercado. Assim, mergulha nas centenas de ofertas da <a href=\"https:\/\/www.magazine-hd.com\/apps\/wp\/amazon-oferece-mega-desconto-black-friday-smartphones\/\" target=\"_blank\" rel=\"noopener nofollow\">Amazon<\/a> com esta grande campanha de <a href=\"https:\/\/www.magazine-hd.com\/apps\/wp\/black-friday-chega-amazon-com-mega-descontos\/\" target=\"_blank\" rel=\"noopener nofollow\">Black Friday<\/a>.<\/p>\n<p>Qual o desconto da Amazon?<br \/>\n<img loading=\"lazy\" decoding=\"async\" class=\"size-full wp-image-744878\" src=\"data:image\/svg+xml,%3Csvg%20xmlns=\" http:=\"\" alt=\"Smart TV Xiaomi na Black Friday da Amazon\" width=\"728\" height=\"385\" data-lazy- data-lazy- data-lazy-src=\"https:\/\/www.europesays.com\/pt\/wp-content\/uploads\/2025\/11\/smart-tv-xiaomi-1.webp.webp\"\/>\u00a9Xiaomi<\/p>\n<p>Esta Black Friday, a Amazon conta com uma bela cole\u00e7\u00e3o de descontos, principalmente no que toca \u00e0s tecnologia. Embora os eletrodom\u00e9sticos para a cozinha e os smartphones estejam entre os favoritos dos consumidores, a loja digital conta ainda com grandes promo\u00e7\u00f5es em TV.<\/p>\n<p><a data-no-instant=\"1\" href=\"https:\/\/www.imacustica.pt\/pt\/procurar\/?p=1&amp;q=phantom&amp;familias=0&amp;marcas=0&amp;order_by=1&amp;p=1&amp;utm_source=mhd&amp;utm_medium=banner&amp;utm_campaign=phantom&amp;utm_id=phantom_mhd_2025&amp;utm_content=billboard_970x250\" class=\"adv-link\" aria-label=\"Phantom 300X600 off-page\" rel=\"nofollow noopener\" target=\"_blank\"><img loading=\"lazy\" decoding=\"async\" src=\"data:image\/svg+xml,%3Csvg%20xmlns=\" http:=\"\" alt=\"\" data-lazy- data-lazy- width=\"970\" height=\"250\" style=\" max-width: 100%; height: auto;\" data-lazy-src=\"https:\/\/www.europesays.com\/pt\/wp-content\/uploads\/2025\/11\/phantom-300x600-off-page.jpg\"\/><\/a><\/p>\n<p>Assim, descobrimos a nova <a href=\"https:\/\/amzn.to\/4oRFssE\" target=\"_blank\" rel=\"noopener nofollow\">Xiaomi TV F 65<\/a>, potente televis\u00e3o da marca chinesa que oferece imagem de qualidade a um pre\u00e7o bem acess\u00edvel. A Smart TV conta com qualidade de imagem em 4K UHD, com compatibilidade com HDR 10. Al\u00e9m disso, com 32 GB de mem\u00f3ria interna e 2 GB de mem\u00f3ria RAM, esta torna-se uma TV vers\u00e1til para ver TV e desfrutar do streaming.<\/p>\n<p>Al\u00e9m disso, a Smart TV tem 120Hz, tornando-se ideal para qualquer jogador, permitindo um FPS mais elevado. Por fim, a TV tem ainda compatibilidade com a assistente Alexa, bem como Apple AirPlay. A <a href=\"https:\/\/amzn.to\/4oRFssE\" target=\"_blank\" rel=\"noopener nofollow\">Xiaomi TV F 65<\/a> est\u00e1 atualmente com um desconto de 39%, custando apenas 354 euros.<\/p>\n<p>O desconto est\u00e1 dispon\u00edvel at\u00e9 ao dia 1 de dezembro, na campanha de Black Friday da Amazon. Mas aten\u00e7\u00e3o, esta promo\u00e7\u00e3o est\u00e1 limitada ao stock existente, podendo terminar a qualquer momento.<\/p>\n<p>Que outras ofertas h\u00e1 nesta Black Friday?<br \/>\n<img loading=\"lazy\" decoding=\"async\" class=\"size-full wp-image-744879\" src=\"data:image\/svg+xml,%3Csvg%20xmlns=\" http:=\"\" alt=\"Smart TV TCL\" width=\"728\" height=\"385\" data-lazy- data-lazy- data-lazy-src=\"https:\/\/www.europesays.com\/pt\/wp-content\/uploads\/2025\/11\/smart-tv-tcl-1.webp.webp\"\/>\u00a9TCL<\/p>\n<p>Al\u00e9m desta televis\u00e3o da Xiaomi, a Amazon conta ainda com diversos outros descontos em aparelhos semelhantes. A TCL tamb\u00e9m desfruta da campanha de descontos da loja digital, com destaque para a televis\u00e3o QLED <a href=\"https:\/\/amzn.to\/47R9abl\" target=\"_blank\" rel=\"noopener nofollow\">TCL 32V5C Smart<\/a>. A Smart TV tira partido da mais recente tecnologia Quantum Dot, para trazer imagens mais n\u00edtidas e pristinas. Assim, a televis\u00e3o utiliza o sistema operativo Google TV, com HDR 10 e Dolby Audio. A vers\u00e3o de 32 polegadas da TV custa 151 euros, com um desconto de 25%.<\/p>\n<p>Por fim, temos ainda a presen\u00e7a da Philips com a <a href=\"https:\/\/amzn.to\/4oL5fTm\" target=\"_blank\" rel=\"noopener nofollow\">Philips Ambilight 50PUS8510<\/a>, uma TV QLED 4K, com 50 polegadas e sistema operativo Titan OS. Al\u00e9m disso, a Ambilight oferece ainda compatibilidade com Dolby Atmos, a um baixo pre\u00e7o. Assim, a TV custa atualmente 334 euros, com um desconto de 53%.<\/p>\n<p>\n        About The Author<\/p>\n<p>                <a href=\"https:\/\/www.magazine-hd.com\/apps\/wp\/author\/jfernandes\/\" rel=\"nofollow noopener\" target=\"_blank\"><img loading=\"lazy\" decoding=\"async\" width=\"150\" height=\"150\" src=\"data:image\/svg+xml,%3Csvg%20xmlns=\" http:=\"\" class=\"avatar avatar-150 photo\" alt=\"\" data-lazy- data-lazy- data-lazy-src=\"https:\/\/www.europesays.com\/pt\/wp-content\/uploads\/2025\/08\/JFavatar-0-00-00-02-150x150.jpg\"\/><\/a><\/p>\n<p>                    <a href=\"https:\/\/www.magazine-hd.com\/apps\/wp\/author\/jfernandes\/\" rel=\"nofollow noopener\" target=\"_blank\">Jo\u00e3o Fernandes<\/a><\/p>\n<p>Licenciado em Cinema pela Universidade da Beira-Interior, onde produziu as curtas-metragens \u201cEntre-Portas\u201d, \u201cThe Girl and the Meadow\u201d, e \u201cMaking Art\u201d. Foi produtor de conte\u00fado audiovisual para o Club Otaku. Fez a sua estreia na MHD em 2017, sendo atualmente redator de conte\u00fado, coordenador de Gaming, Qualidade e Parcerias. Possui uma aprecia\u00e7\u00e3o especial por banda desenhada, fotografia e videojogos.<\/p>\n<p>\t\t<\/p>\n","protected":false},"excerpt":{"rendered":"A Amazon est\u00e1 pronta para mais uma semana recheada de grandes promo\u00e7\u00f5es e descontos, ou n\u00e3o estivesse a&hellip;\n","protected":false},"author":2,"featured_media":162469,"comment_status":"","ping_status":"","sticky":false,"template":"","format":"standard","meta":{"footnotes":""},"categories":[84],"tags":[514,34476,2012,109,107,108,34477,32760,32,33,105,103,104,16798,16460,106,110,360],"class_list":{"0":"post-162468","1":"post","2":"type-post","3":"status-publish","4":"format-standard","5":"has-post-thumbnail","7":"category-ciencia-e-tecnologia","8":"tag-amazon","9":"tag-ambilight","10":"tag-black-friday","11":"tag-ciencia","12":"tag-ciencia-e-tecnologia","13":"tag-cienciaetecnologia","14":"tag-google-tv","15":"tag-philips","16":"tag-portugal","17":"tag-pt","18":"tag-science","19":"tag-science-and-technology","20":"tag-scienceandtechnology","21":"tag-smart-tv","22":"tag-tcl","23":"tag-technology","24":"tag-tecnologia","25":"tag-xiaomi"},"share_on_mastodon":{"url":"https:\/\/pubeurope.com\/@pt\/115600636395255982","error":""},"_links":{"self":[{"href":"https:\/\/www.europesays.com\/pt\/wp-json\/wp\/v2\/posts\/162468","targetHints":{"allow":["GET"]}}],"collection":[{"href":"https:\/\/www.europesays.com\/pt\/wp-json\/wp\/v2\/posts"}],"about":[{"href":"https:\/\/www.europesays.com\/pt\/wp-json\/wp\/v2\/types\/post"}],"author":[{"embeddable":true,"href":"https:\/\/www.europesays.com\/pt\/wp-json\/wp\/v2\/users\/2"}],"replies":[{"embeddable":true,"href":"https:\/\/www.europesays.com\/pt\/wp-json\/wp\/v2\/comments?post=162468"}],"version-history":[{"count":0,"href":"https:\/\/www.europesays.com\/pt\/wp-json\/wp\/v2\/posts\/162468\/revisions"}],"wp:featuredmedia":[{"embeddable":true,"href":"https:\/\/www.europesays.com\/pt\/wp-json\/wp\/v2\/media\/162469"}],"wp:attachment":[{"href":"https:\/\/www.europesays.com\/pt\/wp-json\/wp\/v2\/media?parent=162468"}],"wp:term":[{"taxonomy":"category","embeddable":true,"href":"https:\/\/www.europesays.com\/pt\/wp-json\/wp\/v2\/categories?post=162468"},{"taxonomy":"post_tag","embeddable":true,"href":"https:\/\/www.europesays.com\/pt\/wp-json\/wp\/v2\/tags?post=162468"}],"curies":[{"name":"wp","href":"https:\/\/api.w.org\/{rel}","templated":true}]}}