{"id":162475,"date":"2025-11-23T19:25:21","date_gmt":"2025-11-23T19:25:21","guid":{"rendered":"https:\/\/www.europesays.com\/pt\/162475\/"},"modified":"2025-11-23T19:25:21","modified_gmt":"2025-11-23T19:25:21","slug":"em-toquio-giovanna-ewbank-exalta-cultura-local-um-universo-proprio","status":"publish","type":"post","link":"https:\/\/www.europesays.com\/pt\/162475\/","title":{"rendered":"Em T\u00f3quio, Giovanna Ewbank exalta cultura local: &#8216;Um universo pr\u00f3prio&#8217;"},"content":{"rendered":"<p><strong>Viajando pelo Jap\u00e3o com o marido, Bruno Gagliasso, a atriz e apresentadora Giovanna Ewbank est\u00e1 encantada com a cultura local.<\/strong> Ela compartilhou v\u00e1rias fotos da viagem e exaltou os momentos que tem vivido do outro lado do mundo.<\/p>\n<p>\u201c<strong>T\u00f3quio \u00e9 um universo pr\u00f3prio. Ao mesmo tempo que os templos silenciam a mente e acalmam o esp\u00edrito, as ruas nos fazem pulsar, t\u00e3o coloridas, cheias de luz e energia<\/strong>\u201c, escreveu.<\/p>\n<p>Ela disse que j\u00e1 est\u00e1 planejando voltar ao pa\u00eds com os filhos. \u201c\u00c9 normal estar h\u00e1 4 dias em T\u00f3quio\u2026e j\u00e1 estarmos planejando nossa volta com nossos folhos??? Estamos completamente apaixonados pelo Jap\u00e3o! Que lugar \u00e9 esse???\u201d, disse.<\/p>\n<p>\u00a0<\/p>\n<blockquote class=\"instagram-media\" style=\"background: #FFF; border: 0; border-radius: 3px; box-shadow: 0 0 1px 0 rgba(0,0,0,0.5),0 1px 10px 0 rgba(0,0,0,0.15); margin: 1px; max-width: 540px; min-width: 326px; padding: 0; width: calc(100% - 2px);\" data-instgrm-captioned=\"\" data-instgrm-permalink=\"https:\/\/www.instagram.com\/p\/DRXdvSKk1_C\/?utm_source=ig_embed&amp;utm_campaign=loading\" data-instgrm-version=\"14\">\n<\/blockquote>\n<p>\t\t\t\t<script async src=\"\/\/www.instagram.com\/embed.js\"><\/script><\/p>\n","protected":false},"excerpt":{"rendered":"Viajando pelo Jap\u00e3o com o marido, Bruno Gagliasso, a atriz e apresentadora Giovanna Ewbank est\u00e1 encantada com a&hellip;\n","protected":false},"author":2,"featured_media":162476,"comment_status":"","ping_status":"","sticky":false,"template":"","format":"standard","meta":{"footnotes":""},"categories":[145],"tags":[211,210,114,115,32,33],"class_list":{"0":"post-162475","1":"post","2":"type-post","3":"status-publish","4":"format-standard","5":"has-post-thumbnail","7":"category-celebridades","8":"tag-celebridades","9":"tag-celebrities","10":"tag-entertainment","11":"tag-entretenimento","12":"tag-portugal","13":"tag-pt"},"share_on_mastodon":{"url":"https:\/\/pubeurope.com\/@pt\/115600656237631799","error":""},"_links":{"self":[{"href":"https:\/\/www.europesays.com\/pt\/wp-json\/wp\/v2\/posts\/162475","targetHints":{"allow":["GET"]}}],"collection":[{"href":"https:\/\/www.europesays.com\/pt\/wp-json\/wp\/v2\/posts"}],"about":[{"href":"https:\/\/www.europesays.com\/pt\/wp-json\/wp\/v2\/types\/post"}],"author":[{"embeddable":true,"href":"https:\/\/www.europesays.com\/pt\/wp-json\/wp\/v2\/users\/2"}],"replies":[{"embeddable":true,"href":"https:\/\/www.europesays.com\/pt\/wp-json\/wp\/v2\/comments?post=162475"}],"version-history":[{"count":0,"href":"https:\/\/www.europesays.com\/pt\/wp-json\/wp\/v2\/posts\/162475\/revisions"}],"wp:featuredmedia":[{"embeddable":true,"href":"https:\/\/www.europesays.com\/pt\/wp-json\/wp\/v2\/media\/162476"}],"wp:attachment":[{"href":"https:\/\/www.europesays.com\/pt\/wp-json\/wp\/v2\/media?parent=162475"}],"wp:term":[{"taxonomy":"category","embeddable":true,"href":"https:\/\/www.europesays.com\/pt\/wp-json\/wp\/v2\/categories?post=162475"},{"taxonomy":"post_tag","embeddable":true,"href":"https:\/\/www.europesays.com\/pt\/wp-json\/wp\/v2\/tags?post=162475"}],"curies":[{"name":"wp","href":"https:\/\/api.w.org\/{rel}","templated":true}]}}