{"id":162503,"date":"2025-11-23T19:56:25","date_gmt":"2025-11-23T19:56:25","guid":{"rendered":"https:\/\/www.europesays.com\/pt\/162503\/"},"modified":"2025-11-23T19:56:25","modified_gmt":"2025-11-23T19:56:25","slug":"dylan-desaba-no-secret-story-nao-quer-passar-o-natal-na-casa-e-deixa-ameaca-inesperada-secret-story","status":"publish","type":"post","link":"https:\/\/www.europesays.com\/pt\/162503\/","title":{"rendered":"Dylan desaba no Secret Story: N\u00e3o quer passar o Natal na casa e deixa amea\u00e7a inesperada &#8211; Secret Story"},"content":{"rendered":"<p>No <strong>Secret Story 9<\/strong>, Bruno, Dylan e In\u00eas deram in\u00edcio a mais uma ronda de coment\u00e1rios sarc\u00e1sticos sobre o jogo e sobre os restantes concorrentes. Entre contas e previs\u00f5es, o trio analisou as pr\u00f3ximas expuls\u00f5es e concluiu que h\u00e1 a possibilidade de dois deles continuarem na casa at\u00e9 ao Natal.<\/p>\n<p>Dylan, visivelmente pouco entusiasmado com essa hip\u00f3tese, confessou que n\u00e3o gostaria de <strong>\u00abpassar o Natal com aqueles\u2026 indiv\u00edduos\u00bb<\/strong>. O concorrente acrescentou ainda que, caso isso aconte\u00e7a, passar\u00e1 o tempo a falar para a m\u00e3e ver atrav\u00e9s do TVI Reality ou a \u201cazucrinar\u201d quem estiver por perto.<\/p>\n<p><strong>Esta semana, h\u00e1 cinco concorrentes em risco de expuls\u00e3o.<\/strong><\/p>\n<p><strong>VOTE PARA SALVAR:<\/strong><\/p>\n<p><strong>ANA \u2013 761 20 20 01<br \/>F\u00c1BIO \u2013 761 20 20 08<br \/>IN\u00caS \u2013 761 20 20 10<br \/>LILIANA \u2013 761 20 20 14<br \/>MARISA SUSANA &#8211; 761 20 20 17<\/strong><\/p>\n<p><strong><a href=\"https:\/\/tvi.iol.pt\/secretstory\/aominuto\" wbo-id=\"32\" rel=\"nofollow noopener\" target=\"_blank\">Acompanhe ao minuto tudo o que se passa na casa mais vigiada do Pa\u00eds<\/a>\u00a0<\/strong><\/p>\n","protected":false},"excerpt":{"rendered":"No Secret Story 9, Bruno, Dylan e In\u00eas deram in\u00edcio a mais uma ronda de coment\u00e1rios sarc\u00e1sticos sobre&hellip;\n","protected":false},"author":2,"featured_media":162504,"comment_status":"","ping_status":"","sticky":false,"template":"","format":"standard","meta":{"footnotes":""},"categories":[142],"tags":[19105,114,115,19033,19034,32,33,151,19032],"class_list":{"0":"post-162503","1":"post","2":"type-post","3":"status-publish","4":"format-standard","5":"has-post-thumbnail","7":"category-tv","8":"tag-dylan","9":"tag-entertainment","10":"tag-entretenimento","11":"tag-galas-em-video","12":"tag-melhores-momentos-casa-dos-segredos","13":"tag-portugal","14":"tag-pt","15":"tag-tv","16":"tag-videos-secret-story-tvi"},"share_on_mastodon":{"url":"https:\/\/pubeurope.com\/@pt\/115600777726536580","error":""},"_links":{"self":[{"href":"https:\/\/www.europesays.com\/pt\/wp-json\/wp\/v2\/posts\/162503","targetHints":{"allow":["GET"]}}],"collection":[{"href":"https:\/\/www.europesays.com\/pt\/wp-json\/wp\/v2\/posts"}],"about":[{"href":"https:\/\/www.europesays.com\/pt\/wp-json\/wp\/v2\/types\/post"}],"author":[{"embeddable":true,"href":"https:\/\/www.europesays.com\/pt\/wp-json\/wp\/v2\/users\/2"}],"replies":[{"embeddable":true,"href":"https:\/\/www.europesays.com\/pt\/wp-json\/wp\/v2\/comments?post=162503"}],"version-history":[{"count":0,"href":"https:\/\/www.europesays.com\/pt\/wp-json\/wp\/v2\/posts\/162503\/revisions"}],"wp:featuredmedia":[{"embeddable":true,"href":"https:\/\/www.europesays.com\/pt\/wp-json\/wp\/v2\/media\/162504"}],"wp:attachment":[{"href":"https:\/\/www.europesays.com\/pt\/wp-json\/wp\/v2\/media?parent=162503"}],"wp:term":[{"taxonomy":"category","embeddable":true,"href":"https:\/\/www.europesays.com\/pt\/wp-json\/wp\/v2\/categories?post=162503"},{"taxonomy":"post_tag","embeddable":true,"href":"https:\/\/www.europesays.com\/pt\/wp-json\/wp\/v2\/tags?post=162503"}],"curies":[{"name":"wp","href":"https:\/\/api.w.org\/{rel}","templated":true}]}}