{"id":162505,"date":"2025-11-23T19:59:10","date_gmt":"2025-11-23T19:59:10","guid":{"rendered":"https:\/\/www.europesays.com\/pt\/162505\/"},"modified":"2025-11-23T19:59:10","modified_gmt":"2025-11-23T19:59:10","slug":"rafa-simplesmente-desapareceu-a-bola","status":"publish","type":"post","link":"https:\/\/www.europesays.com\/pt\/162505\/","title":{"rendered":"\u00abRafa simplesmente desapareceu\u00bb | A Bola"},"content":{"rendered":"<p>O <a class=\"autolink-enabled\" data-resource-id=\"521\" data-resource-type=\"team\" data-sport=\"football\" href=\"https:\/\/www.abola.pt\/futebol\/besiktas-521\" rel=\"nofollow noopener\" target=\"_blank\">Besiktas<\/a> empatou (1-1) em casa este domingo, frente ao Samsunspor, para a Liga turca, e no final do jogo o treinador da equipa de Istambul falou de problemas no plantel e tamb\u00e9m se referiu ao caso <a class=\"autolink-enabled\" data-resource-id=\"8354\" data-resource-type=\"player\" data-sport=\"football\" href=\"https:\/\/www.abola.pt\/futebol\/jogador\/rafa-silva-8354\" rel=\"nofollow noopener\" target=\"_blank\">Rafa Silva<\/a>, avan\u00e7ado portugu\u00eas que continua sem se treinar, sem jogar, e for\u00e7a a sa\u00edda do <a class=\"autolink-enabled\" data-resource-id=\"521\" data-resource-type=\"team\" data-sport=\"football\" href=\"https:\/\/www.abola.pt\/futebol\/besiktas-521\" rel=\"nofollow noopener\" target=\"_blank\">Besiktas<\/a>.<\/p>\n<p>\u00abEles est\u00e3o a jogar bem, mas alguns problemas s\u00e3o dif\u00edceis de resolver. Temos defici\u00eancias. <a target=\"_blank\" class=\"editor-link autolink-enabled\" href=\"https:\/\/www.abola.pt\/futebol\/jogador\/rafa-silva-8354\" data-resource-id=\"8354\" data-resource-type=\"player\" data-sport=\"football\" rel=\"nofollow noopener\">Rafa Silva<\/a> era um jogador em quem os adeptos e a Dire\u00e7\u00e3o depositavam grandes esperan\u00e7as no in\u00edcio da temporada, mas ele simplesmente desapareceu\u00bb, disse Sergen Yal\u00e7in em confer\u00eancia de imprensa, citado pelo di\u00e1rio turco Fanatik.<\/p>\n<p><a class=\"autolink-enabled\" data-resource-id=\"8354\" data-resource-type=\"player\" data-sport=\"football\" href=\"https:\/\/www.abola.pt\/futebol\/jogador\/rafa-silva-8354\" rel=\"nofollow noopener\" target=\"_blank\">Rafa Silva<\/a>, de 32 anos, tem faltado aos treinos e alega dores nas costas, justifica\u00e7\u00e3o que o <a class=\"autolink-enabled\" data-resource-id=\"521\" data-resource-type=\"team\" data-sport=\"football\" href=\"https:\/\/www.abola.pt\/futebol\/besiktas-521\" rel=\"nofollow noopener\" target=\"_blank\">Besiktas<\/a> n\u00e3o aceita, ap\u00f3s realiza\u00e7\u00e3o de exames. Em comunicado, o emblema turco admite fazer queixa do portugu\u00eas na FIFA se este n\u00e3o cumprir com as suas obriga\u00e7\u00f5es.<\/p>\n<p>O atacante tem contrato at\u00e9 2027 e uma cl\u00e1usula de rescis\u00e3o de \u20ac15 milh\u00f5es. O Benfica est\u00e1 atento a este conflito e pode avan\u00e7ar para a tentativa de contrata\u00e7\u00e3o, mas apenas se em janeiro o jogador estiver desvinculado e interessado em regressar ao futebol portugu\u00eas.<\/p>\n","protected":false},"excerpt":{"rendered":"O Besiktas empatou (1-1) em casa este domingo, frente ao Samsunspor, para a Liga turca, e no final&hellip;\n","protected":false},"author":2,"featured_media":162506,"comment_status":"","ping_status":"","sticky":false,"template":"","format":"standard","meta":{"footnotes":""},"categories":[87],"tags":[135,32,33,134],"class_list":{"0":"post-162505","1":"post","2":"type-post","3":"status-publish","4":"format-standard","5":"has-post-thumbnail","7":"category-desporto","8":"tag-desporto","9":"tag-portugal","10":"tag-pt","11":"tag-sports"},"share_on_mastodon":{"url":"https:\/\/pubeurope.com\/@pt\/115600789762772111","error":""},"_links":{"self":[{"href":"https:\/\/www.europesays.com\/pt\/wp-json\/wp\/v2\/posts\/162505","targetHints":{"allow":["GET"]}}],"collection":[{"href":"https:\/\/www.europesays.com\/pt\/wp-json\/wp\/v2\/posts"}],"about":[{"href":"https:\/\/www.europesays.com\/pt\/wp-json\/wp\/v2\/types\/post"}],"author":[{"embeddable":true,"href":"https:\/\/www.europesays.com\/pt\/wp-json\/wp\/v2\/users\/2"}],"replies":[{"embeddable":true,"href":"https:\/\/www.europesays.com\/pt\/wp-json\/wp\/v2\/comments?post=162505"}],"version-history":[{"count":0,"href":"https:\/\/www.europesays.com\/pt\/wp-json\/wp\/v2\/posts\/162505\/revisions"}],"wp:featuredmedia":[{"embeddable":true,"href":"https:\/\/www.europesays.com\/pt\/wp-json\/wp\/v2\/media\/162506"}],"wp:attachment":[{"href":"https:\/\/www.europesays.com\/pt\/wp-json\/wp\/v2\/media?parent=162505"}],"wp:term":[{"taxonomy":"category","embeddable":true,"href":"https:\/\/www.europesays.com\/pt\/wp-json\/wp\/v2\/categories?post=162505"},{"taxonomy":"post_tag","embeddable":true,"href":"https:\/\/www.europesays.com\/pt\/wp-json\/wp\/v2\/tags?post=162505"}],"curies":[{"name":"wp","href":"https:\/\/api.w.org\/{rel}","templated":true}]}}