{"id":162507,"date":"2025-11-23T20:00:20","date_gmt":"2025-11-23T20:00:20","guid":{"rendered":"https:\/\/www.europesays.com\/pt\/162507\/"},"modified":"2025-11-23T20:00:20","modified_gmt":"2025-11-23T20:00:20","slug":"pesquisadores-explicam-como-caes-podem-identificar-convulsoes-noticias-r7","status":"publish","type":"post","link":"https:\/\/www.europesays.com\/pt\/162507\/","title":{"rendered":"Pesquisadores explicam como c\u00e3es podem identificar convuls\u00f5es \u2013 Noticias R7"},"content":{"rendered":"<p><img decoding=\"async\" data-chromatic=\"ignore\" alt=\"\" class=\"c-image\" loading=\"lazy\" src=\"https:\/\/www.europesays.com\/pt\/wp-content\/uploads\/2025\/11\/OME3CPZQFZB5HL66HKWXFMJWFE.jpeg\"  width=\"2048\" height=\"1152\"\/>C\u00e3es conseguem prever convuls\u00f5es com minutos de anteced\u00eancia. (Foto: Getty Images via Canva) Fala Ci\u00eancia <\/p>\n<p class=\"jarvics:base-text-neutral-high-400 base-text-[calc(theme(fontSize.xs)_*_var(--font-size,_1))] base-font-normal base-font-primary base-text-neutral-low-500 base-text-left\">\n<p>Os c\u00e3es sempre impressionaram pela sensibilidade, mas a ci\u00eancia vem mostrando que eles s\u00e3o capazes de algo ainda mais extraordin\u00e1rio: <strong>identificar convuls\u00f5es antes que aconte\u00e7am<\/strong>. Essa habilidade, que antes parecia apenas relato de tutores, foi confirmada por pesquisas recentes, incluindo o estudo <strong>\u201cThe role of trained and untrained dogs in the detection and warning of seizures\u201d<\/strong>, publicado em 2024 e conduzido por Grace C Luff et al.<\/p>\n<\/p>\n<p class=\"jarvics:base-text-neutral-high-400 base-text-[calc(theme(fontSize.xs)_*_var(--font-size,_1))] base-font-normal base-font-primary base-text-neutral-low-500 base-text-left\">\n<p>A descoberta refor\u00e7a que muitos c\u00e3es conseguem captar altera\u00e7\u00f5es corporais extremamente sutis que antecedem uma crise epil\u00e9ptica, mesmo sem receber treinamento profissional.<\/p>\n<\/p>\n<p class=\"jarvics:base-text-neutral-high-400 base-text-[calc(theme(fontSize.xs)_*_var(--font-size,_1))] base-font-normal base-font-primary base-text-neutral-low-500 base-text-left\"><strong>O que muda no corpo antes da convuls\u00e3o?<\/strong><\/p>\n<p class=\"jarvics:base-text-neutral-high-400 base-text-[calc(theme(fontSize.xs)_*_var(--font-size,_1))] base-font-normal base-font-primary base-text-neutral-low-500 base-text-left\">\n<p>De acordo com o estudo, c\u00e3es conseguem perceber sinais que o ser humano n\u00e3o consegue detectar sozinho. Entre essas mudan\u00e7as est\u00e3o:<\/p>\n<\/p>\n<p class=\"jarvics:base-text-neutral-high-400 base-text-[calc(theme(fontSize.xs)_*_var(--font-size,_1))] base-font-normal base-font-primary base-text-neutral-low-500 base-text-left\">\n<ul class=\"wp-block-list\">\n<li>varia\u00e7\u00f5es m\u00ednimas no cheiro corporal<\/li>\n<li>altera\u00e7\u00f5es respirat\u00f3rias<\/li>\n<li>mudan\u00e7a no equil\u00edbrio ou postura<\/li>\n<li>tens\u00e3o muscular involunt\u00e1ria<\/li>\n<li>padr\u00f5es comportamentais diferentes do tutor<\/li>\n<\/ul>\n<p class=\"jarvics:base-text-neutral-high-400 base-text-[calc(theme(fontSize.xs)_*_var(--font-size,_1))] base-font-normal base-font-primary base-text-neutral-low-500 base-text-left\">\n<p>O ponto mais marcante \u00e9 a percep\u00e7\u00e3o de <strong>compostos org\u00e2nicos vol\u00e1teis (VOCs)<\/strong> liberados momentos antes da crise, mol\u00e9culas que o olfato humano jamais identificaria. A precis\u00e3o olfativa canina permite que eles reconhe\u00e7am esses marcadores com anteced\u00eancia suficiente para alertar a pessoa.<\/p>\n<\/p>\n<p class=\"jarvics:base-text-neutral-high-400 base-text-[calc(theme(fontSize.xs)_*_var(--font-size,_1))] base-font-normal base-font-primary base-text-neutral-low-500 base-text-left\"><strong>O que os cientistas descobriram?<\/strong><\/p>\n<p><img decoding=\"async\" data-chromatic=\"ignore\" alt=\"\" class=\"c-image\" loading=\"lazy\" src=\"https:\/\/www.europesays.com\/pt\/wp-content\/uploads\/2025\/11\/77FDYNZBJRHNZPRLNK2IGQ4YSU.jpeg\"  width=\"1024\" height=\"576\"\/>Animais detectam mudan\u00e7as sutis no corpo do tutor. (Foto: Getty Images via Canva) Fala Ci\u00eancia <\/p>\n<p class=\"jarvics:base-text-neutral-high-400 base-text-[calc(theme(fontSize.xs)_*_var(--font-size,_1))] base-font-normal base-font-primary base-text-neutral-low-500 base-text-left\">\n<p>A pesquisa analisou c\u00e3es <strong>treinados<\/strong> e <strong>n\u00e3o treinados<\/strong> convivendo com pessoas com epilepsia. Entre os resultados observados:<\/p>\n<\/p>\n<p class=\"jarvics:base-text-neutral-high-400 base-text-[calc(theme(fontSize.xs)_*_var(--font-size,_1))] base-font-normal base-font-primary base-text-neutral-low-500 base-text-left\">\n<ul class=\"wp-block-list\">\n<li>c\u00e3es n\u00e3o treinados apresentaram alertas espont\u00e2neos e surpreendentemente assertivos<\/li>\n<li>c\u00e3es treinados mostraram respostas mais r\u00e1pidas e consistentes<\/li>\n<li>a conviv\u00eancia di\u00e1ria aumentou muito a precis\u00e3o dos alertas<\/li>\n<li>comportamentos como latir, encostar, guiar o tutor ou ficar inquieto surgiam minutos antes da crise<\/li>\n<\/ul>\n<p class=\"jarvics:base-text-neutral-high-400 base-text-[calc(theme(fontSize.xs)_*_var(--font-size,_1))] base-font-normal base-font-primary base-text-neutral-low-500 base-text-left\">\n<p>A conclus\u00e3o central \u00e9 clara: muitos c\u00e3es t\u00eam predisposi\u00e7\u00e3o natural para identificar convuls\u00f5es e conseguem aprimorar essa habilidade pelo conv\u00edvio.<\/p>\n<\/p>\n<p class=\"jarvics:base-text-neutral-high-400 base-text-[calc(theme(fontSize.xs)_*_var(--font-size,_1))] base-font-normal base-font-primary base-text-neutral-low-500 base-text-left\"><strong>Como esses c\u00e3es ajudam na pr\u00e1tica<\/strong><\/p>\n<p class=\"jarvics:base-text-neutral-high-400 base-text-[calc(theme(fontSize.xs)_*_var(--font-size,_1))] base-font-normal base-font-primary base-text-neutral-low-500 base-text-left\">\n<p>O aviso antecipado pode ocorrer <strong>de segundos a v\u00e1rios minutos antes da crise<\/strong>, permitindo que o tutor:<\/p>\n<\/p>\n<p class=\"jarvics:base-text-neutral-high-400 base-text-[calc(theme(fontSize.xs)_*_var(--font-size,_1))] base-font-normal base-font-primary base-text-neutral-low-500 base-text-left\">\n<ul class=\"wp-block-list\">\n<li>sente-se ou se deite para evitar quedas<\/li>\n<li>pe\u00e7a ajuda<\/li>\n<li>acione dispositivos de seguran\u00e7a<\/li>\n<li>tome medicamentos de resgate, se orientado pelo m\u00e9dico<\/li>\n<\/ul>\n<p class=\"jarvics:base-text-neutral-high-400 base-text-[calc(theme(fontSize.xs)_*_var(--font-size,_1))] base-font-normal base-font-primary base-text-neutral-low-500 base-text-left\">\n<p>C\u00e3es que passam por treinamento espec\u00edfico tamb\u00e9m podem:<\/p>\n<\/p>\n<p class=\"jarvics:base-text-neutral-high-400 base-text-[calc(theme(fontSize.xs)_*_var(--font-size,_1))] base-font-normal base-font-primary base-text-neutral-low-500 base-text-left\">\n<ul class=\"wp-block-list\">\n<li>acionar alarmes<\/li>\n<li>buscar ajuda de terceiros<\/li>\n<li>trazer objetos importantes<\/li>\n<li>posicionar o corpo para proteger o tutor durante a crise<\/li>\n<\/ul>\n<p class=\"jarvics:base-text-neutral-high-400 base-text-[calc(theme(fontSize.xs)_*_var(--font-size,_1))] base-font-normal base-font-primary base-text-neutral-low-500 base-text-left\">\n<p>Isso melhora a seguran\u00e7a, reduz riscos e aumenta muito a autonomia de quem vive com epilepsia.<\/p>\n<\/p>\n<p class=\"jarvics:base-text-neutral-high-400 base-text-[calc(theme(fontSize.xs)_*_var(--font-size,_1))] base-font-normal base-font-primary base-text-neutral-low-500 base-text-left\"><strong>Por que esses achados s\u00e3o importantes?<\/strong><\/p>\n<p class=\"jarvics:base-text-neutral-high-400 base-text-[calc(theme(fontSize.xs)_*_var(--font-size,_1))] base-font-normal base-font-primary base-text-neutral-low-500 base-text-left\">\n<p>O estudo de 2024 representa um marco, porque:<\/p>\n<\/p>\n<p class=\"jarvics:base-text-neutral-high-400 base-text-[calc(theme(fontSize.xs)_*_var(--font-size,_1))] base-font-normal base-font-primary base-text-neutral-low-500 base-text-left\">\n<ul class=\"wp-block-list\">\n<li>confirma cientificamente alertas relatados por milhares de tutores<\/li>\n<li>demonstra que o olfato canino reconhece marcadores fisiol\u00f3gicos dif\u00edceis de identificar por m\u00e9todos tradicionais<\/li>\n<li>abre portas para treinar mais c\u00e3es de assist\u00eancia<\/li>\n<li>pode inspirar tecnologias capazes de detectar VOCs associados a convuls\u00f5es<\/li>\n<\/ul>\n<p class=\"jarvics:base-text-neutral-high-400 base-text-[calc(theme(fontSize.xs)_*_var(--font-size,_1))] base-font-normal base-font-primary base-text-neutral-low-500 base-text-left\">\n<p>Com isso, a pesquisa aproxima a comunidade cient\u00edfica de compreender exatamente <strong>quais sinais precedem as crises<\/strong>, e como podemos us\u00e1-los para prevenir acidentes.<\/p><\/p>\n","protected":false},"excerpt":{"rendered":"C\u00e3es conseguem prever convuls\u00f5es com minutos de anteced\u00eancia. (Foto: Getty Images via Canva) Fala Ci\u00eancia Os c\u00e3es sempre&hellip;\n","protected":false},"author":2,"featured_media":162508,"comment_status":"","ping_status":"","sticky":false,"template":"","format":"standard","meta":{"footnotes":""},"categories":[86],"tags":[116,32,33,117],"class_list":{"0":"post-162507","1":"post","2":"type-post","3":"status-publish","4":"format-standard","5":"has-post-thumbnail","7":"category-saude","8":"tag-health","9":"tag-portugal","10":"tag-pt","11":"tag-saude"},"share_on_mastodon":{"url":"https:\/\/pubeurope.com\/@pt\/115600793886108649","error":""},"_links":{"self":[{"href":"https:\/\/www.europesays.com\/pt\/wp-json\/wp\/v2\/posts\/162507","targetHints":{"allow":["GET"]}}],"collection":[{"href":"https:\/\/www.europesays.com\/pt\/wp-json\/wp\/v2\/posts"}],"about":[{"href":"https:\/\/www.europesays.com\/pt\/wp-json\/wp\/v2\/types\/post"}],"author":[{"embeddable":true,"href":"https:\/\/www.europesays.com\/pt\/wp-json\/wp\/v2\/users\/2"}],"replies":[{"embeddable":true,"href":"https:\/\/www.europesays.com\/pt\/wp-json\/wp\/v2\/comments?post=162507"}],"version-history":[{"count":0,"href":"https:\/\/www.europesays.com\/pt\/wp-json\/wp\/v2\/posts\/162507\/revisions"}],"wp:featuredmedia":[{"embeddable":true,"href":"https:\/\/www.europesays.com\/pt\/wp-json\/wp\/v2\/media\/162508"}],"wp:attachment":[{"href":"https:\/\/www.europesays.com\/pt\/wp-json\/wp\/v2\/media?parent=162507"}],"wp:term":[{"taxonomy":"category","embeddable":true,"href":"https:\/\/www.europesays.com\/pt\/wp-json\/wp\/v2\/categories?post=162507"},{"taxonomy":"post_tag","embeddable":true,"href":"https:\/\/www.europesays.com\/pt\/wp-json\/wp\/v2\/tags?post=162507"}],"curies":[{"name":"wp","href":"https:\/\/api.w.org\/{rel}","templated":true}]}}