{"id":162515,"date":"2025-11-23T20:07:09","date_gmt":"2025-11-23T20:07:09","guid":{"rendered":"https:\/\/www.europesays.com\/pt\/162515\/"},"modified":"2025-11-23T20:07:09","modified_gmt":"2025-11-23T20:07:09","slug":"medicos-de-bolsonaro-falam-em-confusao-mental-23-11-2025-poder","status":"publish","type":"post","link":"https:\/\/www.europesays.com\/pt\/162515\/","title":{"rendered":"M\u00e9dicos de Bolsonaro falam em &#8216;confus\u00e3o mental&#8217; &#8211; 23\/11\/2025 &#8211; Poder"},"content":{"rendered":"<p>A equipe m\u00e9dica de <a href=\"https:\/\/www1.folha.uol.com.br\/folha-topicos\/jair-bolsonaro\/\" rel=\"nofollow noopener\" target=\"_blank\">Jair Bolsonaro<\/a> (<a href=\"https:\/\/www1.folha.uol.com.br\/folha-topicos\/pl\/\" rel=\"nofollow noopener\" target=\"_blank\">PL<\/a>) fala em um quadro de &#8220;confus\u00e3o mental e alucina\u00e7\u00f5es&#8221; para descrever o epis\u00f3dio em que o<a href=\"https:\/\/www1.folha.uol.com.br\/poder\/2025\/11\/bolsonaro-disse-a-agentes-que-tentou-abrir-tornozeleira-com-ferro-de-solda-afirma-relatorio.shtml\" rel=\"nofollow noopener\" target=\"\"> ex-presidente tentou mexer na tornozeleira eletr\u00f4nica<\/a> e atribui isso \u00e0 intera\u00e7\u00e3o medicamentosa.<\/p>\n<p>De acordo com os m\u00e9dicos, o uso da Pregalabina foi suspenso imediatamente e Bolsonaro est\u00e1 clinicamente bem. O epis\u00f3dio, que o ex-presidente classificou na sua <a href=\"https:\/\/www1.folha.uol.com.br\/poder\/2025\/11\/prisao-preventiva-de-bolsonaro-e-mantida-apos-audiencia-de-custodia.shtml\" rel=\"nofollow noopener\" target=\"\">audi\u00eancia de cust\u00f3dia como momento de paranoia<\/a>, levou \u00e0 decreta\u00e7\u00e3o da sua pris\u00e3o preventiva na v\u00e9spera.<\/p>\n<p>A informa\u00e7\u00e3o dos m\u00e9dicos consta em boletim m\u00e9dico assinado pelos m\u00e9dicos Cl\u00e1udio Birolini e Leandro Echenique, que estiveram pela manh\u00e3 com o ex-presidente na Superintend\u00eancia da <a href=\"https:\/\/www1.folha.uol.com.br\/folha-topicos\/policia-federal\/\" rel=\"nofollow noopener\" target=\"_blank\">Pol\u00edcia Federal<\/a> em Bras\u00edlia, onde Bolsonaro est\u00e1 preso preventivamente.<\/p>\n<p>&#8220;Na noite de sexta-feira, dia 21 de novembro, o ex-presidente apresentou quadro de confus\u00e3o mental e alucina\u00e7\u00f5es, possivelmente induzido pelo uso do medicamento Pregabalina, receitado por outra m\u00e9dica, com objetivo de otimizar o tratamento, por\u00e9m sem conhecimento ou consentimento dessa equipe&#8221;, disse o relat\u00f3rio assinado pelos m\u00e9dicos.<\/p>\n<p>&#8220;Esse medicamento apresenta importante intera\u00e7\u00e3o com os medicamentos que ele [Bolsonaro] utiliza regularmente para tratamento de crises de solu\u00e7os (Clorpromazina e Gabapentina) e tem como reconhecidos efeitos colaterais a altera\u00e7\u00e3o do estado mental com a possibilidade de confus\u00e3o mental, desorienta\u00e7\u00e3o, coordena\u00e7\u00e3o anormal, seda\u00e7\u00e3o, transtorno de equil\u00edbrio, alucina\u00e7\u00f5es e transtornos cognitivos&#8221;, diz ainda o texto.<\/p>\n<p>De acordo com os m\u00e9dicos, o rem\u00e9dio foi suspenso e n\u00e3o h\u00e1 sintomas residuais at\u00e9 o momento.<\/p>\n<p>Bolsonaro foi preso preventivamente neste s\u00e1bado (22) pela PF por ordem do ministro <a href=\"https:\/\/www1.folha.uol.com.br\/folha-topicos\/alexandre-de-moraes\/\" rel=\"nofollow noopener\" target=\"_blank\">Alexandre de Moraes<\/a>, do <a href=\"https:\/\/www1.folha.uol.com.br\/folha-topicos\/stf\/\" rel=\"nofollow noopener\" target=\"_blank\">STF<\/a> (Supremo Tribunal Federal), sob a justificativa de risco de fuga e amea\u00e7a \u00e0 ordem p\u00fablica.<\/p>\n","protected":false},"excerpt":{"rendered":"A equipe m\u00e9dica de Jair Bolsonaro (PL) fala em um quadro de &#8220;confus\u00e3o mental e alucina\u00e7\u00f5es&#8221; para descrever&hellip;\n","protected":false},"author":2,"featured_media":162516,"comment_status":"","ping_status":"","sticky":false,"template":"","format":"standard","meta":{"footnotes":""},"categories":[8],"tags":[16297,27,28,15,16,236,4621,14,1125,16296,25,26,21,22,12,13,19,20,3239,1526,32,23,24,33,4179,17,18,29,30,31],"class_list":{"0":"post-162515","1":"post","2":"type-post","3":"status-publish","4":"format-standard","5":"has-post-thumbnail","7":"category-principais-noticias","8":"tag-ataque-a-democracia","9":"tag-breaking-news","10":"tag-breakingnews","11":"tag-featured-news","12":"tag-featurednews","13":"tag-folha","14":"tag-governo-bolsonaro","15":"tag-headlines","16":"tag-jair-bolsonaro","17":"tag-julgamento-de-bolsonaro","18":"tag-latest-news","19":"tag-latestnews","20":"tag-main-news","21":"tag-mainnews","22":"tag-news","23":"tag-noticias","24":"tag-noticias-principais","25":"tag-noticiasprincipais","26":"tag-pl","27":"tag-policia-federal","28":"tag-portugal","29":"tag-principais-noticias","30":"tag-principaisnoticias","31":"tag-pt","32":"tag-stf","33":"tag-top-stories","34":"tag-topstories","35":"tag-ultimas","36":"tag-ultimas-noticias","37":"tag-ultimasnoticias"},"share_on_mastodon":{"url":"https:\/\/pubeurope.com\/@pt\/115600821303137719","error":""},"_links":{"self":[{"href":"https:\/\/www.europesays.com\/pt\/wp-json\/wp\/v2\/posts\/162515","targetHints":{"allow":["GET"]}}],"collection":[{"href":"https:\/\/www.europesays.com\/pt\/wp-json\/wp\/v2\/posts"}],"about":[{"href":"https:\/\/www.europesays.com\/pt\/wp-json\/wp\/v2\/types\/post"}],"author":[{"embeddable":true,"href":"https:\/\/www.europesays.com\/pt\/wp-json\/wp\/v2\/users\/2"}],"replies":[{"embeddable":true,"href":"https:\/\/www.europesays.com\/pt\/wp-json\/wp\/v2\/comments?post=162515"}],"version-history":[{"count":0,"href":"https:\/\/www.europesays.com\/pt\/wp-json\/wp\/v2\/posts\/162515\/revisions"}],"wp:featuredmedia":[{"embeddable":true,"href":"https:\/\/www.europesays.com\/pt\/wp-json\/wp\/v2\/media\/162516"}],"wp:attachment":[{"href":"https:\/\/www.europesays.com\/pt\/wp-json\/wp\/v2\/media?parent=162515"}],"wp:term":[{"taxonomy":"category","embeddable":true,"href":"https:\/\/www.europesays.com\/pt\/wp-json\/wp\/v2\/categories?post=162515"},{"taxonomy":"post_tag","embeddable":true,"href":"https:\/\/www.europesays.com\/pt\/wp-json\/wp\/v2\/tags?post=162515"}],"curies":[{"name":"wp","href":"https:\/\/api.w.org\/{rel}","templated":true}]}}