{"id":162517,"date":"2025-11-23T20:08:13","date_gmt":"2025-11-23T20:08:13","guid":{"rendered":"https:\/\/www.europesays.com\/pt\/162517\/"},"modified":"2025-11-23T20:08:13","modified_gmt":"2025-11-23T20:08:13","slug":"luiz-fernando-guimaraes-revela-detalhes-de-novo-filme-de-os-normais","status":"publish","type":"post","link":"https:\/\/www.europesays.com\/pt\/162517\/","title":{"rendered":"Luiz Fernando Guimar\u00e3es revela detalhes de novo filme de &#8220;Os Normais&#8221;"},"content":{"rendered":"<p class=\"my-5 break-words group-[.isActiveSource]:text-xl\"><strong class=\"group-[.isActiveSource]:text-xl group-[.isActiveSource]:font-bold\">Luiz Fernando Guimar\u00e3es<\/strong> revelou que um terceiro filme de &#8220;<strong class=\"group-[.isActiveSource]:text-xl group-[.isActiveSource]:font-bold\">Os Normais<\/strong>&#8221; est\u00e1 escrito. O\u00a0ator contou detalhes da hist\u00f3ria, escrita por <strong class=\"group-[.isActiveSource]:text-xl group-[.isActiveSource]:font-bold\">Alexandre Machado<\/strong> &#8211; que assinava a s\u00e9rie exibida entre 2001 e 2003 na Globo com <strong class=\"group-[.isActiveSource]:text-xl group-[.isActiveSource]:font-bold\">Fernanda Young<\/strong> (1970-2019), no\u00a0&#8220;<strong class=\"group-[.isActiveSource]:text-xl group-[.isActiveSource]:font-bold\">Conversa com Bial<\/strong>&#8221; de sexta-feira (21).<\/p>\n<p class=\"my-5 break-words group-[.isActiveSource]:text-xl\">&#8220;Tem j\u00e1 escrito, t\u00e1 na Globo. A gente termina o segundo filme [&#8216;<strong class=\"group-[.isActiveSource]:text-xl group-[.isActiveSource]:font-bold\">Os Normais 2: a Noite mais Maluca de Todas<\/strong>&#8216;] se jogando no mar e desaparece. O terceiro filme come\u00e7a com <strong class=\"group-[.isActiveSource]:text-xl group-[.isActiveSource]:font-bold\">Rui<\/strong> e <strong class=\"group-[.isActiveSource]:text-xl group-[.isActiveSource]:font-bold\">Vani<\/strong> (Fernanda Torres) na ilha, como aquele personagem do <strong class=\"group-[.isActiveSource]:text-xl group-[.isActiveSource]:font-bold\">Tom Hanks<\/strong> no [filme] &#8216;N\u00e1ufrago&#8217;. Depois de muito tempo, eles voltam para o apartamento e a vidinha deles, mas como celebridades, e n\u00e3o conseguem lidar. \u00c9 sensacional, n\u00e9? Vai ser uma loucura&#8221;, diverte-se.<\/p>\n<p class=\"my-5 break-words group-[.isActiveSource]:text-xl\">&#8220;<strong class=\"group-[.isActiveSource]:text-xl group-[.isActiveSource]:font-bold\">Os Normais<\/strong>&#8221; teve tr\u00eas temporadas na TV, somando 71 epis\u00f3dios exibidos \u00e0s sextas-feiras ap\u00f3s o &#8220;<strong class=\"group-[.isActiveSource]:text-xl group-[.isActiveSource]:font-bold\">Globo Rep\u00f3rter<\/strong>&#8220;. Para os cinemas, foram produzidos dois filmes, em 2003 e 2009. Desde ent\u00e3o, parte dos f\u00e3s da s\u00e9rie pedem uma retomada dos epis\u00f3dios ou um novo filme.<\/p>\n<p><img decoding=\"async\" src=\"https:\/\/www.europesays.com\/pt\/wp-content\/uploads\/2025\/11\/os-normais-luiz-fernando-guimaraes-fernanda-torres-e1763913634398.png\" alt=\"Luiz Fernando Guimar\u00e3es e Fernanda Torres como Rui e Vani em &quot;Os Normais&quot; \u2022 Divulga\u00e7\u00e3o\/Globo\" width=\"849\" height=\"477\" class=\"flex size-full object-cover\" loading=\"lazy\"\/>Luiz Fernando Guimar\u00e3es e Fernanda Torres como Rui e Vani em &#8220;Os Normais&#8221; \u2022 Divulga\u00e7\u00e3o\/Globo<\/p>\n<p class=\"my-5 break-words group-[.isActiveSource]:text-xl\"><a href=\"https:\/\/www.cnnbrasil.com.br\/entretenimento\/luiz-fernando-guimaraes-sobre-paternidade-aos-70-coisa-preciosa\/\" target=\"_blank\" rel=\"noopener noreferrer nofollow\" class=\"text-red-600 underline hover:text-red-500 font-medium break-words group-[.isActiveSource]:text-xl\">Luiz Fernando<\/a> n\u00e3o citou uma previs\u00e3o para o projeto ser retomado nem se <strong class=\"group-[.isActiveSource]:text-xl group-[.isActiveSource]:font-bold\">Fernanda Torres<\/strong> <a href=\"https:\/\/www.cnnbrasil.com.br\/entretenimento\/fernanda-torres-de-vani-a-eunice-veja-personagens-marcantes-da-atriz\/\" target=\"_blank\" rel=\"noopener noreferrer nofollow\" class=\"text-red-600 underline hover:text-red-500 font-medium break-words group-[.isActiveSource]:text-xl\">aceitaria reviver Vani<\/a> na sequ\u00eancia.<\/p>\n<p class=\"my-5 break-words group-[.isActiveSource]:text-xl\">O ator comentou ainda sobre <strong class=\"group-[.isActiveSource]:text-xl group-[.isActiveSource]:font-bold\">D\u00e9bora Bloch<\/strong>, sua amiga de longa data, como <a href=\"https:\/\/www.cnnbrasil.com.br\/entretenimento\/vale-tudo-saiba-como-odete-roitman-sobreviveu-ao-tiro\/\" target=\"_blank\" rel=\"noopener noreferrer nofollow\" class=\"text-red-600 underline hover:text-red-500 font-medium break-words group-[.isActiveSource]:text-xl\"><strong class=\"group-[.isActiveSource]:text-xl group-[.isActiveSource]:font-bold\">Odete Roitman<\/strong><\/a> no remake de &#8220;<a href=\"https:\/\/www.cnnbrasil.com.br\/entretenimento\/tais-araujo-agradece-publico-apos-fim-de-vale-tudo-e-explica-silencio\/\" target=\"_blank\" rel=\"noopener noreferrer nofollow\" class=\"text-red-600 underline hover:text-red-500 font-medium break-words group-[.isActiveSource]:text-xl\"><strong class=\"group-[.isActiveSource]:text-xl group-[.isActiveSource]:font-bold\">Vale Tudo<\/strong><\/a>&#8220;.\u00a0 &#8220;Eu amei, s\u00f3 n\u00e3o gostei daquele peruc\u00e3o. Falei &#8216;filha, tira essa peruca, tira esse cabe\u00e7\u00e3o, amiga!&#8217; Mas ela \u00e9 uma atriz maravilhosa&#8221;.<\/p>\n","protected":false},"excerpt":{"rendered":"Luiz Fernando Guimar\u00e3es revelou que um terceiro filme de &#8220;Os Normais&#8221; est\u00e1 escrito. O\u00a0ator contou detalhes da hist\u00f3ria,&hellip;\n","protected":false},"author":2,"featured_media":162518,"comment_status":"","ping_status":"","sticky":false,"template":"","format":"standard","meta":{"footnotes":""},"categories":[145],"tags":[211,210,114,115,32,33],"class_list":{"0":"post-162517","1":"post","2":"type-post","3":"status-publish","4":"format-standard","5":"has-post-thumbnail","7":"category-celebridades","8":"tag-celebridades","9":"tag-celebrities","10":"tag-entertainment","11":"tag-entretenimento","12":"tag-portugal","13":"tag-pt"},"share_on_mastodon":{"url":"https:\/\/pubeurope.com\/@pt\/115600825308655224","error":""},"_links":{"self":[{"href":"https:\/\/www.europesays.com\/pt\/wp-json\/wp\/v2\/posts\/162517","targetHints":{"allow":["GET"]}}],"collection":[{"href":"https:\/\/www.europesays.com\/pt\/wp-json\/wp\/v2\/posts"}],"about":[{"href":"https:\/\/www.europesays.com\/pt\/wp-json\/wp\/v2\/types\/post"}],"author":[{"embeddable":true,"href":"https:\/\/www.europesays.com\/pt\/wp-json\/wp\/v2\/users\/2"}],"replies":[{"embeddable":true,"href":"https:\/\/www.europesays.com\/pt\/wp-json\/wp\/v2\/comments?post=162517"}],"version-history":[{"count":0,"href":"https:\/\/www.europesays.com\/pt\/wp-json\/wp\/v2\/posts\/162517\/revisions"}],"wp:featuredmedia":[{"embeddable":true,"href":"https:\/\/www.europesays.com\/pt\/wp-json\/wp\/v2\/media\/162518"}],"wp:attachment":[{"href":"https:\/\/www.europesays.com\/pt\/wp-json\/wp\/v2\/media?parent=162517"}],"wp:term":[{"taxonomy":"category","embeddable":true,"href":"https:\/\/www.europesays.com\/pt\/wp-json\/wp\/v2\/categories?post=162517"},{"taxonomy":"post_tag","embeddable":true,"href":"https:\/\/www.europesays.com\/pt\/wp-json\/wp\/v2\/tags?post=162517"}],"curies":[{"name":"wp","href":"https:\/\/api.w.org\/{rel}","templated":true}]}}