{"id":162521,"date":"2025-11-23T20:14:13","date_gmt":"2025-11-23T20:14:13","guid":{"rendered":"https:\/\/www.europesays.com\/pt\/162521\/"},"modified":"2025-11-23T20:14:13","modified_gmt":"2025-11-23T20:14:13","slug":"posso-estar-ao-nivel-dos-melhores-do-mundo-em-qualquer-disciplina","status":"publish","type":"post","link":"https:\/\/www.europesays.com\/pt\/162521\/","title":{"rendered":"\u00abPosso estar ao n\u00edvel dos melhores do mundo em qualquer disciplina\u00bb"},"content":{"rendered":"<p>Jos\u00e9 Carlos Pinto, em excelente momento, bateu a concorr\u00eancia para para se sagrar campe\u00e3o (22.14), ap\u00f3s as sete voltas ao percurso (7,47kms). O atleta, que corre como individual e que h\u00e1 um m\u00eas fez hist\u00f3ria na Noruega tornando-se no primeiro portugu\u00eas a correr abaixo dos 28 minutos nos 10 km estrada, deixou Miguel Moreira (Benfica), campe\u00e3o em 2024, em 2.\u00ba (22.19) e Etson Barros (Benfica) em terceiro (22.34). Pinto foi o quarto atleta a cortar meta e, naturalmente, o primeiro portugu\u00eas.<\/p>\n<p>\u00abEstou extremamente feliz por este t\u00edtulo. A primeira vez que fiz corta-mato longo foi h\u00e1 dois anos, a\u00ed tinha zero de prepara\u00e7\u00e3o e decidi entrar para ajudar a minha equipa. Hoje, estou com um background diferente deste \u00faltimo ano, e por isso foi diferente, estava muito confiante e sabia que posso estar ao n\u00edvel dos melhores do mundo em qualquer disciplina, ent\u00e3o n\u00e3o tinha nada a perder. Por isso decidi ir com os atletas estrangeiros e acho que tomei uma boa decis\u00e3o. \u00c9 uma sensa\u00e7\u00e3o muito boa conseguir o meu primeiro t\u00edtulo de campe\u00e3o no Nacional de Corta-Mato. N\u00e3o tinha d\u00favida alguma que hoje seria campe\u00e3o. Sei bem como me estou a treinar, o meu treinador tamb\u00e9m o sabe. O objetivo claramente n\u00e3o \u00e9 o nacional, \u00e9 o Europeu de Corta-Mato e vamos ver o que vai acontecer, pode ser algo engra\u00e7ado\u2026 \u00bb, deixou no ar, otimista. <\/p>\n<p>\u00abPara mais parto com um bocadinho mais de experi\u00eancia do que a concorr\u00eancia, porque j\u00e1 conhe\u00e7o o percurso e penso que isso pode ser decisivo. Quando aqui treinei pela primeira vez achei que era uma pista muito complicada\u2026 O terreno \u00e9 r\u00e1pido, se n\u00e3o chover no Europeu vai ser uma prova ainda mais r\u00e1pida do que esta. Mas a\u00ed tamb\u00e9m j\u00e1 vou estar melhor preparado, porque agora vamos entrar em est\u00e1gio e isso vai ser decisivo. Os meus objetivos em termos de carreira mant\u00eam-se inalterados, sou um atleta que continua a apostar forte nos 1500 metros, mas a nossa prepara\u00e7\u00e3o \u00e9 muito abrangente, gosto de correr e fa\u00e7o-o com gosto em qualquer disciplina\u00bb, rematou.<\/p>\n<p>Em masculinos, a luta individual foi intensa e contou com a ajuda de forte presen\u00e7a internacional, uma ajuda preciosa para o Benfica que conquistou o t\u00edtulo de campe\u00e3o nacional ap\u00f3s o triunfo na prova do queniano Victor Kimosop ,o primeiro atleta a chegar \u00e0 meta (21.56).<\/p>\n<p>O Sporting \u2013 o queniano Charles Rotich foi o primeiro entre os le\u00f5es, sendo Rui Pinto o 10.\u00ba classificado (6.\u00ba entre os nacionais) \u2013 e SC Braga (Edwin Bett, tamb\u00e9m queniano, o primeiro dos guerreiros que tiveram Jo\u00e3o Amaro (5.\u00ba nacional) como primeiro portugu\u00eas, ficaram com o segundo e o terceiro lugar nas contas dos clubes.<\/p>\n<p>            <img decoding=\"async\" src=\"https:\/\/www.europesays.com\/pt\/wp-content\/uploads\/2025\/11\/da290668-8a25-4bfe-b77d-1bcdc594b195.jpg\" alt=\"\" width=\"620\" class=\"w-full object-cover\"\/><\/p>\n<p>                    A estafeta mista do Benfica<\/p>\n<p>Nas estafetas mistas, os encarnados, com o campe\u00e3o mundial dos 1.500 metros Isaac Nader, Salom\u00e9 Afonso, Teresiah Gateri e Thomas Marques, venceram em 17.27 minutos, \u00e0 frente dos le\u00f5es Teresa Delfino, Rodrigo Lima, Patr\u00edcia Silva e Alex Macu\u00e1cua, que gastaram 18.27.<\/p>\n<p>\u00abEstou muito feliz por esta vit\u00f3ria coletiva na estafeta, na verdade a equipa fez praticamente o trabalho todo, t\u00ednhamos uma equipa muito forte, espero que em fevereiro consigamos revalidar o t\u00edtulo de campe\u00f5es da Europa de clubes, \u00e9 esse o objetivo principal do clube nesta vertente do corta-mato. Mas foi um sentimento de grande alegria, porque estava a correr em casa, com a minha equipa, por isso teve um sabor muito, muito bom ganhar em casa, uma sensa\u00e7\u00e3o como se calhar h\u00e1 muitos, muitos anos n\u00e3o senti. Mesmo com o n\u00edvel que, felizmente j\u00e1 atingi, poucas vezes ou nunca corri em casa\u2026 h\u00e1 muitos anos que n\u00e3o corro no Algarve e por isso s\u00e3o sempre momentos que me marcam e fico muito feliz por isso. Esta incurs\u00e3o no Corta-Mato \u00e9 simplesmente para ajudar o clube a sagrar-se campe\u00e3o nacional e inclu\u00edda na prepara\u00e7\u00e3o para fevereiro sermos campe\u00f5es da Europa\u00bb, destacou Isaac Nader.<\/p>\n","protected":false},"excerpt":{"rendered":"Jos\u00e9 Carlos Pinto, em excelente momento, bateu a concorr\u00eancia para para se sagrar campe\u00e3o (22.14), ap\u00f3s as sete&hellip;\n","protected":false},"author":2,"featured_media":162522,"comment_status":"","ping_status":"","sticky":false,"template":"","format":"standard","meta":{"footnotes":""},"categories":[87],"tags":[135,32,33,134],"class_list":{"0":"post-162521","1":"post","2":"type-post","3":"status-publish","4":"format-standard","5":"has-post-thumbnail","7":"category-desporto","8":"tag-desporto","9":"tag-portugal","10":"tag-pt","11":"tag-sports"},"share_on_mastodon":{"url":"https:\/\/pubeurope.com\/@pt\/115600848824553640","error":""},"_links":{"self":[{"href":"https:\/\/www.europesays.com\/pt\/wp-json\/wp\/v2\/posts\/162521","targetHints":{"allow":["GET"]}}],"collection":[{"href":"https:\/\/www.europesays.com\/pt\/wp-json\/wp\/v2\/posts"}],"about":[{"href":"https:\/\/www.europesays.com\/pt\/wp-json\/wp\/v2\/types\/post"}],"author":[{"embeddable":true,"href":"https:\/\/www.europesays.com\/pt\/wp-json\/wp\/v2\/users\/2"}],"replies":[{"embeddable":true,"href":"https:\/\/www.europesays.com\/pt\/wp-json\/wp\/v2\/comments?post=162521"}],"version-history":[{"count":0,"href":"https:\/\/www.europesays.com\/pt\/wp-json\/wp\/v2\/posts\/162521\/revisions"}],"wp:featuredmedia":[{"embeddable":true,"href":"https:\/\/www.europesays.com\/pt\/wp-json\/wp\/v2\/media\/162522"}],"wp:attachment":[{"href":"https:\/\/www.europesays.com\/pt\/wp-json\/wp\/v2\/media?parent=162521"}],"wp:term":[{"taxonomy":"category","embeddable":true,"href":"https:\/\/www.europesays.com\/pt\/wp-json\/wp\/v2\/categories?post=162521"},{"taxonomy":"post_tag","embeddable":true,"href":"https:\/\/www.europesays.com\/pt\/wp-json\/wp\/v2\/tags?post=162521"}],"curies":[{"name":"wp","href":"https:\/\/api.w.org\/{rel}","templated":true}]}}