{"id":162531,"date":"2025-11-23T20:21:15","date_gmt":"2025-11-23T20:21:15","guid":{"rendered":"https:\/\/www.europesays.com\/pt\/162531\/"},"modified":"2025-11-23T20:21:15","modified_gmt":"2025-11-23T20:21:15","slug":"a-ira-de-mourinho-foi-completa-e-coletiva-mas-houve-disparos-para-ivanovic-tomas-araujo-e-barrenechea-maisfutebol","status":"publish","type":"post","link":"https:\/\/www.europesays.com\/pt\/162531\/","title":{"rendered":"\u00abA ira de Mourinho foi completa e coletiva, mas houve disparos para Ivanovi\u0107, Tom\u00e1s Ara\u00fajo e Barrenechea\u00bb &#8211; Maisfutebol"},"content":{"rendered":"<ol>\n<li><a href=\"https:\/\/news.google.com\/rss\/articles\/CBMi8gFBVV95cUxOaVhIZHhUZld5MC1PcmJWWDdGdnN5MlpNbUppMUF2Mzg4RVpjOENVakZ1QkxlLVo2bkg4SS1uZGhoeDNTNEpMcjUyc1FHdm02dzlIX3lzQ3RhOC1lOHhTcGdYYkd1Vm5FM1Q2QUZCN25temt1S0llUnI2dWEwOFRtVHFzUExsbWVaRnZBczRNNWF3THVtWi1OLTNCOGlsQXBxQWtEYkpsQmFUYmctRlE2SUo0TlgtYTduOWZUWXJRVEtCTDYxYmRZZkNGYkEyd3piWHM2ZTd5d0p4ZXBfOVMwX2dBLXdETE9GbEZrUlUxNGcyUQ?oc=5\" target=\"_blank\" rel=\"nofollow noopener\">\u00abA ira de Mourinho foi completa e coletiva, mas houve disparos para Ivanovi\u0107, Tom\u00e1s Ara\u00fajo e Barrenechea\u00bb<\/a>&nbsp;&nbsp;Maisfutebol<\/li>\n<li><a href=\"https:\/\/news.google.com\/rss\/articles\/CBMiogJBVV95cUxPWmdMb2NZaHNfcUZkbllKV3F5SC1tOXlIcGZfZ0NCcy1QSzFyU09feU42RTc0V0t5bUVSN0VQNU4xRlFKX1h0M1ZwUW5kMUEwMFMwTEZycnFRMTFVQURIWGd3M2JveDFlU1lRMy1oaU00RHFBVTMxQkZaOGpiOGdIR3ZUTmlFNC1LdFlGbWtrTEN1SHJEMTZ3ejZoZUpZY29COTA5NEY4M3V6aVBmaEpjcS1PZDE5UkRtX0VfWWpUWUt0M0dvR2FpTFFmb3B1QUVrLVAtUW9lX0lGekhwWXh6TkM2aTV0NEVBNTY4UXY5SENvU3ZRYXRmVlczX21EYks4ZVJIVGN2emlQMGtjbW9CcFp1QldqcEJpRl9iYmNndEY0UdIBsAJBVV95cUxPcndYLXRDa19IdVpLTG5mbGotNU5kRUxvTWR5NnBaM2Q3a2xuT0JJU3k1SEI5dGlYY1VUTVFXbGx0WjBtWlN4bjhXeG9JZUNtdkp5a2Y1UTJzVUhyR2pLRUVsS2poR1UzU09vSFNWbEsyTlpCMXBVankzN0dJRjNraGQ0NFI3NU13VXpxVFlPQ3BTYW1UTFlBdGxiZncwZjhaUjcxdThHRWd5bHNsVVl4eXlNNE9qN2l3cXNqeXNTQi1JTklmcTV3d3FTcjFIN01nc2RfbEpoSjZpdS1PYm51ZHp4Vk5JN2hZbFBEelFjeXpMdUVuX3M3WW5ZS1BwNDh4T2JwSmtXd2RQaXhjRmRSQ01xTGVXWHQ3Z1JRNVU1SXM2TV9pRVZyNnpIcDZTWUJX?oc=5\" target=\"_blank\" rel=\"nofollow noopener\">Mourinho critica atua\u00e7\u00e3o de estrelas do Benfica ap\u00f3s duelo pela copa portuguesa: &#8216;N\u00e3o gosto de jogadores que me traem&#8217;<\/a>&nbsp;&nbsp;O Globo<\/li>\n<li><a href=\"https:\/\/news.google.com\/rss\/articles\/CBMi-AFBVV95cUxOQ3RkdmI4ajlhZzM4OExOOVZGQ0I4VFgzQ0R2dEMxRFVobHFtYUtMSFBKNzJNNzZ1Ym93SzZrNE9JVHJwUF9qRmpyMGdtUk91RnNaRXJxdV90cEFtbmlOWXZQbzh2MklKUW02TDZ0MDFFRUJuaXF0bDRrN1lvVHJkY0RPREZjUHZCUTVBZFZKbGpGbHRESTZLLXBzVjFpbV9YLXJmMzROdEdHQUhPdEYzR3RSZmZZT2NJeE5VQWR4UXJjb1g0R2k4ZGFRQTJ6Q2FULThyR193RkMySjlXYzdIMWhPem1pQ05CV0VuNlZMSmJyLXcwQ3dHOA?oc=5\" target=\"_blank\" rel=\"nofollow noopener\">Richard R\u00edos marca primeiro gol, e Benfica avan\u00e7a na Ta\u00e7a de Portugal<\/a>&nbsp;&nbsp;UOL<\/li>\n<li><a href=\"https:\/\/news.google.com\/rss\/articles\/CBMif0FVX3lxTFA3N0tBVldrcUpMM0gtUE1BRVZOUnRMZnVQcDRER0Q0WEMzb3lRQzhndGVQQUc2aDR0OGZoQlNMWm41LXMyMkRtWF90MjctTkphSEU0LUtZVDZwbEJ5TklkM0l3OFk5dXctVkxKdEFUVl80cHhUcWo1dmZVLWkzY1U?oc=5\" target=\"_blank\" rel=\"nofollow noopener\">18h30 Edi\u00e7\u00e3o Fernando Eurico<\/a>&nbsp;&nbsp;RTP<\/li>\n<li><a href=\"https:\/\/news.google.com\/rss\/articles\/CBMivAFBVV95cUxNS3JieFZrWDZMQ2k4eTVkMHZ2OFVPd2FQNmRiWXY4cF9QYjNSSkJSOXRYNTRYSzROMWdxYUUwUlh4ZVZDMDZzTmxNNlVPc2Zyb29vc3lnaHFBa1MtNzNTM2kxLXRzbHBzRGFlREJXTi1pNEk5N29xeXU3eFBJU04wUXlSWFp4RUhOX054SDF2UkZEWGN1aHZEYjZoM04wbTEyT1dhY0VWbjdhbFozVGRNMzdZOEhnMVJ6WmlEdg?oc=5\" target=\"_blank\" rel=\"nofollow noopener\">Le\u00e3o segue em frente na Ta\u00e7a: as melhores imagens do Sporting-Marinhense<\/a>&nbsp;&nbsp;A Bola<\/li>\n<\/ol>\n","protected":false},"excerpt":{"rendered":"\u00abA ira de Mourinho foi completa e coletiva, mas houve disparos para Ivanovi\u0107, Tom\u00e1s Ara\u00fajo e Barrenechea\u00bb&nbsp;&nbsp;Maisfutebol Mourinho&hellip;\n","protected":false},"author":2,"featured_media":162532,"comment_status":"","ping_status":"","sticky":false,"template":"","format":"standard","meta":{"footnotes":""},"categories":[8],"tags":[51,27,28,34487,15,16,261,14,1385,25,26,21,22,46,12,13,19,20,32,23,24,33,47,13676,4408,17,18,29,30,31],"class_list":{"0":"post-162531","1":"post","2":"type-post","3":"status-publish","4":"format-standard","5":"has-post-thumbnail","7":"category-principais-noticias","8":"tag-benfica","9":"tag-breaking-news","10":"tag-breakingnews","11":"tag-enzo-barrenechea","12":"tag-featured-news","13":"tag-featurednews","14":"tag-franjo-ivanovic","15":"tag-headlines","16":"tag-jose-mourinho","17":"tag-latest-news","18":"tag-latestnews","19":"tag-main-news","20":"tag-mainnews","21":"tag-maisfutebol","22":"tag-news","23":"tag-noticias","24":"tag-noticias-principais","25":"tag-noticiasprincipais","26":"tag-portugal","27":"tag-principais-noticias","28":"tag-principaisnoticias","29":"tag-pt","30":"tag-pura-paixao","31":"tag-taca-portugal","32":"tag-tomas-araujo","33":"tag-top-stories","34":"tag-topstories","35":"tag-ultimas","36":"tag-ultimas-noticias","37":"tag-ultimasnoticias"},"share_on_mastodon":{"url":"","error":"Validation failed: Text character limit of 500 exceeded"},"_links":{"self":[{"href":"https:\/\/www.europesays.com\/pt\/wp-json\/wp\/v2\/posts\/162531","targetHints":{"allow":["GET"]}}],"collection":[{"href":"https:\/\/www.europesays.com\/pt\/wp-json\/wp\/v2\/posts"}],"about":[{"href":"https:\/\/www.europesays.com\/pt\/wp-json\/wp\/v2\/types\/post"}],"author":[{"embeddable":true,"href":"https:\/\/www.europesays.com\/pt\/wp-json\/wp\/v2\/users\/2"}],"replies":[{"embeddable":true,"href":"https:\/\/www.europesays.com\/pt\/wp-json\/wp\/v2\/comments?post=162531"}],"version-history":[{"count":0,"href":"https:\/\/www.europesays.com\/pt\/wp-json\/wp\/v2\/posts\/162531\/revisions"}],"wp:featuredmedia":[{"embeddable":true,"href":"https:\/\/www.europesays.com\/pt\/wp-json\/wp\/v2\/media\/162532"}],"wp:attachment":[{"href":"https:\/\/www.europesays.com\/pt\/wp-json\/wp\/v2\/media?parent=162531"}],"wp:term":[{"taxonomy":"category","embeddable":true,"href":"https:\/\/www.europesays.com\/pt\/wp-json\/wp\/v2\/categories?post=162531"},{"taxonomy":"post_tag","embeddable":true,"href":"https:\/\/www.europesays.com\/pt\/wp-json\/wp\/v2\/tags?post=162531"}],"curies":[{"name":"wp","href":"https:\/\/api.w.org\/{rel}","templated":true}]}}