{"id":162535,"date":"2025-11-23T20:25:16","date_gmt":"2025-11-23T20:25:16","guid":{"rendered":"https:\/\/www.europesays.com\/pt\/162535\/"},"modified":"2025-11-23T20:25:16","modified_gmt":"2025-11-23T20:25:16","slug":"luciana-abreu-deixa-novo-esclarecimento-a-minha-saida-e-apenas-motivada-por","status":"publish","type":"post","link":"https:\/\/www.europesays.com\/pt\/162535\/","title":{"rendered":"Luciana Abreu deixa novo &#8216;esclarecimento&#8217;: &#8220;A minha sa\u00edda \u00e9 apenas motivada por&#8230;&#8221;"},"content":{"rendered":"<p style=\"text-align: start;\">E, antevendo-se que Luciana deixar\u00e1 uma mensagem de <strong>despedida<\/strong>, o certo \u00e9 que a comunicadora voltou a prestar declara\u00e7\u00f5es sobre esta nova fase da sua vida, que se aproxima. Aproveitando, tamb\u00e9m, para deixar mais alguns <strong>esclarecimentos<\/strong>.<\/p>\n<p>SIC <\/p>\n<p style=\"text-align: start;\">Em entrevista \u00e0 revista &#8216;Nova Gente&#8217;, a atriz confessou os principais motivos que a levaram a sair da SIC, mencionando n\u00e3o s\u00f3 novos desafios profissionais&#8230; como tamb\u00e9m a <strong>import\u00e2ncia da liga\u00e7\u00e3o \u00e0s filhas, sobretudo \u00e0s mais novas<\/strong> &#8211; as g\u00e9meas <strong>Amoor <\/strong>e <strong>Valentine <\/strong>&#8211; e a sua necessidade em acompanhar, mais de perto, o seu crescimento.<\/p>\n<p style=\"text-align: start;\">&#8220;N\u00e3o h\u00e1 qualquer tipo de problema com absolutamente ningu\u00e9m. A minha sa\u00edda da SIC \u00e9 motivada apenas por querer abra\u00e7ar projetos diferentes e por querer acompanhar mais as minhas filhas, principalmente ao final de semana&#8221;, disse desde logo.<\/p>\n<p style=\"text-align: start;\">E justificou: &#8220;Cada vez me tem custado mais n\u00e3o acompanhar as minhas g\u00e9meas e v\u00ea-las ficar tristes por me verem sair de casa depois do almo\u00e7o de s\u00e1bado para ir embora para o Doming\u00e3o. Est\u00e3o a crescer t\u00e3o r\u00e1pido e eu quero aproveitar o m\u00e1ximo poss\u00edvel da companhia delas&#8221;.<\/p>\n<p style=\"text-align: start;\">&#8220;Durante a semana, est\u00e3o o dia todo na escola e ao final de semana n\u00e3o estou eu em casa. E quem diz as g\u00e9meas diz as minhas filhas mais velhas, embora estas j\u00e1 estejam numa fase diferente e j\u00e1 tenham tardes livres na escola, o que me permite um bocadinho mais de tempo com elas&#8221;, rematou.<\/p>\n","protected":false},"excerpt":{"rendered":"E, antevendo-se que Luciana deixar\u00e1 uma mensagem de despedida, o certo \u00e9 que a comunicadora voltou a prestar&hellip;\n","protected":false},"author":2,"featured_media":162536,"comment_status":"","ping_status":"","sticky":false,"template":"","format":"standard","meta":{"footnotes":""},"categories":[142],"tags":[114,115,32,33,151],"class_list":{"0":"post-162535","1":"post","2":"type-post","3":"status-publish","4":"format-standard","5":"has-post-thumbnail","7":"category-tv","8":"tag-entertainment","9":"tag-entretenimento","10":"tag-portugal","11":"tag-pt","12":"tag-tv"},"share_on_mastodon":{"url":"https:\/\/pubeurope.com\/@pt\/115600891759383692","error":""},"_links":{"self":[{"href":"https:\/\/www.europesays.com\/pt\/wp-json\/wp\/v2\/posts\/162535","targetHints":{"allow":["GET"]}}],"collection":[{"href":"https:\/\/www.europesays.com\/pt\/wp-json\/wp\/v2\/posts"}],"about":[{"href":"https:\/\/www.europesays.com\/pt\/wp-json\/wp\/v2\/types\/post"}],"author":[{"embeddable":true,"href":"https:\/\/www.europesays.com\/pt\/wp-json\/wp\/v2\/users\/2"}],"replies":[{"embeddable":true,"href":"https:\/\/www.europesays.com\/pt\/wp-json\/wp\/v2\/comments?post=162535"}],"version-history":[{"count":0,"href":"https:\/\/www.europesays.com\/pt\/wp-json\/wp\/v2\/posts\/162535\/revisions"}],"wp:featuredmedia":[{"embeddable":true,"href":"https:\/\/www.europesays.com\/pt\/wp-json\/wp\/v2\/media\/162536"}],"wp:attachment":[{"href":"https:\/\/www.europesays.com\/pt\/wp-json\/wp\/v2\/media?parent=162535"}],"wp:term":[{"taxonomy":"category","embeddable":true,"href":"https:\/\/www.europesays.com\/pt\/wp-json\/wp\/v2\/categories?post=162535"},{"taxonomy":"post_tag","embeddable":true,"href":"https:\/\/www.europesays.com\/pt\/wp-json\/wp\/v2\/tags?post=162535"}],"curies":[{"name":"wp","href":"https:\/\/api.w.org\/{rel}","templated":true}]}}