{"id":162539,"date":"2025-11-23T20:28:08","date_gmt":"2025-11-23T20:28:08","guid":{"rendered":"https:\/\/www.europesays.com\/pt\/162539\/"},"modified":"2025-11-23T20:28:08","modified_gmt":"2025-11-23T20:28:08","slug":"todos-os-apurados-para-os-oitavos-de-final-da-taca-de-portugal","status":"publish","type":"post","link":"https:\/\/www.europesays.com\/pt\/162539\/","title":{"rendered":"Todos os apurados para os oitavos de final da Ta\u00e7a de Portugal"},"content":{"rendered":"<p>J\u00e1 este domingo, num jogo entre equipas da <a target=\"_blank\" class=\"editor-link autolink-enabled\" href=\"https:\/\/www.abola.pt\/futebol\/competicao\/liga-portugal-2-meu-super-111\" data-resource-id=\"111\" data-resource-type=\"competition\" data-sport=\"football\" rel=\"nofollow noopener\">Liga 2<\/a>, o <a target=\"_blank\" class=\"editor-link autolink-enabled\" href=\"https:\/\/www.abola.pt\/futebol\/torreense-4771\" data-resource-id=\"4771\" data-resource-type=\"team\" data-sport=\"football\" rel=\"nofollow noopener\">Torreense<\/a>, vice-l\u00edder, venceu por 1-0 o <a target=\"_blank\" class=\"editor-link autolink-enabled\" href=\"https:\/\/www.abola.pt\/futebol\/lusitania-de-lourosa-5644\" data-resource-id=\"5644\" data-resource-type=\"team\" data-sport=\"football\" rel=\"nofollow noopener\">Lusit\u00e2nia de Lourosa<\/a>, pen\u00faltimo, por 1-0, enquanto o <a target=\"_blank\" class=\"editor-link autolink-enabled\" href=\"https:\/\/www.abola.pt\/futebol\/caldas-5655\" data-resource-id=\"5655\" data-resource-type=\"team\" data-sport=\"football\" rel=\"nofollow noopener\">Caldas<\/a> surpreendeu e eliminou, nas grandes penalidades, o <a target=\"_blank\" class=\"editor-link autolink-enabled\" href=\"https:\/\/www.abola.pt\/futebol\/tondela-467\" data-resource-id=\"467\" data-resource-type=\"team\" data-sport=\"football\" rel=\"nofollow noopener\">Tondela<\/a>. J\u00e1 no Minho, o <a class=\"autolink-enabled\" data-resource-id=\"457\" data-resource-type=\"team\" data-sport=\"football\" href=\"https:\/\/www.abola.pt\/futebol\/sc-braga-457\" rel=\"nofollow noopener\" target=\"_blank\">SC Braga<\/a> confirmou o favoritismo e afastou o <a class=\"autolink-enabled\" data-resource-id=\"463\" data-resource-type=\"team\" data-sport=\"football\" href=\"https:\/\/www.abola.pt\/futebol\/nacional-463\" rel=\"nofollow noopener\" target=\"_blank\">Nacional<\/a> (4-2).<\/p>\n<p>O <a target=\"_blank\" class=\"editor-link autolink-enabled\" href=\"https:\/\/www.abola.pt\/futebol\/aves-sad-5657\" data-resource-id=\"5657\" data-resource-type=\"team\" data-sport=\"football\" rel=\"nofollow noopener\">Aves SAD<\/a> esteve \u00e0 beira de tornar-se na primeira equipa da <a target=\"_blank\" class=\"editor-link autolink-enabled\" href=\"https:\/\/www.abola.pt\/futebol\/competicao\/liga-portugal-betclic-13\" data-resource-id=\"13\" data-resource-type=\"competition\" data-sport=\"football\" rel=\"nofollow noopener\">Liga<\/a> a ser eliminada na 4.\u00aa eliminat\u00f3ria, mas sorriu nos pen\u00e1ltis, no s\u00e1bado, no \u00fanico nulo da ronda, at\u00e9 ao momento.<\/p>\n<p>O sorteio dos oitavos e dos quartos de final da <a class=\"autolink-enabled\" data-resource-id=\"112\" data-resource-type=\"competition\" data-sport=\"football\" href=\"https:\/\/www.abola.pt\/futebol\/competicao\/taca-de-portugal-112\" rel=\"nofollow noopener\" target=\"_blank\">Ta\u00e7a de Portugal<\/a> est\u00e1 agendado para as 14h30 de ter\u00e7a-feira, na Cidade do Futebol.<\/p>\n","protected":false},"excerpt":{"rendered":"J\u00e1 este domingo, num jogo entre equipas da Liga 2, o Torreense, vice-l\u00edder, venceu por 1-0 o Lusit\u00e2nia&hellip;\n","protected":false},"author":2,"featured_media":162540,"comment_status":"","ping_status":"","sticky":false,"template":"","format":"standard","meta":{"footnotes":""},"categories":[87],"tags":[135,32,33,134],"class_list":{"0":"post-162539","1":"post","2":"type-post","3":"status-publish","4":"format-standard","5":"has-post-thumbnail","7":"category-desporto","8":"tag-desporto","9":"tag-portugal","10":"tag-pt","11":"tag-sports"},"share_on_mastodon":{"url":"https:\/\/pubeurope.com\/@pt\/115600903689838143","error":""},"_links":{"self":[{"href":"https:\/\/www.europesays.com\/pt\/wp-json\/wp\/v2\/posts\/162539","targetHints":{"allow":["GET"]}}],"collection":[{"href":"https:\/\/www.europesays.com\/pt\/wp-json\/wp\/v2\/posts"}],"about":[{"href":"https:\/\/www.europesays.com\/pt\/wp-json\/wp\/v2\/types\/post"}],"author":[{"embeddable":true,"href":"https:\/\/www.europesays.com\/pt\/wp-json\/wp\/v2\/users\/2"}],"replies":[{"embeddable":true,"href":"https:\/\/www.europesays.com\/pt\/wp-json\/wp\/v2\/comments?post=162539"}],"version-history":[{"count":0,"href":"https:\/\/www.europesays.com\/pt\/wp-json\/wp\/v2\/posts\/162539\/revisions"}],"wp:featuredmedia":[{"embeddable":true,"href":"https:\/\/www.europesays.com\/pt\/wp-json\/wp\/v2\/media\/162540"}],"wp:attachment":[{"href":"https:\/\/www.europesays.com\/pt\/wp-json\/wp\/v2\/media?parent=162539"}],"wp:term":[{"taxonomy":"category","embeddable":true,"href":"https:\/\/www.europesays.com\/pt\/wp-json\/wp\/v2\/categories?post=162539"},{"taxonomy":"post_tag","embeddable":true,"href":"https:\/\/www.europesays.com\/pt\/wp-json\/wp\/v2\/tags?post=162539"}],"curies":[{"name":"wp","href":"https:\/\/api.w.org\/{rel}","templated":true}]}}