{"id":162543,"date":"2025-11-23T20:33:11","date_gmt":"2025-11-23T20:33:11","guid":{"rendered":"https:\/\/www.europesays.com\/pt\/162543\/"},"modified":"2025-11-23T20:33:11","modified_gmt":"2025-11-23T20:33:11","slug":"presidente-dos-estados-unidos-volta-a-criticar-zelensky","status":"publish","type":"post","link":"https:\/\/www.europesays.com\/pt\/162543\/","title":{"rendered":"Presidente dos Estados Unidos volta a criticar Zelensky"},"content":{"rendered":"<p>                As cr\u00edticas de Donald Trump surgem num momento em que que est\u00e1 em cima da mesa o\u00a0<a href=\"https:\/\/www.rtp.pt\/noticias\/mundo\/plano-de-paz-de-trump_n1699873\" target=\"_blank\" rel=\"nofollow noopener\">Plano de Paz proposto pelas autoridades norte-americanas<\/a>.<\/p>\n<p>Nesse plano, Kiev deve aceitar v\u00e1rias exig\u00eancias da R\u00fassia, como a ced\u00eancia de territ\u00f3rios e a ren\u00fancia a uma eventual integra\u00e7\u00e3o na NATO.<\/p>\n<p>          <img decoding=\"async\" itemprop=\"image\" class=\"img-fluid\"   src=\"https:\/\/www.europesays.com\/pt\/wp-content\/uploads\/2025\/11\/788d7f486b976629cfed9f02605d3b64_N.jpg\"\/><\/p>\n<p>\nZelensky tem at\u00e9 quinta-feira para responder a este plano imposto por Donald Trump.<\/p>\n<p>&#13;<br \/>\nEste domingo foi dia de reuni\u00f5es em Gen\u00e8ve, na Su\u00ed\u00e7a, com encontros entre representantes ucranianos, europeus e norte-americanos.&#13;\n<\/p>\n<p>&#13;<br \/>\nDos Estados Unidos viajou o secret\u00e1rio de Estado Marco Rubio.&#13;\n<\/p>\n<p>No que indicia uma mudan\u00e7a face \u00e0s cr\u00edticas com que encerrou a semana,\u00a0Volodymyr Zelensky poder\u00e1 ter mudado a agulha em rela\u00e7\u00e3o ao plano de paz de Trump para o conflito.<\/p>\n<p>\u00c9 o que indiciam as declara\u00e7\u00f5es do presidente ucraniano ap\u00f3s encontros em Gen\u00e8ve. Volodymyr Zelensky admitia que o plano americano para p\u00f4r fim \u00e0 guerra com a R\u00fassia poderia incluir as &#8220;perspetivas ucranianas&#8221;.&#13;\n<\/p>\n<p>&#13;<br \/>\n<br \/>&#13;<br \/>\n&#8220;Parece que as propostas americanas podem incluir uma s\u00e9rie de elementos baseados nas perspetivas ucranianas e essenciais para os interesses nacionais da Ucr\u00e2nia&#8221;, escreveu Zelensky na rede social X.<br \/>&#13;<\/p>\n","protected":false},"excerpt":{"rendered":"As cr\u00edticas de Donald Trump surgem num momento em que que est\u00e1 em cima da mesa o\u00a0Plano de&hellip;\n","protected":false},"author":2,"featured_media":162544,"comment_status":"","ping_status":"","sticky":false,"template":"","format":"standard","meta":{"footnotes":""},"categories":[50],"tags":[27,28,15,16,14,25,26,21,22,62,12,13,19,20,23,24,420,421,17,18,29,30,31,63,64,65],"class_list":{"0":"post-162543","1":"post","2":"type-post","3":"status-publish","4":"format-standard","5":"has-post-thumbnail","7":"category-mundo","8":"tag-breaking-news","9":"tag-breakingnews","10":"tag-featured-news","11":"tag-featurednews","12":"tag-headlines","13":"tag-latest-news","14":"tag-latestnews","15":"tag-main-news","16":"tag-mainnews","17":"tag-mundo","18":"tag-news","19":"tag-noticias","20":"tag-noticias-principais","21":"tag-noticiasprincipais","22":"tag-principais-noticias","23":"tag-principaisnoticias","24":"tag-rtp","25":"tag-rtp-noticias","26":"tag-top-stories","27":"tag-topstories","28":"tag-ultimas","29":"tag-ultimas-noticias","30":"tag-ultimasnoticias","31":"tag-world","32":"tag-world-news","33":"tag-worldnews"},"share_on_mastodon":{"url":"https:\/\/pubeurope.com\/@pt\/115600923706281221","error":""},"_links":{"self":[{"href":"https:\/\/www.europesays.com\/pt\/wp-json\/wp\/v2\/posts\/162543","targetHints":{"allow":["GET"]}}],"collection":[{"href":"https:\/\/www.europesays.com\/pt\/wp-json\/wp\/v2\/posts"}],"about":[{"href":"https:\/\/www.europesays.com\/pt\/wp-json\/wp\/v2\/types\/post"}],"author":[{"embeddable":true,"href":"https:\/\/www.europesays.com\/pt\/wp-json\/wp\/v2\/users\/2"}],"replies":[{"embeddable":true,"href":"https:\/\/www.europesays.com\/pt\/wp-json\/wp\/v2\/comments?post=162543"}],"version-history":[{"count":0,"href":"https:\/\/www.europesays.com\/pt\/wp-json\/wp\/v2\/posts\/162543\/revisions"}],"wp:featuredmedia":[{"embeddable":true,"href":"https:\/\/www.europesays.com\/pt\/wp-json\/wp\/v2\/media\/162544"}],"wp:attachment":[{"href":"https:\/\/www.europesays.com\/pt\/wp-json\/wp\/v2\/media?parent=162543"}],"wp:term":[{"taxonomy":"category","embeddable":true,"href":"https:\/\/www.europesays.com\/pt\/wp-json\/wp\/v2\/categories?post=162543"},{"taxonomy":"post_tag","embeddable":true,"href":"https:\/\/www.europesays.com\/pt\/wp-json\/wp\/v2\/tags?post=162543"}],"curies":[{"name":"wp","href":"https:\/\/api.w.org\/{rel}","templated":true}]}}